{"id":47089,"date":"2018-04-09T22:15:56","date_gmt":"2018-04-10T01:15:56","guid":{"rendered":"http:\/\/caririemacao.com\/1\/?p=47089"},"modified":"2018-04-09T22:15:56","modified_gmt":"2018-04-10T01:15:56","slug":"temer-dara-posse-a-nove-ministros-nesta-terca-feira","status":"publish","type":"post","link":"https:\/\/www.caririemacao.com\/1\/2018\/04\/09\/temer-dara-posse-a-nove-ministros-nesta-terca-feira\/","title":{"rendered":"Temer dar\u00e1 posse a nove ministros nesta ter\u00e7a-feira"},"content":{"rendered":"<p><span class=\"news_capital_letter\">O\u00a0<\/span>presidente Michel Temer dar\u00e1 posse nesta ter\u00e7a-feira, 10, a pelo menos nove novos ministros em cerim\u00f4nia que ser\u00e1 realizada no Pal\u00e1cio do Planalto, \u00e0s 15 horas. O atual interino da Fazenda, Eduardo Guardia, ser\u00e1 oficializado no lugar de Henrique Meirelles, que deixou o cargo na \u00faltima sexta-feira para tentar concorrer \u00e0s elei\u00e7\u00f5es de outubro.<\/p>\n<p>Segundo apurou o Broadcast, servi\u00e7o de not\u00edcias em tempo real do Grupo Estado, Marcos Jorge, que est\u00e1 interinamente no Minist\u00e9rio da Ind\u00fastria, Com\u00e9rcio Exterior e Servi\u00e7os (MDIC), tamb\u00e9m ser\u00e1 efetivado na cerim\u00f4nia de amanh\u00e3. Um dos conselheiros de Temer, o ministro Moreira Franco assumir\u00e1 amanh\u00e3 o Minist\u00e9rio de Minas e Energia e deixar\u00e1 a Secret\u00e1ria-Geral, pelo menos por enquanto no comando do secret\u00e1rio-executivo da pasta, Joaquim de Lima Oliveira. Segundo fontes do Planalto, apesar de Moreira levar para o MME as discuss\u00f5es em torno da Eletrobras, o Programa de Parcerias e Investimentos (PPI) deve continuar a cargo da Secretaria-geral.<\/p>\n<p>Auxiliares do presidente confirmaram ainda que o novo ministro da Integra\u00e7\u00e3o Nacional ser\u00e1 Antonio de Padua de Deus, que era secret\u00e1rio de Infraestrutura de Recursos H\u00eddricos da pasta e foi uma indica\u00e7\u00e3o de Helder Barbalho e de seu pai Jader Barbalho.<\/p>\n<p>H\u00e1 pouco, o governo tamb\u00e9m definiu que, para o lugar de Eduardo Picciani, no Esporte, assumir\u00e1 Leandro Cruz Fr\u00f3es da Silva, que j\u00e1 era secret\u00e1rio nacional de Esporte, Educa\u00e7\u00e3o, Lazer e Inclus\u00e3o Social.<\/p>\n<p>Tamb\u00e9m tomar\u00e1 posse amanh\u00e3 os novos ministros do Planejamento, Esteves Colnago, e do Desenvolvimento Social, Alberto Beltrame, que tiveram a cerim\u00f4nia cancelada na semana passada. Colnago assume no lugar de Dyogo Oliveira, que assumiu hoje o Banco Nacional de Desenvolvimento Econ\u00f4mico e Social (BNDES), e Beltrame, no lugar de Osmar Terra (MDB), que voltar\u00e1 \u00e0 C\u00e2mara para tentar novo mandato pelo Rio Grande do Sul.<\/p>\n<p>Haver\u00e1 tamb\u00e9m a posse do novo ministro da Educa\u00e7\u00e3o. O deputado federal Mendon\u00e7a Filho (DEM) acertou com Temer a indica\u00e7\u00e3o do secret\u00e1rio de Educa\u00e7\u00e3o B\u00e1sica, Rossieli Soares da Silva. E o presidente da Embratur, Vin\u00edcius Lummertz, assumir\u00e1 o minist\u00e9rio do Turismo, no lugar de Marx Beltr\u00e3o.<\/p>\n<p><strong>Indefini\u00e7\u00f5es<\/strong><\/p>\n<p>O minist\u00e9rio do Meio Ambiente, que antes era comandando por Sarney Filho, ainda n\u00e3o tem a sucess\u00e3o fechada e por enquanto ficar\u00e1 no comando o secret\u00e1rio-executivo, Edson Duarte, como interino.<\/p>\n<p>No caso do Minist\u00e9rio do Trabalho, Helton Yomura, que foi o novo nome indicado pelo PTB para assumir de vez a pasta, ainda n\u00e3o ser\u00e1 confirmado. Segundo auxiliares do presidente, pode ser que Yomura fique no cargo, mas a tend\u00eancia \u00e9 que novas negocia\u00e7\u00f5es sejam feitas antes da confirma\u00e7\u00e3o.<\/p>\n<p>Auxiliares dizem ainda que os Minist\u00e9rios da Defesa, hoje interinamente com o general Joaquim Silva e Luna; da Transpar\u00eancia, sob o comando de Wagner de Campos Ros\u00e1rio; e dos Direitos Humanos, com Gustavo do Vale Rocha \u00e0 frente, ainda n\u00e3o devem ter mudan\u00e7as.<\/p>\n<p><strong>CARIRI EM A\u00c7\u00c3O<\/strong><\/p>\n<p><em>Com Politica ao Minuto\/Foto: Reprodu\u00e7\u00e3o google<\/em><\/p>\n<p><strong>Leia mais not\u00edcias em\u00a0<\/strong><a href=\"http:\/\/www.caririemacao.com\/\"><strong>caririemacao.com<\/strong><\/a><strong>, siga nossa p\u00e1gina no\u00a0<\/strong><a href=\"https:\/\/www.facebook.com\/CaririEmAcao\/?ref=aymt_homepage_panel\"><strong>Facebook<\/strong><\/a>,<strong>\u00a0<\/strong><a href=\"https:\/\/www.instagram.com\/cariri_em_acao\/?hl=pt-br\"><strong>Instagram<\/strong><\/a><strong>\u00a0e\u00a0<\/strong><a href=\"https:\/\/www.youtube.com\/channel\/UCAptA0jQuYQy8vMhLt2m4qg\"><strong>Youtube<\/strong><\/a><strong>\u00a0e veja nossas mat\u00e9rias, v\u00eddeos e fotos. Voc\u00ea tamb\u00e9m pode enviar informa\u00e7\u00f5es \u00e0 Reda\u00e7\u00e3o do Portal Cariri em A\u00e7\u00e3o pelo WhatsApp (83) 9 9634.5791, (83) 9 9601-1162.<\/strong><\/p>\n","protected":false},"excerpt":{"rendered":"<p>O\u00a0presidente Michel Temer dar\u00e1 posse nesta ter\u00e7a-feira, 10, a pelo menos nove novos ministros em cerim\u00f4nia que ser\u00e1 realizada no Pal\u00e1cio do Planalto, \u00e0s 15&hellip; <\/p>\n","protected":false},"author":2,"featured_media":47090,"comment_status":"closed","ping_status":"closed","sticky":false,"template":"","format":"standard","meta":{"sfsi_plus_gutenberg_text_before_share":"","sfsi_plus_gutenberg_show_text_before_share":"","sfsi_plus_gutenberg_icon_type":"","sfsi_plus_gutenberg_icon_alignemt":"","sfsi_plus_gutenburg_max_per_row":"","footnotes":""},"categories":[2],"tags":[],"class_list":["post-47089","post","type-post","status-publish","format-standard","has-post-thumbnail","hentry","category-geral"],"_links":{"self":[{"href":"https:\/\/www.caririemacao.com\/1\/wp-json\/wp\/v2\/posts\/47089","targetHints":{"allow":["GET"]}}],"collection":[{"href":"https:\/\/www.caririemacao.com\/1\/wp-json\/wp\/v2\/posts"}],"about":[{"href":"https:\/\/www.caririemacao.com\/1\/wp-json\/wp\/v2\/types\/post"}],"author":[{"embeddable":true,"href":"https:\/\/www.caririemacao.com\/1\/wp-json\/wp\/v2\/users\/2"}],"replies":[{"embeddable":true,"href":"https:\/\/www.caririemacao.com\/1\/wp-json\/wp\/v2\/comments?post=47089"}],"version-history":[{"count":0,"href":"https:\/\/www.caririemacao.com\/1\/wp-json\/wp\/v2\/posts\/47089\/revisions"}],"wp:featuredmedia":[{"embeddable":true,"href":"https:\/\/www.caririemacao.com\/1\/wp-json\/wp\/v2\/media\/47090"}],"wp:attachment":[{"href":"https:\/\/www.caririemacao.com\/1\/wp-json\/wp\/v2\/media?parent=47089"}],"wp:term":[{"taxonomy":"category","embeddable":true,"href":"https:\/\/www.caririemacao.com\/1\/wp-json\/wp\/v2\/categories?post=47089"},{"taxonomy":"post_tag","embeddable":true,"href":"https:\/\/www.caririemacao.com\/1\/wp-json\/wp\/v2\/tags?post=47089"}],"curies":[{"name":"wp","href":"https:\/\/api.w.org\/{rel}","templated":true}]}}