{"id":47092,"date":"2018-04-09T22:18:52","date_gmt":"2018-04-10T01:18:52","guid":{"rendered":"http:\/\/caririemacao.com\/1\/?p=47092"},"modified":"2018-04-09T22:18:52","modified_gmt":"2018-04-10T01:18:52","slug":"sem-fim-do-foro-justica-prende-lula-mas-nao-aecio-e-temer-diz-marina","status":"publish","type":"post","link":"https:\/\/www.caririemacao.com\/1\/2018\/04\/09\/sem-fim-do-foro-justica-prende-lula-mas-nao-aecio-e-temer-diz-marina\/","title":{"rendered":"Sem fim do foro, Justi\u00e7a prende Lula, mas n\u00e3o A\u00e9cio e Temer, diz Marina"},"content":{"rendered":"<p><span class=\"news_capital_letter\">A\u00a0<\/span>pr\u00e9-candidata ao Planalto Marina Silva (Rede) disse nesta segunda-feira (9) que, sem o fim do foro especial, a Justi\u00e7a que levou o ex-presidente Lula \u00e0 cadeia n\u00e3o tratar\u00e1 da mesma forma outros investigados na Lava Jato como o presidente Michel Temer (MDB) e o senador A\u00e9cio Neves (PSDB).<\/p>\n<p>&#8220;Se n\u00e3o colocarmos fim ao foro privilegiado, teremos uma situa\u00e7\u00e3o de dois pesos e duas medidas, em que empres\u00e1rios que n\u00e3o t\u00eam foro e pol\u00edticos que n\u00e3o t\u00eam foro pagar\u00e3o corretamente por seus erros.<\/p>\n<p>Deputados, senadores, presidente da Rep\u00fablica e ministros ficar\u00e3o tripudiando da sociedade&#8221;, disse Marina, em Porto Alegre.<\/p>\n<p>&#8220;Ainda temos mais de 200 deputados que est\u00e3o escondidos atr\u00e1s do foro privilegiado. \u00c9 s\u00f3 ver o senador A\u00e9cio Neves, o senador Renan Calheiros, o senador Romero Juc\u00e1, o presidente Michel Temer, o ministro Padilha, Moreira Franco\u00a0e tantos outros&#8221;, citou.<\/p>\n<p>A pr\u00e9-candidata participa do F\u00f3rum da Liberdade, evento organizado pelo Instituto de Estudos Empresariais, que prega\u00a0o liberalismo. Outros presidenci\u00e1veis, como Geraldo Alckmin (PSDB), Ciro Gomes (PDT) e Jo\u00e3o Amoedo (Novo), tamb\u00e9m est\u00e3o entre os convidados.<\/p>\n<p>A pris\u00e3o de Lula, de quem Marina foi ministra, &#8220;n\u00e3o \u00e9 algo que se possa celebrar&#8221;. &#8220;\u00c9 um momento dif\u00edcil da nossa hist\u00f3ria pol\u00edtica ver uma lideran\u00e7a que poderia estar apta para fazer o que quiser na pol\u00edtica ser interditada em fun\u00e7\u00e3o de erros que cometeu. Mas a Justi\u00e7a deve ser aplicada para todos igualmente.&#8221;<\/p>\n<p>&#8220;A lei n\u00e3o pode ser fulanizada. N\u00e3o \u00e9 a lei do Lula, do A\u00e9cio, ou de quem quer que seja&#8221;, afirmou.<\/p>\n<p>&#8220;O senador Renan Calheiros se amotinou no Senado e desobedeceu \u00e0 decis\u00e3o da mais alta corte deste pa\u00eds. Tanto \u00e9 que deram um jeito para que o senador A\u00e9cio Neves n\u00e3o fosse afastado. Inclusive com a coniv\u00eancia do pr\u00f3prio Partido dos Trabalhadores, porque existe um pacto de impunidade e uma tentativa de desconstruir a Lava Jato. Por isso \u00e9 fundamental a combina\u00e7\u00e3o da pris\u00e3o em segunda inst\u00e2ncia e o fim do foro privilegiado.&#8221;<\/p>\n<p><strong>CARIRI EM A\u00c7\u00c3O<\/strong><\/p>\n<p><em>Com Folhapress\/Foto: Reprodu\u00e7\u00e3o google<\/em><\/p>\n<p><strong>Leia mais not\u00edcias em\u00a0<\/strong><a href=\"http:\/\/www.caririemacao.com\/\"><strong>caririemacao.com<\/strong><\/a><strong>, siga nossa p\u00e1gina no\u00a0<\/strong><a href=\"https:\/\/www.facebook.com\/CaririEmAcao\/?ref=aymt_homepage_panel\"><strong>Facebook<\/strong><\/a>,<strong>\u00a0<\/strong><a href=\"https:\/\/www.instagram.com\/cariri_em_acao\/?hl=pt-br\"><strong>Instagram<\/strong><\/a><strong>\u00a0e\u00a0<\/strong><a href=\"https:\/\/www.youtube.com\/channel\/UCAptA0jQuYQy8vMhLt2m4qg\"><strong>Youtube<\/strong><\/a><strong>\u00a0e veja nossas mat\u00e9rias, v\u00eddeos e fotos. Voc\u00ea tamb\u00e9m pode enviar informa\u00e7\u00f5es \u00e0 Reda\u00e7\u00e3o do Portal Cariri em A\u00e7\u00e3o pelo WhatsApp (83) 9 9634.5791, (83) 9 9601-1162.<\/strong><\/p>\n","protected":false},"excerpt":{"rendered":"<p>A\u00a0pr\u00e9-candidata ao Planalto Marina Silva (Rede) disse nesta segunda-feira (9) que, sem o fim do foro especial, a Justi\u00e7a que levou o ex-presidente Lula \u00e0&hellip; <\/p>\n","protected":false},"author":2,"featured_media":47093,"comment_status":"closed","ping_status":"closed","sticky":false,"template":"","format":"standard","meta":{"sfsi_plus_gutenberg_text_before_share":"","sfsi_plus_gutenberg_show_text_before_share":"","sfsi_plus_gutenberg_icon_type":"","sfsi_plus_gutenberg_icon_alignemt":"","sfsi_plus_gutenburg_max_per_row":"","footnotes":""},"categories":[2],"tags":[],"class_list":["post-47092","post","type-post","status-publish","format-standard","has-post-thumbnail","hentry","category-geral"],"_links":{"self":[{"href":"https:\/\/www.caririemacao.com\/1\/wp-json\/wp\/v2\/posts\/47092","targetHints":{"allow":["GET"]}}],"collection":[{"href":"https:\/\/www.caririemacao.com\/1\/wp-json\/wp\/v2\/posts"}],"about":[{"href":"https:\/\/www.caririemacao.com\/1\/wp-json\/wp\/v2\/types\/post"}],"author":[{"embeddable":true,"href":"https:\/\/www.caririemacao.com\/1\/wp-json\/wp\/v2\/users\/2"}],"replies":[{"embeddable":true,"href":"https:\/\/www.caririemacao.com\/1\/wp-json\/wp\/v2\/comments?post=47092"}],"version-history":[{"count":0,"href":"https:\/\/www.caririemacao.com\/1\/wp-json\/wp\/v2\/posts\/47092\/revisions"}],"wp:featuredmedia":[{"embeddable":true,"href":"https:\/\/www.caririemacao.com\/1\/wp-json\/wp\/v2\/media\/47093"}],"wp:attachment":[{"href":"https:\/\/www.caririemacao.com\/1\/wp-json\/wp\/v2\/media?parent=47092"}],"wp:term":[{"taxonomy":"category","embeddable":true,"href":"https:\/\/www.caririemacao.com\/1\/wp-json\/wp\/v2\/categories?post=47092"},{"taxonomy":"post_tag","embeddable":true,"href":"https:\/\/www.caririemacao.com\/1\/wp-json\/wp\/v2\/tags?post=47092"}],"curies":[{"name":"wp","href":"https:\/\/api.w.org\/{rel}","templated":true}]}}