{"id":47095,"date":"2018-04-09T22:21:03","date_gmt":"2018-04-10T01:21:03","guid":{"rendered":"http:\/\/caririemacao.com\/1\/?p=47095"},"modified":"2018-04-10T08:53:22","modified_gmt":"2018-04-10T11:53:22","slug":"47095","status":"publish","type":"post","link":"https:\/\/www.caririemacao.com\/1\/2018\/04\/09\/47095\/","title":{"rendered":"Lula n\u00e3o tomou banho de sol e passa tempo lendo, diz advogado"},"content":{"rendered":"<p><span class=\"news_capital_letter\">D<\/span>ois dias ap\u00f3s sua pris\u00e3o, o ex-presidente Luiz In\u00e1cio Lula da Silva ainda n\u00e3o tomou banho de sol e passa o tempo lendo, segundo o advogado Cristiano Zanin Martins.<\/p>\n<p>Ao sair de visita de duas horas \u00e0 Superintend\u00eancia da Pol\u00edcia Federal do Paran\u00e1, onde Lula est\u00e1 preso, nesta segunda (9), Zanin afirmou que est\u00e1 discutindo as condi\u00e7\u00f5es para que o ex-presidente receba visitas.<\/p>\n<p>&#8220;Estamos vendo tudo isso. Seguir\u00e1 todo o padr\u00e3o que aqui\u00a0existe, embora a gente aguarde a revogac\u00e3o dessa ordem de pris\u00e3o&#8221;, disse, ao deixar o pr\u00e9dio em um t\u00e1xi.<\/p>\n<p>O banho de sol, diz , &#8220;\u00e9 uma quest\u00e3o interna da Pol\u00edcia Federal e est\u00e1 sendo organizada internamente&#8221;.<\/p>\n<p>Normalmente, os presos t\u00eam visitas \u00e0s quarta -exceto os advogados, que podem encontr\u00e1-los nos outros dias- e banho de sol de duas horas.<\/p>\n<p>Como o Painel\u00a0da Folha de S.Paulo informou, os defensores t\u00eam feito listas das pessoas que Lula deve receber -o ex-presidente quer incluir a senadora Gleisi Hoffmann, presidente do PT.<\/p>\n<p>Zanin n\u00e3o disse se Lula poder\u00e1 receber visitas j\u00e1 nesta semana. A Pol\u00edcia Federal do Paran\u00e1 tamb\u00e9m n\u00e3o tem informado a quantidade de pessoas que poder\u00e3o v\u00ea-lo.<\/p>\n<p>O advogado disse que Lula ficou &#8220;bastante contente&#8221; com a vit\u00f3ria do Corinthians neste domingo (8) e que est\u00e1 passando o tempo &#8220;principalmente com a leitura&#8221;.<\/p>\n<p>O ex-presidente l\u00ea, segundo ele, &#8220;A Elite do Atraso&#8221;, de Jess\u00e9 Souza.<\/p>\n<p>Lula n\u00e3o informou se tem ouvido os protestos de apoiadores do lado de fora do pr\u00e9dio.<\/p>\n<p><strong>CARIRI EM A\u00c7\u00c3O<\/strong><\/p>\n<p><em>Com Folhapress\/Foto:\u00a0Filipe Ara\u00fajo<\/em><\/p>\n<p><strong>Leia mais not\u00edcias em\u00a0<\/strong><a href=\"http:\/\/www.caririemacao.com\/\"><strong>caririemacao.com<\/strong><\/a><strong>, siga nossa p\u00e1gina no\u00a0<\/strong><a href=\"https:\/\/www.facebook.com\/CaririEmAcao\/?ref=aymt_homepage_panel\"><strong>Facebook<\/strong><\/a>,<strong>\u00a0<\/strong><a href=\"https:\/\/www.instagram.com\/cariri_em_acao\/?hl=pt-br\"><strong>Instagram<\/strong><\/a><strong>\u00a0e\u00a0<\/strong><a href=\"https:\/\/www.youtube.com\/channel\/UCAptA0jQuYQy8vMhLt2m4qg\"><strong>Youtube<\/strong><\/a><strong>\u00a0e veja nossas mat\u00e9rias, v\u00eddeos e fotos. Voc\u00ea tamb\u00e9m pode enviar informa\u00e7\u00f5es \u00e0 Reda\u00e7\u00e3o do Portal Cariri em A\u00e7\u00e3o pelo WhatsApp (83) 9 9634.5791, (83) 9 9601-1162.<\/strong><\/p>\n","protected":false},"excerpt":{"rendered":"<p>Dois dias ap\u00f3s sua pris\u00e3o, o ex-presidente Luiz In\u00e1cio Lula da Silva ainda n\u00e3o tomou banho de sol e passa o tempo lendo, segundo o&hellip; <\/p>\n","protected":false},"author":2,"featured_media":47096,"comment_status":"closed","ping_status":"closed","sticky":false,"template":"","format":"standard","meta":{"sfsi_plus_gutenberg_text_before_share":"","sfsi_plus_gutenberg_show_text_before_share":"","sfsi_plus_gutenberg_icon_type":"","sfsi_plus_gutenberg_icon_alignemt":"","sfsi_plus_gutenburg_max_per_row":"","footnotes":""},"categories":[2],"tags":[],"class_list":["post-47095","post","type-post","status-publish","format-standard","has-post-thumbnail","hentry","category-geral"],"_links":{"self":[{"href":"https:\/\/www.caririemacao.com\/1\/wp-json\/wp\/v2\/posts\/47095","targetHints":{"allow":["GET"]}}],"collection":[{"href":"https:\/\/www.caririemacao.com\/1\/wp-json\/wp\/v2\/posts"}],"about":[{"href":"https:\/\/www.caririemacao.com\/1\/wp-json\/wp\/v2\/types\/post"}],"author":[{"embeddable":true,"href":"https:\/\/www.caririemacao.com\/1\/wp-json\/wp\/v2\/users\/2"}],"replies":[{"embeddable":true,"href":"https:\/\/www.caririemacao.com\/1\/wp-json\/wp\/v2\/comments?post=47095"}],"version-history":[{"count":0,"href":"https:\/\/www.caririemacao.com\/1\/wp-json\/wp\/v2\/posts\/47095\/revisions"}],"wp:featuredmedia":[{"embeddable":true,"href":"https:\/\/www.caririemacao.com\/1\/wp-json\/wp\/v2\/media\/47096"}],"wp:attachment":[{"href":"https:\/\/www.caririemacao.com\/1\/wp-json\/wp\/v2\/media?parent=47095"}],"wp:term":[{"taxonomy":"category","embeddable":true,"href":"https:\/\/www.caririemacao.com\/1\/wp-json\/wp\/v2\/categories?post=47095"},{"taxonomy":"post_tag","embeddable":true,"href":"https:\/\/www.caririemacao.com\/1\/wp-json\/wp\/v2\/tags?post=47095"}],"curies":[{"name":"wp","href":"https:\/\/api.w.org\/{rel}","templated":true}]}}