{"id":47119,"date":"2018-04-10T11:16:48","date_gmt":"2018-04-10T14:16:48","guid":{"rendered":"http:\/\/caririemacao.com\/1\/?p=47119"},"modified":"2018-04-10T11:16:48","modified_gmt":"2018-04-10T14:16:48","slug":"concurso-uepb-decisao-judicial-penaliza-dezenas-de-classificados-dentro-das-vagas-que-ja-haviam-se-mudado-para-cg-para-a-posse-dia-23","status":"publish","type":"post","link":"https:\/\/www.caririemacao.com\/1\/2018\/04\/10\/concurso-uepb-decisao-judicial-penaliza-dezenas-de-classificados-dentro-das-vagas-que-ja-haviam-se-mudado-para-cg-para-a-posse-dia-23\/","title":{"rendered":"Concurso UEPB: decis\u00e3o judicial penaliza dezenas de classificados dentro das vagas, que j\u00e1 haviam se mudado para CG para a posse dia 23"},"content":{"rendered":"<p>Em vez de oito s\u00e3o 197 o n\u00famero de candidatos classificados dentro do n\u00famero de vagas, do concurso da Universidade Estadual da Para\u00edba, que est\u00e3o sendo penalizados pela decis\u00e3o judicial, que determinou a suspens\u00e3o do certame, a menos de 20 dias para a data da posse dos concursados.<\/p>\n<div class=\"green-area t-left t-cont text-center\">\n<div class=\"anuncio\">\n<div id=\"div-gpt-ad-1493386374551-0\" data-google-query-id=\"CKOimsLyr9oCFQVThgod5usBpQ\">\n<div id=\"google_ads_iframe_\/21685702823\/New_Sec_Conteudo_0__container__\">Os classificados atenderam ao chamado da institui\u00e7\u00e3o, fizeram exames, entregaram a documenta\u00e7\u00e3o e at\u00e9 abriram a conta sal\u00e1rio, no Banco Santander, para estarem aptos para a posse que j\u00e1 tinha data, hor\u00e1rio e local marcados.<\/div>\n<\/div>\n<\/div>\n<\/div>\n<p>Seria, ou ser\u00e1, no dia 23 de abril, \u00e0s 10h, na sede da FIEP, em Campina Grande.<\/p>\n<p>O preju\u00edzo para os candidatos de outras cidades e at\u00e9 de outros Estados \u00e9 pior. Tudo porque muitos, diante dessa expectativa de posse, providenciaram apartamento para alugar e compraram mob\u00edlia, al\u00e9m de matr\u00edcula de filhos em escolas, mudando toda a rotina em atendimento ao chamado da UEPB. Ou seja, se endividaram na certeza de entrarem em exerc\u00edcio.<\/p>\n<p>Uma das candidatas, do Rio Grande do Sul, se disse frustrada com a decis\u00e3o, j\u00e1 que estuda h\u00e1 anos para ingressar no servi\u00e7o p\u00fablico da Para\u00edba. Ela gastou com passagens para entregar a documenta\u00e7\u00e3o, providenciou im\u00f3vel e mob\u00edlia, deixando toda a sua vida anterior para tr\u00e1s\u00a0e agora est\u00e1 endividada, em uma cidade desconhecida.<\/p>\n<p>\u201cEu quase n\u00e3o consigo dormir diante dessas incertezas, mudei toda a minha vida e minha rotina porque atendi ao chamado da Universidade Estadual da Para\u00edba, amplamente divulgado, solicitando a entrega dos exames e documentos. A convoca\u00e7\u00e3o da UEPB foi tratada como se fosse uma nomea\u00e7\u00e3o, j\u00e1 gerando a expectativa de direito\u201d, desabafou.<\/p>\n<p>Para piorar, alguns dos classificados pediram exonera\u00e7\u00e3o de seus antigos cargos, justamente porque esse \u00e9 um dos pr\u00e9-requisitos da documenta\u00e7\u00e3o \u2013 comprovar que n\u00e3o possui cargos inacumul\u00e1veis.<\/p>\n<p>Para a maioria dos classificados aprovados, alguns at\u00e9 advogados aprovados e aptos \u00e0 posse, a melhor solu\u00e7\u00e3o seria empossar os que nada tem a ver com com briga judicial e deixar sub-j\u00fadice as vagas contestadas.<\/p>\n<p>Outra alternativa seria o Tribunal de Justi\u00e7a da Para\u00edba se sensibilizar com a situa\u00e7\u00e3o e derrubar a suspens\u00e3o do certame, determinando a posse, conforme cronograma divulgado.<\/p>\n<p>&#8220;Espera-se que a UEPB sane os v\u00edcios que foram constatados pelo judici\u00e1rio para que assim n\u00e3o sejam injusti\u00e7ados nem os que est\u00e3o aptos \u00e0 posse nem os que moveram a a\u00e7\u00e3o. Todos nos esfor\u00e7amos, estudamos dias, meses e anos por um objetivo&#8221;, ressaltou outra candidata.<\/p>\n<p>A decis\u00e3o que suspendeu o certame temporariamente \u00e9\u00a0da decis\u00e3o da 2\u00aa Vara de Fazenda P\u00fablica de Campina Grande, que acolheu um mandado de seguran\u00e7a impetrado por uma candidata que teria sido prejudicado com a interposi\u00e7\u00e3o de recursos por outros candidatos fora do prazo.<\/p>\n<p>Como a Universidade acatou os recursos, sete candidatos tiveram a classifica\u00e7\u00e3o afetada.<\/p>\n<p>O concurso foi realizado no dia 17 de dezembro para mais de 38 mil candidatos inscritos que concorreram \u00e0s 197 vagas dispon\u00edveis, com remunera\u00e7\u00f5es de R$ 1.502,24 a R$ 3.396,43.<\/p>\n<p>No total, eram 95 vagas para cargos de n\u00edvel fundamental, 94 para cargos de n\u00edvel m\u00e9dio e oito para cargos de n\u00edvel superior. O cargo com o maior n\u00famero de vagas era o de auxiliar administrativo, com 92 oportunidades.<\/p>\n<p>UEPB AINDA MANT\u00c9M POSSE PARA DIA 23<\/p>\n<p>Ainda ontem, segunda-feira (09), a Administra\u00e7\u00e3o Central da Universidade Estadual da Para\u00edba (UEPB) informou\u00a0que \u00e9 obriga\u00e7\u00e3o legal da Institui\u00e7\u00e3o o recurso para tentar reverter a decis\u00e3o liminar que suspendeu o concurso para t\u00e9cnicos administrativos da Universidade.<\/p>\n<p>De acordo com o reitor Rangel Junior, a medida visa garantir a programa\u00e7\u00e3o do certame e a posse dos 197 aprovados e classificados no pr\u00f3ximo dia 23 de abril. Ele destacou que a liminar afeta diretamente os servidores que passaram no processo seletivo e j\u00e1 foram convocados para posse.<\/p>\n<p>\u201cManteremos a programa\u00e7\u00e3o e faremos um pronunciamento p\u00fablico para tamb\u00e9m orientar os aprovados e classificados. N\u00e3o cabe comentar decis\u00e3o judicial, mas cumpri-la. No entanto, vamos buscar os caminhos jur\u00eddicos, uma vez que isso envolve o interesse direto da Universidade e de 197 pessoas que foram aprovadas e classificadas no concurso\u201d, salientou Rangel Junior.<\/p>\n<p>&nbsp;<\/p>\n<p>Segundo o reitor, todo o concurso foi feito de conformidade com as melhores pr\u00e1ticas e larga experi\u00eancia da Comiss\u00e3o Permanente de Concursos (CPCon).<\/p>\n<p>&nbsp;<\/p>\n<p><em><strong>M\u00e1rcia Dias<\/strong><\/em><\/p>\n<p><strong><em>PB Agora<\/em><\/strong><\/p>\n","protected":false},"excerpt":{"rendered":"<p>Em vez de oito s\u00e3o 197 o n\u00famero de candidatos classificados dentro do n\u00famero de vagas, do concurso da Universidade Estadual da Para\u00edba, que est\u00e3o&hellip; <\/p>\n","protected":false},"author":2,"featured_media":44741,"comment_status":"closed","ping_status":"closed","sticky":false,"template":"","format":"standard","meta":{"sfsi_plus_gutenberg_text_before_share":"","sfsi_plus_gutenberg_show_text_before_share":"","sfsi_plus_gutenberg_icon_type":"","sfsi_plus_gutenberg_icon_alignemt":"","sfsi_plus_gutenburg_max_per_row":"","footnotes":""},"categories":[2],"tags":[],"class_list":["post-47119","post","type-post","status-publish","format-standard","has-post-thumbnail","hentry","category-geral"],"_links":{"self":[{"href":"https:\/\/www.caririemacao.com\/1\/wp-json\/wp\/v2\/posts\/47119","targetHints":{"allow":["GET"]}}],"collection":[{"href":"https:\/\/www.caririemacao.com\/1\/wp-json\/wp\/v2\/posts"}],"about":[{"href":"https:\/\/www.caririemacao.com\/1\/wp-json\/wp\/v2\/types\/post"}],"author":[{"embeddable":true,"href":"https:\/\/www.caririemacao.com\/1\/wp-json\/wp\/v2\/users\/2"}],"replies":[{"embeddable":true,"href":"https:\/\/www.caririemacao.com\/1\/wp-json\/wp\/v2\/comments?post=47119"}],"version-history":[{"count":0,"href":"https:\/\/www.caririemacao.com\/1\/wp-json\/wp\/v2\/posts\/47119\/revisions"}],"wp:featuredmedia":[{"embeddable":true,"href":"https:\/\/www.caririemacao.com\/1\/wp-json\/wp\/v2\/media\/44741"}],"wp:attachment":[{"href":"https:\/\/www.caririemacao.com\/1\/wp-json\/wp\/v2\/media?parent=47119"}],"wp:term":[{"taxonomy":"category","embeddable":true,"href":"https:\/\/www.caririemacao.com\/1\/wp-json\/wp\/v2\/categories?post=47119"},{"taxonomy":"post_tag","embeddable":true,"href":"https:\/\/www.caririemacao.com\/1\/wp-json\/wp\/v2\/tags?post=47119"}],"curies":[{"name":"wp","href":"https:\/\/api.w.org\/{rel}","templated":true}]}}