{"id":47121,"date":"2018-04-10T11:28:50","date_gmt":"2018-04-10T14:28:50","guid":{"rendered":"http:\/\/caririemacao.com\/1\/?p=47121"},"modified":"2018-04-10T11:28:50","modified_gmt":"2018-04-10T14:28:50","slug":"23-senadores-investigados-na-lava-jato-ficam-sem-foro-privilegiado-se-nao-se-elegerem-em-2018-2","status":"publish","type":"post","link":"https:\/\/www.caririemacao.com\/1\/2018\/04\/10\/23-senadores-investigados-na-lava-jato-ficam-sem-foro-privilegiado-se-nao-se-elegerem-em-2018-2\/","title":{"rendered":"23 senadores investigados na Lava Jato ficam sem foro privilegiado se n\u00e3o se elegerem em 2018"},"content":{"rendered":"<article>\n<div class=\"mc-column content-media content-media--normal  content-photo\" data-block-type=\"backstage-photo\" data-block-id=\"0\">\n<div class=\"content-media__container\">\n<div class=\"content-media__description-centered \">\n<p class=\"content-media__description\">Vinte e tr\u00eas senadores alvos da Opera\u00e7\u00e3o Lava Jato \u2013 ou de desdobramentos da investiga\u00e7\u00e3o \u2013 ficar\u00e3o sem o chamado foro privilegiado se n\u00e3o se elegerem em 2018.<\/p>\n<\/div>\n<\/div>\n<\/div>\n<div class=\"mc-column content-text active-extra-styles \" data-block-type=\"unstyled\" data-block-weight=\"17\" data-block-id=\"3\">\n<p class=\"content-text__container \" data-track-category=\"Link no Texto\" data-track-links=\"\">O n\u00famero de parlamentares nessas condi\u00e7\u00f5es \u00e9 quase metade dos 54 senadores cujos mandatos terminam neste ano.<\/p>\n<\/div>\n<div class=\"mc-column content-text active-extra-styles \" data-block-type=\"unstyled\" data-block-weight=\"30\" data-block-id=\"4\">\n<p class=\"content-text__container \" data-track-category=\"Link no Texto\" data-track-links=\"\">O foro por prerrogativa de fun\u00e7\u00e3o, o chamado &#8220;foro privilegiado&#8221;, \u00e9 o direito que t\u00eam, entre outras autoridades, presidente, ministros, senadores e deputados federais de serem julgados somente pelo Supremo.<\/p>\n<\/div>\n<div class=\"mc-column content-text active-extra-styles \" data-block-type=\"unstyled\" data-block-weight=\"30\" data-block-id=\"5\">\n<p class=\"content-text__container \" data-track-category=\"Link no Texto\" data-track-links=\"\">Sem isso, os senadores passariam a responder judicialmente a inst\u00e2ncias inferiores. Como alguns s\u00e3o alvos da Lava Jato, poderiam ser julgados pelo juiz S\u00e9rgio Moro, respons\u00e1vel pela opera\u00e7\u00e3o em Curitiba.<\/p>\n<\/div>\n<div class=\"mc-column content-text active-extra-styles \" data-block-type=\"unstyled\" data-block-weight=\"32\" data-block-id=\"6\">\n<p class=\"content-text__container \" data-track-category=\"Link no Texto\" data-track-links=\"\">Nas elei\u00e7\u00f5es gerais de outubro, dois ter\u00e7os (54) das 81 cadeiras do Senado ser\u00e3o disputadas pelos candidatos. Os mandatos de senadores s\u00e3o de oito anos \u2013 para os demais parlamentares, s\u00e3o quatro.<\/p>\n<\/div>\n<div class=\"mc-column content-text active-extra-styles \" data-block-type=\"unstyled\" data-block-weight=\"26\" data-block-id=\"7\">\n<p class=\"content-text__container \" data-track-category=\"Link no Texto\" data-track-links=\"\">A cada elei\u00e7\u00e3o, uma parcela do Senado \u00e9 renovada. Em 2014, houve a renova\u00e7\u00e3o de um ter\u00e7o das vagas (27). Cada unidade federativa elegeu um senador.<\/p>\n<\/div>\n<div class=\"mc-column content-text active-extra-styles \" data-block-type=\"unstyled\" data-block-weight=\"18\" data-block-id=\"8\">\n<p class=\"content-text__container \" data-track-category=\"Link no Texto\" data-track-links=\"\">Neste ano, duas das tr\u00eas cadeiras de cada estado e do Distrito Federal ter\u00e3o ocupantes novos ou reeleitos.<\/p>\n<\/div>\n<div class=\"mc-column content-text active-extra-styles\" data-block-type=\"raw\" data-block-weight=\"2\" data-block-id=\"9\">\n<div class=\"content-intertitle\">\n<p><strong>Caciques amea\u00e7ados<\/strong><\/p>\n<\/div>\n<\/div>\n<div class=\"mc-column content-text active-extra-styles \" data-block-type=\"unstyled\" data-block-weight=\"25\" data-block-id=\"10\">\n<p class=\"content-text__container \" data-track-category=\"Link no Texto\" data-track-links=\"\">Entre os investigados que podem ficar sem mandato \u2013 e consequentemente sem foro privilegiado \u2013 a partir de 2019, s\u00e3o integrantes da c\u00fapula do Senado.<\/p>\n<\/div>\n<div class=\"mc-column content-text active-extra-styles \" data-block-type=\"unstyled\" data-block-weight=\"43\" data-block-id=\"11\">\n<p class=\"content-text__container \" data-track-category=\"Link no Texto\" data-track-links=\"\">S\u00e3o os casos do presidente da Casa,\u00a0<strong>Eun\u00edcio Oliveira<\/strong>\u00a0(PMDB-CE); do l\u00edder do governo e presidente do PMDB,\u00a0<strong>Romero Juc\u00e1<\/strong>\u00a0(RR); do l\u00edder do PT,\u00a0<strong>Lindbergh Farias<\/strong>\u00a0(RJ) e do l\u00edder da minoria;\u00a0<strong>Humberto Costa<\/strong>\u00a0(PT-PE). Os quatro s\u00e3o alvos da Lava Jato.<\/p>\n<\/div>\n<div class=\"mc-column content-text active-extra-styles \" data-block-type=\"unstyled\" data-block-weight=\"31\" data-block-id=\"12\">\n<p class=\"content-text__container \" data-track-category=\"Link no Texto\" data-track-links=\"\">Ex-presidentes da Casa,\u00a0<strong>Renan Calheiros<\/strong>\u00a0(PMDB-AL),\u00a0<strong>Garibaldi Alves Filho<\/strong>\u00a0(PMDB-RN),\u00a0<strong>Jader Barbalho<\/strong>\u00a0(PMDB-PA) e\u00a0<strong>Edison Lob\u00e3o<\/strong>\u00a0(PMDB-MA) tamb\u00e9m s\u00e3o investigados na Lava Jato e ter\u00e3o de enfrentar as urnas neste ano.<\/p>\n<\/div>\n<div class=\"mc-column content-text active-extra-styles \" data-block-type=\"unstyled\" data-block-weight=\"21\" data-block-id=\"13\">\n<p class=\"content-text__container \" data-track-category=\"Link no Texto\" data-track-links=\"\">Lob\u00e3o \u00e9 o atual presidente da Comiss\u00e3o de Constitui\u00e7\u00e3o e Justi\u00e7a (CCJ) do Senado, um dos colegiados mais importante da Casa.<\/p>\n<\/div>\n<div class=\"content-ads content-ads--reveal\" data-block-type=\"ads\" data-block-id=\"14\">\n<div id=\"banner_materia2\" class=\"tag-manager-publicidade-container has-reveal has-ad-lazyload tag-manager-publicidade-banner_materia2 tag-manager-publicidade-container--carregado tag-manager-publicidade-container--visivel\" data-id=\"banner_materia2\" data-google-query-id=\"CJKK9vjyr9oCFcIrHwod4BwGzg\" data-cid=\"138225666827\" data-lid=\"4633100316\">\n<div id=\"google_ads_iframe_\/95377733\/tvg_G1\/Politica_2__container__\">Dois senadores que presidem partidos s\u00e3o r\u00e9us no Supremo Tribunal Federal (STF):\u00a0<strong>Gleisi Hoffmann<\/strong>\u00a0(PT-PR), em a\u00e7\u00e3o penal da Lava Jato, e\u00a0<strong>Jos\u00e9 Agripino Maia\u00a0<\/strong>(DEM-RN), em desdobramento da opera\u00e7\u00e3o. Os dois tamb\u00e9m est\u00e3o na lista dos senadores com os mandatos a expirar.<\/div>\n<\/div>\n<\/div>\n<div class=\"mc-column content-text active-extra-styles \" data-block-type=\"unstyled\" data-block-weight=\"38\" data-block-id=\"16\">\n<p class=\"content-text__container \" data-track-category=\"Link no Texto\" data-track-links=\"\">O presidente do PP,\u00a0<strong>Ciro Nogueira<\/strong>\u00a0(PI), \u00e9 outro senador investigado na Lava Jato que pode ficar sem mandato caso n\u00e3o se eleja em 2018. Na mesma situa\u00e7\u00e3o est\u00e1\u00a0<strong>Benedito de Lira<\/strong>\u00a0(AL), l\u00edder do PP no Senado.<\/p>\n<\/div>\n<div class=\"mc-column content-text active-extra-styles \" data-block-type=\"unstyled\" data-block-weight=\"40\" data-block-id=\"17\">\n<p class=\"content-text__container \" data-track-category=\"Link no Texto\" data-track-links=\"\">O atual vice-presidente da Casa,\u00a0<strong>C\u00e1ssio Cunha Lima<\/strong>\u00a0(PSDB-PB), \u00e9 alvo de inqu\u00e9rito em desdobramento da Lava Jato. Seu correligion\u00e1rio,\u00a0<strong>A\u00e9cio Neves<\/strong>\u00a0(PSDB-MG) \u2013 ex-presidente tucano e segundo colocado nas elei\u00e7\u00f5es presidenciais de 2014 \u2013 tamb\u00e9m \u00e9 investigado no Supremo.<\/p>\n<\/div>\n<div class=\"mc-column content-text active-extra-styles \" data-block-type=\"unstyled\" data-block-weight=\"54\" data-block-id=\"18\">\n<p class=\"content-text__container \" data-track-category=\"Link no Texto\" data-track-links=\"\">Alvo de inqu\u00e9rito em opera\u00e7\u00e3o derivada da Lava Jato,\u00a0<strong>Aloysio Nunes<\/strong>\u00a0(SP) \u2013 hoje \u00e0 frente do Minist\u00e9rio das Rela\u00e7\u00f5es Exteriores \u2013 \u00e9 outro tucano detentor de mandato que pode ficar sem foro privilegiado se n\u00e3o se eleger em 2018. Ele foi candidato a vice-presidente da Rep\u00fablica em 2014, na chapa encabe\u00e7ada por A\u00e9cio.<\/p>\n<\/div>\n<div class=\"mc-column content-text active-extra-styles \" data-block-type=\"unstyled\" data-block-weight=\"43\" data-block-id=\"19\">\n<p class=\"content-text__container \" data-track-category=\"Link no Texto\" data-track-links=\"\">As l\u00edderes do PSB,\u00a0<strong>L\u00eddice da Mata<\/strong>\u00a0(BA), e do PC do B,\u00a0<strong>Vanessa Grazziotin<\/strong>(AM) \u2013 ambas investigadas em desdobramentos da Lava Jato \u2013 tamb\u00e9m est\u00e3o nessa lista. Vice-l\u00edder do PMDB,\u00a0<strong>Valdir Raupp<\/strong>\u00a0(RO) \u00e9 r\u00e9u no Supremo ap\u00f3s investiga\u00e7\u00f5es da opera\u00e7\u00e3o.<\/p>\n<\/div>\n<div class=\"mc-column content-text active-extra-styles \" data-block-type=\"unstyled\" data-block-weight=\"47\" data-block-id=\"20\">\n<p class=\"content-text__container \" data-track-category=\"Link no Texto\" data-track-links=\"\">Outros investigados que tamb\u00e9m s\u00e3o alvos da Lava Jato ou de investiga\u00e7\u00f5es derivadas da opera\u00e7\u00e3o, os senadores\u00a0<strong>Ricardo Ferra\u00e7o\u00a0<\/strong>(PSDB-ES);\u00a0<strong>Dalirio Beber<\/strong>\u00a0(PSDB-SC);\u00a0<strong>Eduardo Braga<\/strong>\u00a0(PMDB-AM);\u00a0<strong>Jorge Viana<\/strong>\u00a0(PT-AC); e\u00a0<strong>Ivo Cassol<\/strong>\u00a0(PP-RO) \u2013 j\u00e1 condenado pelo STF em outra apura\u00e7\u00e3o sem liga\u00e7\u00e3o com a Lava Jato.<\/p>\n<\/div>\n<div class=\"mc-column content-media content-media--normal content-video\" data-block-type=\"backstage-video\" data-block-id=\"21\">\n<div class=\"content-media__container content-media__container--loaded\">\n<div class=\"content-video__video\">\n<div id=\"wp3-player-0\" class=\"clappr-player\" tabindex=\"9999\" data-player=\"\">\n<div class=\"media-control media-control-hide\">\n<div class=\"media-control-panel\">\n<div class=\"media-control-panel__lower\" data-controls=\"\">\n<div class=\"opposites-container\">\n<div class=\"media-control-position__right\"><\/div>\n<\/div>\n<\/div>\n<\/div>\n<\/div>\n<\/div>\n<\/div>\n<\/div>\n<\/div>\n<div class=\"content-ads content-ads--reveal\" data-block-type=\"ads\" data-block-id=\"22\">\n<div id=\"banner_materia__a62da45074984c47bd71587c99a8ea15\" class=\"tag-manager-publicidade-container has-reveal has-ad-lazyload tag-manager-publicidade-banner_materia__a62da45074984c47bd71587c99a8ea15 tag-manager-publicidade-container--carregado tag-manager-publicidade-container--visivel\" data-id=\"banner_materia__a62da45074984c47bd71587c99a8ea15\" data-google-query-id=\"CLPZ7fryr9oCFXTU4Qod0c4AlQ\" data-cid=\"138229925717\" data-lid=\"4633184840\">\n<div id=\"google_ads_iframe_\/95377733\/tvg_G1\/Politica_3__container__\"><strong>Sem receio de perder o foro<\/strong><\/div>\n<\/div>\n<\/div>\n<div class=\"mc-column content-text active-extra-styles \" data-block-type=\"unstyled\" data-block-weight=\"10\" data-block-id=\"24\">\n<p class=\"content-text__container \" data-track-category=\"Link no Texto\" data-track-links=\"\">Todos os senadores citados nesta reportagem foram procurados pelo\u00a0<strong>G1<\/strong>.<\/p>\n<\/div>\n<div class=\"mc-column content-text active-extra-styles \" data-block-type=\"unstyled\" data-block-weight=\"34\" data-block-id=\"25\">\n<p class=\"content-text__container \" data-track-category=\"Link no Texto\" data-track-links=\"\">Os parlamentares que responderam aos questionamentos dizem n\u00e3o ter receio de ficar sem a prerrogativa de foro especial, que lhes d\u00e1 o direito a responder aos inqu\u00e9ritos diretamente no STF, inst\u00e2ncia m\u00e1xima do Judici\u00e1rio.<\/p>\n<\/div>\n<div class=\"mc-column content-text active-extra-styles \" data-block-type=\"unstyled\" data-block-weight=\"29\" data-block-id=\"26\">\n<p class=\"content-text__container \" data-track-category=\"Link no Texto\" data-track-links=\"\">Eles lembram que votaram a favor de uma Proposta de Emenda \u00e0 Constitui\u00e7\u00e3o (PEC) que extingue o foro nos casos de crimes comuns, como corrup\u00e7\u00e3o e lavagem de dinheiro.<\/p>\n<\/div>\n<div class=\"mc-column content-text active-extra-styles \" data-block-type=\"unstyled\" data-block-weight=\"21\" data-block-id=\"27\">\n<p class=\"content-text__container \" data-track-category=\"Link no Texto\" data-track-links=\"\">O texto, aprovado pelo Senado no ano passado, est\u00e1 parado na C\u00e2mara,\u00a0sob an\u00e1lise de uma comiss\u00e3o que sequer foi instalada.<\/p>\n<\/div>\n<div class=\"mc-column content-text active-extra-styles \" data-block-type=\"unstyled\" data-block-weight=\"37\" data-block-id=\"28\">\n<p class=\"content-text__container \" data-track-category=\"Link no Texto\" data-track-links=\"\">A proposta prev\u00ea que somente os presidentes da Rep\u00fablica, do Senado, da C\u00e2mara e do STF ter\u00e3o foro privilegiado. As demais autoridades ficariam sem a prerrogativa e os processos por crimes comuns seriam analisados pelas inst\u00e2ncias inferiores.<\/p>\n<\/div>\n<div class=\"mc-column content-text active-extra-styles\" data-block-type=\"raw\" data-block-weight=\"1\" data-block-id=\"29\">\n<div class=\"content-intertitle\">\n<p><strong>Celeridade<\/strong><\/p>\n<\/div>\n<\/div>\n<div class=\"mc-column content-text active-extra-styles \" data-block-type=\"unstyled\" data-block-weight=\"49\" data-block-id=\"30\">\n<p class=\"content-text__container \" data-track-category=\"Link no Texto\" data-track-links=\"\">Recentemente, dois pol\u00edticos que ficaram sem o foro privilegiado foram presos pela Lava Jato: o ex-presidente da C\u00e2mara\u00a0Eduardo Cunha (PMDB-RJ), que teve o mandato cassado\u00a0na Casa, e o ex-ministro do Turismo (nos governos Dilma Rousseff e Michel Temer) Henrique Eduardo Alves (PMDB-RN), que tamb\u00e9m presidiu a C\u00e2mara.<\/p>\n<\/div>\n<div class=\"mc-column content-text active-extra-styles \" data-block-type=\"unstyled\" data-block-weight=\"24\" data-block-id=\"31\">\n<p class=\"content-text__container \" data-track-category=\"Link no Texto\" data-track-links=\"\">Processos da Lava Jato costumam ser mais c\u00e9leres nas inst\u00e2ncias inferiores. Cunha, por exemplo, foi cassado pela C\u00e2mara dos Deputados em setembro de 2016.<\/p>\n<\/div>\n<div class=\"mc-column content-text active-extra-styles \" data-block-type=\"unstyled\" data-block-weight=\"33\" data-block-id=\"32\">\n<p class=\"content-text__container \" data-track-category=\"Link no Texto\" data-track-links=\"\">Sem foro, o peemedebista acabou preso em outubro daquele ano ap\u00f3s decis\u00e3o do juiz federal S\u00e9rgio Moro, da 13\u00aa Vara Criminal de Curitiba (PR), respons\u00e1vel pelos processos da Lava Jato em primeira inst\u00e2ncia.<\/p>\n<\/div>\n<div class=\"mc-column content-text active-extra-styles \" data-block-type=\"unstyled\" data-block-weight=\"23\" data-block-id=\"33\">\n<p class=\"content-text__container \" data-track-category=\"Link no Texto\" data-track-links=\"\">Em mar\u00e7o de 2017, Cunha foi condenado a 15 anos de reclus\u00e3o em um dos processos a que respondia no \u00e2mbito da opera\u00e7\u00e3o.<\/p>\n<\/div>\n<div class=\"mc-column content-text active-extra-styles \" data-block-type=\"unstyled\" data-block-weight=\"39\" data-block-id=\"34\">\n<p class=\"content-text__container \" data-track-category=\"Link no Texto\" data-track-links=\"\">J\u00e1\u00a0Henrique Eduardo Alves pediu demiss\u00e3o do Minist\u00e9rio do Turismoem junho de 2016, ocasi\u00e3o em que deixou de ter o foro privilegiado. Um ano depois,\u00a0o ex-ministro de Temer foi preso\u00a0em um desdobramento da Opera\u00e7\u00e3o Lava Jato.<\/p>\n<\/div>\n<div class=\"content-ads content-ads--reveal\" data-block-type=\"ads\" data-block-id=\"35\">\n<div id=\"banner_materia__23c6ce26f05b45cfaf01cc0d07dff41d\" class=\"tag-manager-publicidade-container has-reveal has-ad-lazyload tag-manager-publicidade-banner_materia__23c6ce26f05b45cfaf01cc0d07dff41d tag-manager-publicidade-container--carregado tag-manager-publicidade-container--visivel\" data-id=\"banner_materia__23c6ce26f05b45cfaf01cc0d07dff41d\" data-google-query-id=\"CJKRnfzyr9oCFRPh4Qod8dQHWg\" data-cid=\"138230108882\" data-lid=\"4573592123\">\n<div id=\"google_ads_iframe_\/95377733\/tvg_G1\/Politica_4__container__\">Levantamento da Funda\u00e7\u00e3o Get\u00falio Vargas, divulgado em fevereiro de 2017, mostrou que, de janeiro de 2011 a mar\u00e7o de 2016, somente 5,8% das decis\u00f5es em inqu\u00e9ritos no STF foram desfavor\u00e1veis aos investigados.<\/div>\n<\/div>\n<\/div>\n<div class=\"mc-column content-text active-extra-styles \" data-block-type=\"unstyled\" data-block-weight=\"20\" data-block-id=\"37\">\n<p class=\"content-text__container \" data-track-category=\"Link no Texto\" data-track-links=\"\">Al\u00e9m disso, o estudo apontou que o \u00edndice de condena\u00e7\u00e3o de r\u00e9us na Suprema Corte \u00e9 menor do que 1%.<\/p>\n<\/div>\n<div class=\"mc-column content-text active-extra-styles \" data-block-type=\"unstyled\" data-block-weight=\"25\" data-block-id=\"38\">\n<p class=\"content-text__container \" data-track-category=\"Link no Texto\" data-track-links=\"\">Uma das justificativas \u00e9 o fato \u2013 alegado pelos pr\u00f3prios ministros do STF \u2013 de que o Supremo est\u00e1 sobrecarregado, com muitos casos para analisar.<\/p>\n<\/div>\n<div class=\"mc-column content-text active-extra-styles \" data-block-type=\"unstyled\" data-block-weight=\"14\" data-block-id=\"39\">\n<p class=\"content-text__container \" data-track-category=\"Link no Texto\" data-track-links=\"\">Isso faz com que os processos prescrevam e, consequentemente, os investigados fiquem sem puni\u00e7\u00e3o.<\/p>\n<\/div>\n<div data-track-category=\"fim do conteudo\" data-track-action=\"ultimo chunk conteudo\" data-track-noninteraction=\"false\" data-track-scroll=\"entrada completa viewport\">\n<div class=\"row medium-uncollapsed content-text\" data-block-type=\"table-plugin\" data-block-id=\"40\">\n<div class=\"column medium-centered medium-22 large-20\">\n<div class=\"show-table content-media content-media--normal\">\n<p class=\"mc-column show-table__title\"><strong>SENADORES INVESTIGADOS NA LAVA JATO QUE PODEM PERDER O FORO EM 2019<\/strong><\/p>\n<div class=\"show-table__centralized\">\n<div class=\"show-table__container\">\n<table class=\"show-table__content\n show-table__content--highlight-top show-table__content--highlight-left        \"><\/p>\n<tbody>\n<tr>\n<td>Senador<\/td>\n<td>O que disse<\/td>\n<td>Pretende disputar as elei\u00e7\u00f5es?<\/td>\n<\/tr>\n<tr>\n<td>A\u00e9cio Neves (PSDB-MG)<\/td>\n<td>N\u00e3o respondeu. O senador tem afirmado que todas as doa\u00e7\u00f5es recebidas foram legais e devidamente declaradas \u00e0 Justi\u00e7a.<\/td>\n<td>N\u00e3o respondeu<\/td>\n<\/tr>\n<tr>\n<td>Aloysio Nunes (PSDB-SP)<\/td>\n<td>N\u00e3o respondeu. O ministro tem negado irregularidades e afirmado que as doa\u00e7\u00f5es recebidas n\u00e3o tiveram como contrapartida qualquer ato formal ou favor.<\/td>\n<td>N\u00e3o respondeu<\/td>\n<\/tr>\n<tr>\n<td>Benedito de Lira (PP-AL)<\/td>\n<td>\u201cUm inqu\u00e9rito j\u00e1 foi arquivado. O outro vai ser arquivado tamb\u00e9m, porque \u00e9 uma repeti\u00e7\u00e3o do primeiro. Pelo comportamento do Supremo, que n\u00e3o est\u00e1 julgando por m\u00eddia, mas pelo que tem no processo, e no processo a Procuradoria Geral da Rep\u00fablica n\u00e3o apresenta nenhuma v\u00edrgula contra ningu\u00e9m. H\u00e1 apenas insinua\u00e7\u00f5es de delatores. N\u00e3o juntaram nenhuma prova, nada\u201d<\/td>\n<td>Sim, para reelei\u00e7\u00e3o ao Senado<\/td>\n<\/tr>\n<tr>\n<td>C\u00e1ssio Cunha Lima (PSDB-PB)<\/td>\n<td>&#8220;Sou o \u00fanico caso em que o pr\u00f3prio delator declara que me recusei a receber a doa\u00e7\u00e3o pelo caixa 2. E a investiga\u00e7\u00e3o, que \u00e9 necess\u00e1ria e importante, comprovar\u00e1 isso&#8221;<\/td>\n<td>Sim, para reelei\u00e7\u00e3o ao Senado<\/td>\n<\/tr>\n<tr>\n<td>Ciro Nogueira (PP-PI)<\/td>\n<td>N\u00e3o respondeu. A defesa de Ciro Nogueira tem negado que o senador tenha recebido qualquer valor irregular. Os advogados dizem que o parlamentar, por ser presidente do PP, reconhece que era respons\u00e1vel para pedir doa\u00e7\u00f5es a empresas.<\/td>\n<td>N\u00e3o respondeu<\/td>\n<\/tr>\n<tr>\n<td>Dalirio Beber (PSDB-SC)<\/td>\n<td>\u201cAguardo com absoluta tranquilidade o fim da investiga\u00e7\u00e3o, pois estou certo de n\u00e3o ter cometido qualquer ato il\u00edcito\u201d<\/td>\n<td>N\u00e3o informou<\/td>\n<\/tr>\n<tr>\n<td>Edison Lob\u00e3o (PMDB-MA)<\/td>\n<td>\u201cA defesa do senador nega que ele tenha cometido qualquer irregularidade\u201d<\/td>\n<td>Sim, para reelei\u00e7\u00e3o ao Senado<\/td>\n<\/tr>\n<tr>\n<td>Eduardo Braga (PMDB-AM)<\/td>\n<td>&#8220;Primeiro quero esclarecer que n\u00e3o estou respondendo a qualquer inqu\u00e9rito na opera\u00e7\u00e3o Lava Jato. Eu apenas tive meu nome citado por pessoas que n\u00e3o apresentaram qualquer prova contra mim. Tamb\u00e9m quero deixar claro que eu defendo a Lava Jato e espero, sinceramente, que as investiga\u00e7\u00f5es transcorram de forma correta e dentro da lei&#8221;<\/td>\n<td>Sim, para reelei\u00e7\u00e3o ao Senado<\/td>\n<\/tr>\n<tr>\n<td>Eun\u00edcio Oliveira (PMDB-CE)<\/td>\n<td>&#8220;Todos os esclarecimentos ser\u00e3o prestados \u00e0 Justi\u00e7a, quando solicitados&#8221;<\/td>\n<td>Sim, mas n\u00e3o disse para qual fun\u00e7\u00e3o<\/td>\n<\/tr>\n<tr>\n<td>Garibaldi Alves Filho (PMDB-RN)<\/td>\n<td>&#8220;Em sua narrativa, o pr\u00f3prio delator afirma que ele nunca ofereceu e nem pediu nada em troca. Inclusive, o delator esclarece tamb\u00e9m que se refere \u00e0 elei\u00e7\u00e3o municipal de 2008, ocasi\u00e3o em que sequer fui candidato. No caso em que sou citado, a empresa fez uma doa\u00e7\u00e3o eleitoral oficial para o PMDB, que repassou o recurso para a candidata \u00e0 prefeita de uma outra agremia\u00e7\u00e3o pol\u00edtica. Nada passou pela minha conta de pessoa f\u00edsica. Essa \u00e9 a maior prova de que n\u00e3o fui benefici\u00e1rio de nenhum valor&#8221;<\/td>\n<td>Sim, para reelei\u00e7\u00e3o no Senado<\/td>\n<\/tr>\n<tr>\n<td>Gleisi Hoffmann (PT-PR)<\/td>\n<td>&#8220;Eu estou ciente que o STF vai, ao analisar com profundidade o que tem no processo com imparcialidade, com esp\u00edrito aberto, conseguir ver que n\u00e3o tem sustenta\u00e7\u00e3o, e a gente vai ter uma outra oportunidade, que eu n\u00e3o tive nas outras inst\u00e2ncias, vamos ter oportunidade de provar inoc\u00eancia&#8221;<\/td>\n<td>N\u00e3o respondeu<\/td>\n<\/tr>\n<tr>\n<td>Humberto Costa (PT-PE)<\/td>\n<td>&#8220;Aguardo h\u00e1 tr\u00eas anos a conclus\u00e3o do inqu\u00e9rito aberto, que s\u00f3 apresentou contradi\u00e7\u00f5es do delator condenado ao longo das investiga\u00e7\u00f5es e para o qual a Pol\u00edcia Federal j\u00e1 pediu arquivamento por n\u00e3o encontrar quaisquer provas que o sustentem&#8221;<\/td>\n<td>Sim, a princ\u00edpio, para a reelei\u00e7\u00e3o no Senado<\/td>\n<\/tr>\n<tr>\n<td>Ivo Cassol (PP-RO)<\/td>\n<td>\u201cA Opera\u00e7\u00e3o Lava Jato est\u00e1 passando a limpo a pol\u00edtica brasileira. Todos n\u00f3s, quando somos questionados por \u00f3rg\u00e3os de fiscaliza\u00e7\u00e3o, temos o dever de prestar os devidos esclarecimentos. Assim como temos tamb\u00e9m o direito de nos defender, principalmente, do denuncismo e do achismo, de den\u00fancias que s\u00e3o pin\u00e7adas de assuntos sem contexto. N\u00e3o se pode colocar todos os pol\u00edticos na vala comum. Todos meus atos s\u00e3o respons\u00e1veis\u201d<\/td>\n<td>Sim, para o governo de Rond\u00f4nia<\/td>\n<\/tr>\n<tr>\n<td>Jader Barbalho (PMDB-PA)<\/td>\n<td>N\u00e3o respondeu. O senador tem negado as acusa\u00e7\u00f5es contra ele.<\/td>\n<td>N\u00e3o respondeu<\/td>\n<\/tr>\n<tr>\n<td>Jorge Viana (PT-AC)<\/td>\n<td>&#8220;Uma decis\u00e3o do ministro Edson Fachin, do Supremo Tribunal Federal, atendendo a pedido do Minist\u00e9rio P\u00fablico Federal, excluiu o senador Jorge Viana da lista da Lava Jato&#8221;<\/td>\n<td>Sim, para reelei\u00e7\u00e3o ao Senado<\/td>\n<\/tr>\n<tr>\n<td>Jos\u00e9 Agripino Maia (DEM-RN)<\/td>\n<td>\u201cComo afirmado por todos os Ministros da 1\u00aa Turma [do STF], o prosseguimento das investiga\u00e7\u00f5es n\u00e3o significa julgamento condenat\u00f3rio. E \u00e9 justamente a inabal\u00e1vel certeza da minha inoc\u00eancia que me obriga a pedir \u00e0 Corte o m\u00e1ximo de urg\u00eancia no julgamento final da causa\u201d<\/td>\n<td>N\u00e3o respondeu<\/td>\n<\/tr>\n<tr>\n<td>L\u00eddice da Mata (PSB-BA)<\/td>\n<td>&#8220;N\u00e3o tenho nada a dizer porque n\u00e3o sou alvo da Lava Jato&#8221;<\/td>\n<td>Sim, para a reelei\u00e7\u00e3o ao Senado<\/td>\n<\/tr>\n<tr>\n<td>Lindbergh Farias (PT-RJ)<\/td>\n<td>\u201cTenho absoluta certeza que os inqu\u00e9ritos ter\u00e3o como destino o arquivamento\u201d<\/td>\n<td>N\u00e3o respondeu<\/td>\n<\/tr>\n<tr>\n<td>Renan Calheiros (PMDB-AL)<\/td>\n<td>\u201cS\u00e3o acusa\u00e7\u00f5es infundadas, frutos de persegui\u00e7\u00e3o e generaliza\u00e7\u00f5es feitas pelo antigo grupo do Minist\u00e9rio P\u00fablico. Apresentaram den\u00fancias sem provas, com base em declara\u00e7\u00f5es de delatores que sequer me conhecem. O STF arquivou seis den\u00fancias. As outras tamb\u00e9m ser\u00e3o arquivadas porque n\u00e3o h\u00e1 provas. N\u00e3o h\u00e1 sequer l\u00f3gica nas narrativas\u201d<\/td>\n<td>Sim, para a reelei\u00e7\u00e3o no Senado<\/td>\n<\/tr>\n<tr>\n<td>Ricardo Ferra\u00e7o (PSDB-ES)<\/td>\n<td>\u201cO ministro Fachin decidiu que o referido inqu\u00e9rito n\u00e3o faz parte do \u00e2mbito da Lava Jato, determinando sua redistribui\u00e7\u00e3o. Isso fortalece a convic\u00e7\u00e3o que sempre tive: de que as acusa\u00e7\u00f5es s\u00e3o infundadas e n\u00e3o t\u00eam como prosperar\u201d<\/td>\n<td>Sim, para a reelei\u00e7\u00e3o ao Senado<\/td>\n<\/tr>\n<tr>\n<td>Romero Juc\u00e1 (PMDB-RR)<\/td>\n<td>\u201cSempre estive e sempre estarei \u00e0 disposi\u00e7\u00e3o da Justi\u00e7a para prestar qualquer informa\u00e7\u00e3o. Nas minhas campanhas eleitorais sempre atuei dentro da legisla\u00e7\u00e3o e tive todas as minhas contas aprovadas\u201d<\/td>\n<td>N\u00e3o respondeu<\/td>\n<\/tr>\n<tr>\n<td>Valdir Raupp (PMDB-RO)<\/td>\n<td>N\u00e3o respondeu. O senador afirmou que respeita a decis\u00e3o dos ministros que o tornou r\u00e9u na Lava Jato. Raupp, no entanto, diz que as doa\u00e7\u00f5es que recebeu foram declaradas \u00e0 Justi\u00e7a e n\u00e3o podem ser consideradas como prova de &#8220;ilicitudes\u201d.<\/td>\n<td>N\u00e3o respondeu<\/td>\n<\/tr>\n<tr>\n<td>Vanessa Grazziotin (PC do B-AM)<\/td>\n<td>\u201cTodas as doa\u00e7\u00f5es de campanha que recebemos foram oficiais e declaradas \u00e0 justi\u00e7a eleitoral. N\u00e3o temos receio das investiga\u00e7\u00f5es, pois servir\u00e3o para provar que n\u00e3o h\u00e1 nenhuma vincula\u00e7\u00e3o com a lava jato. Isso ficar\u00e1 claro ao t\u00e9rmino do inqu\u00e9rito\u201d<\/td>\n<td>Sim, para a reelei\u00e7\u00e3o ao Senado<\/td>\n<\/tr>\n<\/tbody>\n<\/table>\n<\/div>\n<div class=\"show-table__footer\"><\/div>\n<div>\n<p><strong>CARIRI EM A\u00c7\u00c3O<\/strong><\/p>\n<p><em>Com G1 \/Foto: Reprodu\u00e7\u00e3o Internet<\/em><\/p>\n<p><strong>Leia mais not\u00edcias em\u00a0<\/strong><a href=\"http:\/\/www.caririemacao.com\/\"><strong>caririemacao.com<\/strong><\/a><strong>, siga nossa p\u00e1gina no\u00a0<\/strong><a href=\"https:\/\/www.facebook.com\/CaririEmAcao\/?ref=aymt_homepage_panel\"><strong>Facebook<\/strong><\/a>,<strong>\u00a0<\/strong><a href=\"https:\/\/www.instagram.com\/cariri_em_acao\/?hl=pt-br\"><strong>Instagram<\/strong><\/a><strong>\u00a0e <\/strong><a href=\"https:\/\/www.youtube.com\/channel\/UCAptA0jQuYQy8vMhLt2m4qg\"><strong>Youtube<\/strong><\/a><strong>\u00a0e veja nossas mat\u00e9rias, v\u00eddeos e fotos. Voc\u00ea tamb\u00e9m pode enviar informa\u00e7\u00f5es \u00e0 Reda\u00e7\u00e3o do Portal Cariri em A\u00e7\u00e3o pelo WhatsApp (83) 9 9634.5791, (83) 9 9601-1162.<\/strong><\/p>\n<\/div>\n<\/div>\n<\/div>\n<\/div>\n<\/div>\n<\/div>\n<\/article>\n","protected":false},"excerpt":{"rendered":"<p>Vinte e tr\u00eas senadores alvos da Opera\u00e7\u00e3o Lava Jato \u2013 ou de desdobramentos da investiga\u00e7\u00e3o \u2013 ficar\u00e3o sem o chamado foro privilegiado se n\u00e3o se&hellip; <\/p>\n","protected":false},"author":2,"featured_media":6072,"comment_status":"closed","ping_status":"closed","sticky":false,"template":"","format":"standard","meta":{"sfsi_plus_gutenberg_text_before_share":"","sfsi_plus_gutenberg_show_text_before_share":"","sfsi_plus_gutenberg_icon_type":"","sfsi_plus_gutenberg_icon_alignemt":"","sfsi_plus_gutenburg_max_per_row":"","footnotes":""},"categories":[11],"tags":[],"class_list":["post-47121","post","type-post","status-publish","format-standard","has-post-thumbnail","hentry","category-politica"],"_links":{"self":[{"href":"https:\/\/www.caririemacao.com\/1\/wp-json\/wp\/v2\/posts\/47121","targetHints":{"allow":["GET"]}}],"collection":[{"href":"https:\/\/www.caririemacao.com\/1\/wp-json\/wp\/v2\/posts"}],"about":[{"href":"https:\/\/www.caririemacao.com\/1\/wp-json\/wp\/v2\/types\/post"}],"author":[{"embeddable":true,"href":"https:\/\/www.caririemacao.com\/1\/wp-json\/wp\/v2\/users\/2"}],"replies":[{"embeddable":true,"href":"https:\/\/www.caririemacao.com\/1\/wp-json\/wp\/v2\/comments?post=47121"}],"version-history":[{"count":0,"href":"https:\/\/www.caririemacao.com\/1\/wp-json\/wp\/v2\/posts\/47121\/revisions"}],"wp:featuredmedia":[{"embeddable":true,"href":"https:\/\/www.caririemacao.com\/1\/wp-json\/wp\/v2\/media\/6072"}],"wp:attachment":[{"href":"https:\/\/www.caririemacao.com\/1\/wp-json\/wp\/v2\/media?parent=47121"}],"wp:term":[{"taxonomy":"category","embeddable":true,"href":"https:\/\/www.caririemacao.com\/1\/wp-json\/wp\/v2\/categories?post=47121"},{"taxonomy":"post_tag","embeddable":true,"href":"https:\/\/www.caririemacao.com\/1\/wp-json\/wp\/v2\/tags?post=47121"}],"curies":[{"name":"wp","href":"https:\/\/api.w.org\/{rel}","templated":true}]}}