{"id":47123,"date":"2018-04-10T11:45:10","date_gmt":"2018-04-10T14:45:10","guid":{"rendered":"http:\/\/caririemacao.com\/1\/?p=47123"},"modified":"2018-04-10T11:45:40","modified_gmt":"2018-04-10T14:45:40","slug":"pelo-menos-80-deputados-trocam-de-legenda-durante-a-janela-partidaria","status":"publish","type":"post","link":"https:\/\/www.caririemacao.com\/1\/2018\/04\/10\/pelo-menos-80-deputados-trocam-de-legenda-durante-a-janela-partidaria\/","title":{"rendered":"Pelo menos 80 deputados trocam de legenda durante a janela partid\u00e1ria"},"content":{"rendered":"<div class=\"mc-column content-media content-media--normal  content-photo\" data-block-type=\"backstage-photo\" data-block-id=\"0\">\n<div class=\"content-media__container\">\n<div class=\"content-media__description-centered \">\n<p class=\"content-media__description\">Levantamento\u00a0mostra que, pelo menos, 80 deputados federais aproveitaram o per\u00edodo conhecido como janela partid\u00e1ria para mudar de partido (<em>veja a lista ao final da reportagem<\/em>).<\/p>\n<\/div>\n<\/div>\n<\/div>\n<div class=\"mc-column content-text active-extra-styles \" data-block-type=\"unstyled\" data-block-weight=\"29\" data-block-id=\"3\">\n<p class=\"content-text__container \" data-track-category=\"Link no Texto\" data-track-links=\"\">O levantamento n\u00e3o leva em considera\u00e7\u00e3o detentores de mandato que est\u00e3o fora do exerc\u00edcio parlamentar, ou seja, n\u00e3o est\u00e3o na entre os 513 parlamentares que, atualmente, comp\u00f5em a C\u00e2mara.<\/p>\n<\/div>\n<div class=\"mc-column content-text active-extra-styles \" data-block-type=\"unstyled\" data-block-weight=\"32\" data-block-id=\"4\">\n<p class=\"content-text__container \" data-track-category=\"Link no Texto\" data-track-links=\"\">A janela partid\u00e1ria \u00e9 um per\u00edodo de 30 dias, previsto em lei, em que deputados federais e estaduais podem mudar de partido sem a possibilidade de perder o mandato por infidelidade partid\u00e1ria.<\/p>\n<\/div>\n<div class=\"mc-column content-text active-extra-styles \" data-block-type=\"unstyled\" data-block-weight=\"25\" data-block-id=\"5\">\n<p class=\"content-text__container \" data-track-category=\"Link no Texto\" data-track-links=\"\">O prazo terminou na \u00faltima sexta-feira (6), mas os partidos t\u00eam at\u00e9 a sexta (13) desta semana para comunicar os novos filiados \u00e0 Justi\u00e7a Eleitoral.<\/p>\n<\/div>\n<div class=\"mc-column content-text active-extra-styles \" data-block-type=\"unstyled\" data-block-weight=\"37\" data-block-id=\"6\">\n<p class=\"content-text__container \" data-track-category=\"Link no Texto\" data-track-links=\"\">A lista com todos os filiados em cada partido dever\u00e1 ser divulgada pelo Tribunal Superior Eleitoral (TSE) no dia 18 deste m\u00eas. A filia\u00e7\u00e3o partid\u00e1ria \u00e9 um dos requisitos para o registro de candidatura para a elei\u00e7\u00e3o.<\/p>\n<\/div>\n<div class=\"mc-column content-text active-extra-styles \" data-block-type=\"unstyled\" data-block-weight=\"17\" data-block-id=\"7\">\n<p class=\"content-text__container \" data-track-category=\"Link no Texto\" data-track-links=\"\">Enquanto isso, a C\u00e2mara dos Deputados mant\u00e9m um balan\u00e7o parcial das mudan\u00e7as informadas diretamente \u00e0 casa legislativa.<\/p>\n<\/div>\n<div class=\"mc-column content-text active-extra-styles \" data-block-type=\"unstyled\" data-block-weight=\"36\" data-block-id=\"8\">\n<p class=\"content-text__container \" data-track-category=\"Link no Texto\" data-track-links=\"\">Ao trocar de sigla, os parlamentares e partidos miram as elei\u00e7\u00f5es de 2018. Mas, al\u00e9m das quest\u00f5es eleitorais, as mudan\u00e7as alteram o tamanho das bancadas com representa\u00e7\u00e3o na C\u00e2mara, provocando efeitos j\u00e1 nos trabalhos da Casa.<\/p>\n<\/div>\n<div class=\"mc-column content-text active-extra-styles \" data-block-type=\"unstyled\" data-block-weight=\"30\" data-block-id=\"9\">\n<p class=\"content-text__container \" data-track-category=\"Link no Texto\" data-track-links=\"\">Nas discuss\u00f5es e vota\u00e7\u00f5es, o tamanho da bancada \u00e9 o crit\u00e9rio, por exemplo, para o tempo de discurso dos l\u00edderes, para a apresenta\u00e7\u00e3o de destaques e de requerimentos de urg\u00eancia.<\/p>\n<\/div>\n<div class=\"mc-column content-text active-extra-styles \" data-block-type=\"unstyled\" data-block-weight=\"49\" data-block-id=\"10\">\n<p class=\"content-text__container \" data-track-category=\"Link no Texto\" data-track-links=\"\">Nas comiss\u00f5es, o tamanho das bancadas \u00e9 crit\u00e9rio para a composi\u00e7\u00e3o dos colegiados. Por isso, a expectativa \u00e9 de que, depois de terminada a janela, seja aprovada uma resolu\u00e7\u00e3o reorganizando o espa\u00e7o dos partidos nas comiss\u00f5es de acordo com o n\u00famero de deputados que cada um tem na Casa.<\/p>\n<\/div>\n<div class=\"mc-column content-text active-extra-styles \" data-block-type=\"unstyled\" data-block-weight=\"15\" data-block-id=\"11\">\n<p class=\"content-text__container \" data-track-category=\"Link no Texto\" data-track-links=\"\">Entre outros motivos para as mudan\u00e7as partid\u00e1rias, est\u00e3o recursos para campanhas eleitorais e afinidade program\u00e1tica.<\/p>\n<\/div>\n<div class=\"mc-column content-text active-extra-styles \" data-block-type=\"unstyled\" data-block-weight=\"30\" data-block-id=\"12\">\n<p class=\"content-text__container \" data-track-category=\"Link no Texto\" data-track-links=\"\">Al\u00e9m disso, as disputas locais mobilizaram os deputados, que, em alguns casos, trataram a quest\u00e3o de forma pragm\u00e1tica e negociaram a sua ida de acordo com as alian\u00e7as no estados.<\/p>\n<\/div>\n<div class=\"content-ads content-ads--reveal\" data-block-type=\"ads\" data-block-id=\"13\">\n<div id=\"banner_materia2\" class=\"tag-manager-publicidade-container has-reveal has-ad-lazyload tag-manager-publicidade-banner_materia2 tag-manager-publicidade-container--carregado tag-manager-publicidade-container--visivel\" data-id=\"banner_materia2\" data-google-query-id=\"CKjvgoX3r9oCFZItHwodpg4HKA\" data-cid=\"138225666827\" data-lid=\"4633100316\">\n<div id=\"google_ads_iframe_\/95377733\/tvg_G1\/Politica_2__container__\"><strong>Perdas e ganhos<\/strong><\/div>\n<\/div>\n<\/div>\n<div class=\"mc-column content-text active-extra-styles \" data-block-type=\"unstyled\" data-block-weight=\"28\" data-block-id=\"15\">\n<p class=\"content-text__container \" data-track-category=\"Link no Texto\" data-track-links=\"\">Segundo o levantamento, o MDB foi o partido que mais perdeu deputados durante o per\u00edodo. Foram, pelo menos, 16 perdas no partido do presidente da Rep\u00fablica Michel Temer.<\/p>\n<\/div>\n<div class=\"mc-column content-text active-extra-styles \" data-block-type=\"unstyled\" data-block-weight=\"22\" data-block-id=\"16\">\n<p class=\"content-text__container \" data-track-category=\"Link no Texto\" data-track-links=\"\">O PSB, que recentemente contou com a filia\u00e7\u00e3o do ministro aposentado do Supremo Tribunal Federal Joaquim Barbosa, soma, ao menos, 10 perdas.<\/p>\n<\/div>\n<div class=\"mc-column content-text active-extra-styles \" data-block-type=\"unstyled\" data-block-weight=\"17\" data-block-id=\"17\">\n<p class=\"content-text__container \" data-track-category=\"Link no Texto\" data-track-links=\"\">O Solidariedade, com pelo menos 6 perdas, completa o ranking dos que mais tiveram debandada de parlamentares.<\/p>\n<\/div>\n<div class=\"mc-column content-text active-extra-styles \" data-block-type=\"unstyled\" data-block-weight=\"52\" data-block-id=\"18\">\n<p class=\"content-text__container \" data-track-category=\"Link no Texto\" data-track-links=\"\">Por outro lado, o DEM, partido a que \u00e9 filiado o presidente da C\u00e2mara, Rodrigo Maia, foi refor\u00e7ado por 14 deputados. PSL (8), partido para o qual migrou o pr\u00e9-candidato ao Planalto Jair Bolsonaro (RJ), e PR (7) ocupam, respectivamente, a segunda e a terceira posi\u00e7\u00e3o na lista dos que mais ganharam.<\/p>\n<\/div>\n<div class=\"mc-column content-text active-extra-styles\" data-block-type=\"raw\" data-block-weight=\"2\" data-block-id=\"19\">\n<div class=\"content-intertitle\">\n<p><strong>Quest\u00f5es locais<\/strong><\/p>\n<\/div>\n<\/div>\n<div class=\"mc-column content-text active-extra-styles \" data-block-type=\"unstyled\" data-block-weight=\"34\" data-block-id=\"20\">\n<p class=\"content-text__container \" data-track-category=\"Link no Texto\" data-track-links=\"\">Waldir Maranh\u00e3o (MA), que estava no Avante, confirmou a sua ida ao PSDB. Ele disse que tentou negociar com o PT, mas que o partido n\u00e3o o quis. Acabou, ent\u00e3o fechando com os tucanos.<\/p>\n<\/div>\n<div class=\"mc-column content-text active-extra-styles \" data-block-type=\"unstyled\" data-block-weight=\"41\" data-block-id=\"21\">\n<p class=\"content-text__container \" data-track-category=\"Link no Texto\" data-track-links=\"\">Questionado sobre por que articulou com dois partidos que est\u00e3o em posi\u00e7\u00f5es opostas do espectro pol\u00edtico, o parlamentar disse que levou em conta o que ser\u00e1 melhor para o seu estado e que ir\u00e1 apoiar o pr\u00e9-candidato tucano ao governo estadual.<\/p>\n<\/div>\n<div class=\"mc-column content-text active-extra-styles \" data-block-type=\"unstyled\" data-block-weight=\"36\" data-block-id=\"22\">\n<p class=\"content-text__container \" data-track-category=\"Link no Texto\" data-track-links=\"\">\u201cO PT do Maranh\u00e3o n\u00e3o me quis. Agora, n\u00e3o \u00e9 hora de olhar para o para-brisa. Estou pensando no meu Maranh\u00e3o. E vou fechar com o [senador] Roberto Rocha [pr\u00e9-candidato ao governo estadual]\u201d, afirmou o deputado.<\/p>\n<\/div>\n<div class=\"mc-column content-text active-extra-styles \" data-block-type=\"unstyled\" data-block-weight=\"35\" data-block-id=\"23\">\n<p class=\"content-text__container \" data-track-category=\"Link no Texto\" data-track-links=\"\">Disputas locais tamb\u00e9m foram o que levaram An\u00edbal Gomes, do Cear\u00e1, para o DEM. \u201cA legenda do DEM aqui est\u00e1 bem apetitosa. Nada contra o meu partido [MDB], mas \u00e9 uma quest\u00e3o de coliga\u00e7\u00e3o\u201d, disse.<\/p>\n<\/div>\n<div class=\"mc-column content-text active-extra-styles \" data-block-type=\"unstyled\" data-block-weight=\"38\" data-block-id=\"24\">\n<p class=\"content-text__container \" data-track-category=\"Link no Texto\" data-track-links=\"\">Ele informou que o DEM ir\u00e1 apoiar o PDT. Ele garantiu que, no seu caso, a quest\u00e3o dos recursos para a campanha n\u00e3o foi levada em conta. \u201cNem sei quanto \u00e9 que o DEM vai poder passar\u201d, afirmou.<\/p>\n<\/div>\n<div class=\"content-ads content-ads--reveal\" data-block-type=\"ads\" data-block-id=\"25\">\n<div id=\"banner_materia__2fce89fff602482984c40dd4d770ad06\" class=\"tag-manager-publicidade-container has-reveal has-ad-lazyload tag-manager-publicidade-banner_materia__2fce89fff602482984c40dd4d770ad06 tag-manager-publicidade-container--carregado tag-manager-publicidade-container--visivel\" data-id=\"banner_materia__2fce89fff602482984c40dd4d770ad06\" data-google-query-id=\"CIaNz4b3r9oCFVQjHwodAegGWQ\" data-cid=\"138229882800\" data-lid=\"4633184840\">\n<div id=\"google_ads_iframe_\/95377733\/tvg_G1\/Politica_3__container__\"><strong>Bancadas<\/strong><\/div>\n<\/div>\n<\/div>\n<div class=\"mc-column content-text active-extra-styles \" data-block-type=\"unstyled\" data-block-weight=\"22\" data-block-id=\"27\">\n<p class=\"content-text__container \" data-track-category=\"Link no Texto\" data-track-links=\"\">Ainda n\u00e3o \u00e9 poss\u00edvel dizer quais partidos ficaram com as maiores bancadas na C\u00e2mara ap\u00f3s o per\u00edodo da janela partid\u00e1ria. Isso porque:<\/p>\n<\/div>\n<div class=\"mc-column content-text active-extra-styles\" data-block-type=\"raw\" data-block-weight=\"72\" data-block-id=\"28\">\n<ol class=\"content-ordered-list theme-ordered-list-color-primary\">\n<li>O atual n\u00famero de deputados em cada partido, dispon\u00edvel no site da C\u00e2mara, considera somente as trocas comunicadas at\u00e9 o momento para a Secretaria-Geral da Casa (ou seja, outras mais ainda ser\u00e3o informadas oficialmente);<\/li>\n<li>o levantamento do G1 n\u00e3o considera secret\u00e1rios e ministros que v\u00e3o reassumir o mandato;<\/li>\n<li>a lista de trocas da Secretaria Geral inclui quem est\u00e1 licenciado do mandato, ou seja, n\u00e3o \u00e9 considerado para efeito de tamanho de bancada.<\/li>\n<\/ol>\n<\/div>\n<div class=\"mc-column content-text active-extra-styles\" data-block-type=\"raw\" data-block-weight=\"1\" data-block-id=\"29\">\n<div class=\"content-intertitle\">\n<p><strong>Legisla\u00e7\u00e3o<\/strong><\/p>\n<\/div>\n<\/div>\n<div class=\"mc-column content-text active-extra-styles \" data-block-type=\"unstyled\" data-block-weight=\"15\" data-block-id=\"30\">\n<p class=\"content-text__container \" data-track-category=\"Link no Texto\" data-track-links=\"\">A legisla\u00e7\u00e3o eleitoral determina que os parlamentares s\u00f3 podem mudar de legenda nas seguintes situa\u00e7\u00f5es:<\/p>\n<\/div>\n<div class=\"mc-column content-text active-extra-styles\" data-block-type=\"raw\" data-block-weight=\"16\" data-block-id=\"31\">\n<ul class=\"content-unordered-list\">\n<li>Incorpora\u00e7\u00e3o ou fus\u00e3o do partido;<\/li>\n<li>cria\u00e7\u00e3o de novo partido;<\/li>\n<li>desvio no programa partid\u00e1rio;<\/li>\n<li>grave discrimina\u00e7\u00e3o pessoal.<\/li>\n<\/ul>\n<\/div>\n<div class=\"mc-column content-text active-extra-styles \" data-block-type=\"unstyled\" data-block-weight=\"46\" data-block-id=\"32\">\n<p class=\"content-text__container \" data-track-category=\"Link no Texto\" data-track-links=\"\">Mudan\u00e7as de legenda sem essas justificativas podem levar \u00e0 perda do mandato. A reforma Eleitoral de 2015 incluiu nas normas eleitorais a janela partid\u00e1ria \u2013 per\u00edodo de 30 dias que antecedem o \u00faltimo dia de prazo para a filia\u00e7\u00e3o p<strong>artid\u00e1ria \u2013 a seis meses da elei\u00e7\u00e3o.<\/strong><\/p>\n<\/div>\n<div data-track-category=\"fim do conteudo\" data-track-action=\"ultimo chunk conteudo\" data-track-noninteraction=\"false\" data-track-scroll=\"entrada completa viewport\">\n<div class=\"row medium-uncollapsed content-text\" data-block-type=\"table-plugin\" data-block-id=\"33\">\n<div class=\"column medium-centered medium-22 large-20\">\n<div class=\"show-table content-media content-media--normal\">\n<p class=\"mc-column show-table__title\"><strong>DEPUTADOS QUE TROCARAM DE PARTIDO NA JANELA<\/strong><\/p>\n<div class=\"show-table__centralized\">\n<div class=\"show-table__container\">\n<table class=\"show-table__content\n show-table__content--highlight-top show-table__content--highlight-left        \"><\/p>\n<tbody>\n<tr>\n<td>DEPUTADO<\/td>\n<td>SAIU DE<\/td>\n<td>FOI PARA<\/td>\n<\/tr>\n<tr>\n<td>Adail Carneiro (CE)<\/td>\n<td>PP<\/td>\n<td>Podemos<\/td>\n<\/tr>\n<tr>\n<td>Adilton Sachetti (MT)<\/td>\n<td>sem partido<\/td>\n<td>PRB<\/td>\n<\/tr>\n<tr>\n<td>Alexandre Serfiotis (RJ)<\/td>\n<td>MDB<\/td>\n<td>sem partido<\/td>\n<\/tr>\n<tr>\n<td>Alfredo Kaefer (PR)<\/td>\n<td>PSL<\/td>\n<td>PP<\/td>\n<\/tr>\n<tr>\n<td>Altineu C\u00f4rtes (PR)<\/td>\n<td>MDB<\/td>\n<td>PR<\/td>\n<\/tr>\n<tr>\n<td>Andr\u00e9 Amaral (PB)<\/td>\n<td>MDB<\/td>\n<td>PROS<\/td>\n<\/tr>\n<tr>\n<td>An\u00edbal Gomes (CE)<\/td>\n<td>MDB<\/td>\n<td>DEM<\/td>\n<\/tr>\n<tr>\n<td>Arnaldo Faria de S\u00e1 (SP)<\/td>\n<td>PTB<\/td>\n<td>PP<\/td>\n<\/tr>\n<tr>\n<td>Arolde de Oliveira (RJ)<\/td>\n<td>PSC<\/td>\n<td>PSD<\/td>\n<\/tr>\n<tr>\n<td>Arthur Oliveira Maia (BA)<\/td>\n<td>PPS<\/td>\n<td>DEM<\/td>\n<\/tr>\n<tr>\n<td>Benjamin Gomes (PB)<\/td>\n<td>SD<\/td>\n<td>MDB<\/td>\n<\/tr>\n<tr>\n<td>Beto Mansur (SP)<\/td>\n<td>PRB<\/td>\n<td>MDB<\/td>\n<\/tr>\n<tr>\n<td>Bilac Pinto (MG)<\/td>\n<td>PR<\/td>\n<td>DEM<\/td>\n<\/tr>\n<tr>\n<td>Bonif\u00e1cio de Andrada (MG)<\/td>\n<td>PSDB<\/td>\n<td>DEM<\/td>\n<\/tr>\n<tr>\n<td>Cabo Daciolo (RJ)<\/td>\n<td>Avante<\/td>\n<td>PEN\/Patriotas<\/td>\n<\/tr>\n<tr>\n<td>Cabo Sabino (CE)<\/td>\n<td>PR<\/td>\n<td>Avante<\/td>\n<\/tr>\n<tr>\n<td>Carlos Henrique Gaguim (TO)<\/td>\n<td>Podemos<\/td>\n<td>DEM<\/td>\n<\/tr>\n<tr>\n<td>Carlos Manato (ES)<\/td>\n<td>SD<\/td>\n<td>PSL<\/td>\n<\/tr>\n<tr>\n<td>Celso Pansera (RJ)<\/td>\n<td>MDB<\/td>\n<td>PT<\/td>\n<\/tr>\n<tr>\n<td>Chico D&#8217;Angelo<\/td>\n<td>PT<\/td>\n<td>PDT<\/td>\n<\/tr>\n<tr>\n<td>C\u00edcero Almeida (AL)<\/td>\n<td>Podemos<\/td>\n<td>PHS<\/td>\n<\/tr>\n<tr>\n<td>Clarissa Garotinho (RJ)<\/td>\n<td>PRB<\/td>\n<td>PROS<\/td>\n<\/tr>\n<tr>\n<td>Concei\u00e7\u00e3o Sampaio (AM)<\/td>\n<td>PP<\/td>\n<td>PSDB<\/td>\n<\/tr>\n<tr>\n<td>D\u00e2mina Pereira (MG)<\/td>\n<td>PSL<\/td>\n<td>Podemos<\/td>\n<\/tr>\n<tr>\n<td>Daniel Coelho (PE)<\/td>\n<td>PSDB<\/td>\n<td>PPS<\/td>\n<\/tr>\n<tr>\n<td>Danilo Forte (CE)<\/td>\n<td>DEM<\/td>\n<td>PSDB<\/td>\n<\/tr>\n<tr>\n<td>Delegado Francischini (PR)<\/td>\n<td>SD<\/td>\n<td>PSL<\/td>\n<\/tr>\n<tr>\n<td>Delegado Waldir (GO)<\/td>\n<td>PR<\/td>\n<td>PSL<\/td>\n<\/tr>\n<tr>\n<td>Diego Garcia (PR)<\/td>\n<td>PHS<\/td>\n<td>Podemos<\/td>\n<\/tr>\n<tr>\n<td>Dr. Jorge Silva (ES)<\/td>\n<td>PHS<\/td>\n<td>SD<\/td>\n<\/tr>\n<tr>\n<td>Eduardo Bolsonaro (SP)<\/td>\n<td>PSC<\/td>\n<td>PSL<\/td>\n<\/tr>\n<tr>\n<td>Elizeu Dionizio (MS)<\/td>\n<td>PSDB<\/td>\n<td>PSB<\/td>\n<\/tr>\n<tr>\n<td>Evair de Melo (ES)<\/td>\n<td>PV<\/td>\n<td>PP<\/td>\n<\/tr>\n<tr>\n<td>Fernando Coelho Filho (PE)<\/td>\n<td>PSB<\/td>\n<td>DEM<\/td>\n<\/tr>\n<tr>\n<td>Flavinho (SP)<\/td>\n<td>PSB<\/td>\n<td>PSC<\/td>\n<\/tr>\n<tr>\n<td>George Hilton (MG)<\/td>\n<td>PSB<\/td>\n<td>PSC<\/td>\n<\/tr>\n<tr>\n<td>Givaldo Carimb\u00e3o (AL)<\/td>\n<td>PHS<\/td>\n<td>Avante<\/td>\n<\/tr>\n<tr>\n<td>Givaldo Vieira (ES)<\/td>\n<td>PT<\/td>\n<td>PCdoB<\/td>\n<\/tr>\n<tr>\n<td>Her\u00e1clito Fortes (PI)<\/td>\n<td>PSB<\/td>\n<td>DEM<\/td>\n<\/tr>\n<tr>\n<td>Herculano Passos (SP)<\/td>\n<td>PSD<\/td>\n<td>MDB<\/td>\n<\/tr>\n<tr>\n<td>Hugo Leal (RJ)<\/td>\n<td>PSB<\/td>\n<td>PSD<\/td>\n<\/tr>\n<tr>\n<td>Hugo Motta (PB)<\/td>\n<td>MDB<\/td>\n<td>PRB<\/td>\n<\/tr>\n<tr>\n<td>Jaime Martins (PB)<\/td>\n<td>PSD<\/td>\n<td>PROS<\/td>\n<\/tr>\n<tr>\n<td>Jair Bolsonaro (RJ)<\/td>\n<td>PSC<\/td>\n<td>PSL<\/td>\n<\/tr>\n<tr>\n<td>Jefferson Campos (SP)<\/td>\n<td>PSD<\/td>\n<td>PSB<\/td>\n<\/tr>\n<tr>\n<td>Jo\u00e3o Fernando Coutinho (PE)<\/td>\n<td>PSB<\/td>\n<td>PROS<\/td>\n<\/tr>\n<tr>\n<td>Jo\u00e3o Paulo Kleinubing (SC)<\/td>\n<td>PSD<\/td>\n<td>DEM<\/td>\n<\/tr>\n<tr>\n<td>Jos\u00e9 Reinaldo (MA)<\/td>\n<td>sem partido<\/td>\n<td>PSDB<\/td>\n<\/tr>\n<tr>\n<td>Josi Nunes (TO)<\/td>\n<td>MDB<\/td>\n<td>PROS<\/td>\n<\/tr>\n<tr>\n<td>Junji Ab\u00e9 (SP)<\/td>\n<td>PSD<\/td>\n<td>MDB<\/td>\n<\/tr>\n<tr>\n<td>La\u00e9rcio Oliveira (SE)<\/td>\n<td>SD<\/td>\n<td>PP<\/td>\n<\/tr>\n<tr>\n<td>Laud\u00edvio Carvalho (MG)<\/td>\n<td>SD<\/td>\n<td>Podemos<\/td>\n<\/tr>\n<tr>\n<td>Laura Carneiro (RJ)<\/td>\n<td>MDB<\/td>\n<td>DEM<\/td>\n<\/tr>\n<tr>\n<td>Lincoln Portela (MG)<\/td>\n<td>PRB<\/td>\n<td>PR<\/td>\n<\/tr>\n<tr>\n<td>Luana Costa (MA)<\/td>\n<td>PSB<\/td>\n<td>PSC<\/td>\n<\/tr>\n<tr>\n<td>Luiz Carlos Ramos (RJ)<\/td>\n<td>Podemos<\/td>\n<td>PR<\/td>\n<\/tr>\n<tr>\n<td>Major Olimpio (SP)<\/td>\n<td>SD<\/td>\n<td>PSL<\/td>\n<\/tr>\n<tr>\n<td>Marcelo \u00c1lvaro Antonio (MG)<\/td>\n<td>PR<\/td>\n<td>PSL<\/td>\n<\/tr>\n<tr>\n<td>Marcelo Matos (RJ)<\/td>\n<td>PHS<\/td>\n<td>PSD<\/td>\n<\/tr>\n<tr>\n<td>Maria Helena (RR)<\/td>\n<td>PSB<\/td>\n<td>MDB<\/td>\n<\/tr>\n<tr>\n<td>Marinaldo Rosendo (PE)<\/td>\n<td>PSB<\/td>\n<td>PP<\/td>\n<\/tr>\n<tr>\n<td>Misael Varella (MG)<\/td>\n<td>DEM<\/td>\n<td>PSD<\/td>\n<\/tr>\n<tr>\n<td>Osmar Serraglio<\/td>\n<td>MDB<\/td>\n<td>PP<\/td>\n<\/tr>\n<tr>\n<td>Pastor Eurico (PE)<\/td>\n<td>PHS<\/td>\n<td>PEN\/Patriotas<\/td>\n<\/tr>\n<tr>\n<td>Pastor Marco Feliciano (SP)<\/td>\n<td>PSC<\/td>\n<td>Podemos<\/td>\n<\/tr>\n<tr>\n<td>Pedro Paulo (RJ)<\/td>\n<td>MDB<\/td>\n<td>DEM<\/td>\n<\/tr>\n<tr>\n<td>Professor Vict\u00f3rio Galli (MT)<\/td>\n<td>PSC<\/td>\n<td>PSL<\/td>\n<\/tr>\n<tr>\n<td>Roberto de Lucena (SP)<\/td>\n<td>PV<\/td>\n<td>Podemos<\/td>\n<\/tr>\n<tr>\n<td>Roberto Sales (RJ)<\/td>\n<td>PRB<\/td>\n<td>DEM<\/td>\n<\/tr>\n<tr>\n<td>Rodrigo Pacheco (MG)<\/td>\n<td>MDB<\/td>\n<td>DEM<\/td>\n<\/tr>\n<tr>\n<td>Ronaldo Fonseca (DF)<\/td>\n<td>PROS<\/td>\n<td>Podemos<\/td>\n<\/tr>\n<tr>\n<td>Sergio Zveiter (RJ)<\/td>\n<td>Podemos<\/td>\n<td>DEM<\/td>\n<\/tr>\n<tr>\n<td>Soraya Santos (RJ)<\/td>\n<td>MDB<\/td>\n<td>PR<\/td>\n<\/tr>\n<tr>\n<td>Tenente L\u00facio (MG)<\/td>\n<td>PSB<\/td>\n<td>PR<\/td>\n<\/tr>\n<tr>\n<td>Uldurico Junior<\/td>\n<td>PV<\/td>\n<td>PPL<\/td>\n<\/tr>\n<tr>\n<td>Veneziano Vital do R\u00eago (PB)<\/td>\n<td>MDB<\/td>\n<td>PSB<\/td>\n<\/tr>\n<tr>\n<td>Vicente Arruda (CE)<\/td>\n<td>PDT<\/td>\n<td>PR<\/td>\n<\/tr>\n<tr>\n<td>Vitor Valim (CE)<\/td>\n<td>MDB<\/td>\n<td>PROS<\/td>\n<\/tr>\n<tr>\n<td>Waldir Maranh\u00e3o (MA)<\/td>\n<td>Avante<\/td>\n<td>PSDB<\/td>\n<\/tr>\n<tr>\n<td>Zenaide Maia (RN)<\/td>\n<td>PR<\/td>\n<td>PHS<\/td>\n<\/tr>\n<\/tbody>\n<\/table>\n<\/div>\n<div class=\"show-table__footer\">\n<div class=\"show-table__source\">Fonte: C\u00e2mara, partidos e deputado<\/div>\n<div>\n<p><strong>CARIRI EM A\u00c7\u00c3O<\/strong><\/p>\n<p><em>Com G1 \/Foto: Reprodu\u00e7\u00e3o Internet<\/em><\/p>\n<p><strong>Leia mais not\u00edcias em\u00a0<\/strong><a href=\"http:\/\/www.caririemacao.com\/\"><strong>caririemacao.com<\/strong><\/a><strong>, siga nossa p\u00e1gina no\u00a0<\/strong><a href=\"https:\/\/www.facebook.com\/CaririEmAcao\/?ref=aymt_homepage_panel\"><strong>Facebook<\/strong><\/a>,<strong>\u00a0<\/strong><a href=\"https:\/\/www.instagram.com\/cariri_em_acao\/?hl=pt-br\"><strong>Instagram<\/strong><\/a><strong>\u00a0e <\/strong><a href=\"https:\/\/www.youtube.com\/channel\/UCAptA0jQuYQy8vMhLt2m4qg\"><strong>Youtube<\/strong><\/a><strong>\u00a0e veja nossas mat\u00e9rias, v\u00eddeos e fotos. Voc\u00ea tamb\u00e9m pode enviar informa\u00e7\u00f5es \u00e0 Reda\u00e7\u00e3o do Portal Cariri em A\u00e7\u00e3o pelo WhatsApp (83) 9 9634.5791, (83) 9 9601-1162.<\/strong><\/p>\n<\/div>\n<\/div>\n<\/div>\n<\/div>\n<\/div>\n<\/div>\n<\/div>\n","protected":false},"excerpt":{"rendered":"<p>Levantamento\u00a0mostra que, pelo menos, 80 deputados federais aproveitaram o per\u00edodo conhecido como janela partid\u00e1ria para mudar de partido (veja a lista ao final da reportagem).&hellip; <\/p>\n","protected":false},"author":2,"featured_media":47124,"comment_status":"closed","ping_status":"closed","sticky":false,"template":"","format":"standard","meta":{"sfsi_plus_gutenberg_text_before_share":"","sfsi_plus_gutenberg_show_text_before_share":"","sfsi_plus_gutenberg_icon_type":"","sfsi_plus_gutenberg_icon_alignemt":"","sfsi_plus_gutenburg_max_per_row":"","footnotes":""},"categories":[11],"tags":[],"class_list":["post-47123","post","type-post","status-publish","format-standard","has-post-thumbnail","hentry","category-politica"],"_links":{"self":[{"href":"https:\/\/www.caririemacao.com\/1\/wp-json\/wp\/v2\/posts\/47123","targetHints":{"allow":["GET"]}}],"collection":[{"href":"https:\/\/www.caririemacao.com\/1\/wp-json\/wp\/v2\/posts"}],"about":[{"href":"https:\/\/www.caririemacao.com\/1\/wp-json\/wp\/v2\/types\/post"}],"author":[{"embeddable":true,"href":"https:\/\/www.caririemacao.com\/1\/wp-json\/wp\/v2\/users\/2"}],"replies":[{"embeddable":true,"href":"https:\/\/www.caririemacao.com\/1\/wp-json\/wp\/v2\/comments?post=47123"}],"version-history":[{"count":0,"href":"https:\/\/www.caririemacao.com\/1\/wp-json\/wp\/v2\/posts\/47123\/revisions"}],"wp:featuredmedia":[{"embeddable":true,"href":"https:\/\/www.caririemacao.com\/1\/wp-json\/wp\/v2\/media\/47124"}],"wp:attachment":[{"href":"https:\/\/www.caririemacao.com\/1\/wp-json\/wp\/v2\/media?parent=47123"}],"wp:term":[{"taxonomy":"category","embeddable":true,"href":"https:\/\/www.caririemacao.com\/1\/wp-json\/wp\/v2\/categories?post=47123"},{"taxonomy":"post_tag","embeddable":true,"href":"https:\/\/www.caririemacao.com\/1\/wp-json\/wp\/v2\/tags?post=47123"}],"curies":[{"name":"wp","href":"https:\/\/api.w.org\/{rel}","templated":true}]}}