{"id":47125,"date":"2018-04-10T11:44:33","date_gmt":"2018-04-10T14:44:33","guid":{"rendered":"http:\/\/caririemacao.com\/1\/?p=47125"},"modified":"2018-04-10T11:45:10","modified_gmt":"2018-04-10T14:45:10","slug":"temer-da-posse-a-11-ministros-nesta-terca","status":"publish","type":"post","link":"https:\/\/www.caririemacao.com\/1\/2018\/04\/10\/temer-da-posse-a-11-ministros-nesta-terca\/","title":{"rendered":"Temer d\u00e1 posse a 11 ministros nesta ter\u00e7a"},"content":{"rendered":"<div class=\"mc-column\">\n<div class=\"content-publication-data\">\n<p class=\"content-publication-data__from\">\u00a0Delis Ortiz, Fl\u00e1via Foreque e Guilherme Mazui, TV Globo e G1, Bras\u00edlia<\/p>\n<p class=\"content-publication-data__updated\"><time datetime=\"2018-04-10T00:00:57.485Z\">09\/04\/2018 21h00\u00a0<\/time><span class=\"content-publication-data__updated-relative\">\u00a0<time datetime=\"2018-04-10T12:05:19.813Z\">Atualizado h\u00e1 2 horas<\/time><\/span><\/p>\n<\/div>\n<\/div>\n<div class=\"mc-article-body\">\n<article>\n<div class=\"mc-column mc-side-item__container\" data-block-type=\"ads\" data-block-id=\"0\">\n<div class=\"mc-side-item mc-side-item--right content-ads content-ads--side-ad\">\n<div id=\"banner_materia1\" class=\"tag-manager-publicidade-container\"><\/div>\n<\/div>\n<\/div>\n<div class=\"mc-column content-text active-extra-styles active-capital-letter\" data-block-type=\"unstyled\" data-block-weight=\"36\" data-block-id=\"1\">\n<p class=\"content-text__container theme-color-primary-first-letter\" data-track-category=\"Link no Texto\" data-track-links=\"\">O presidente Michel Temer dar\u00e1 posse nesta ter\u00e7a-feira (10) a 11 novos ministros (<em>veja lista ao final desta reportagem<\/em>). O principal motivo \u00e9 a sa\u00edda de ministros que ser\u00e3o candidatos nas elei\u00e7\u00f5es de outubro deste ano.<\/p>\n<\/div>\n<div class=\"mc-column content-text active-extra-styles \" data-block-type=\"unstyled\" data-block-weight=\"28\" data-block-id=\"2\">\n<p class=\"content-text__container \" data-track-category=\"Link no Texto\" data-track-links=\"\">Tr\u00eas ministros que atualmente s\u00e3o interinos ser\u00e3o confirmados como titulares pelo presidente Michel Temer: Helton Yomura (Trabalho), Gustavo Rocha (Direitos Humanos) e Marcos Jorge (Desenvolvimento, Ind\u00fastria e Com\u00e9rcio).<\/p>\n<\/div>\n<div class=\"mc-column content-text active-extra-styles \" data-block-type=\"unstyled\" data-block-weight=\"43\" data-block-id=\"3\">\n<p class=\"content-text__container \" data-track-category=\"Link no Texto\" data-track-links=\"\">O \u00fanico ministro que n\u00e3o mudou de fun\u00e7\u00e3o por motivo eleitoral foi\u00a0<a href=\"https:\/\/g1.globo.com\/economia\/noticia\/bndes-sera-ainda-mais-forte-agil-e-flexivel-diz-dyogo-oliveira.ghtml\">Dyogo Oliveira, que deixou o Planejamento para assumir a presid\u00eancia do Banco\u00a0<\/a>Nacional de Desenvolvimento Social e Econ\u00f4mico (BNDES). A posse foi nesta segunda, no Rio, com a presen\u00e7a de Temer.<\/p>\n<\/div>\n<div class=\"mc-column content-text active-extra-styles \" data-block-type=\"unstyled\" data-block-weight=\"44\" data-block-id=\"4\">\n<p class=\"content-text__container \" data-track-category=\"Link no Texto\" data-track-links=\"\">Al\u00e9m desses 11, outros\u00a0<a href=\"https:\/\/g1.globo.com\/politica\/noticia\/em-cerimonia-no-planalto-temer-da-posse-a-novos-ministros-dos-transportes-e-da-saude.ghtml\">dois novos ministros j\u00e1 assumiram os cargos na semana passada<\/a>\u00a0\u2013 Gilberto Occhi deixou a presid\u00eancia da Caixa Econ\u00f4mica Federal e assumiu o Minist\u00e9rio da Sa\u00fade, e Valter Casimiro se tornou titular do Minist\u00e9rio dos Transportes, Portos e Avia\u00e7\u00e3o Civil.<\/p>\n<\/div>\n<div class=\"mc-column content-text active-extra-styles \" data-block-type=\"unstyled\" data-block-weight=\"27\" data-block-id=\"5\">\n<p class=\"content-text__container \" data-track-category=\"Link no Texto\" data-track-links=\"\">O prazo para a sa\u00edda dos ministros que desejam se candidatar terminou no \u00faltimo s\u00e1bado (7). Ao todo, o minist\u00e9rio de Michel Temer conta com 29 ministros.<\/p>\n<\/div>\n<div class=\"mc-column content-text active-extra-styles \" data-block-type=\"unstyled\" data-block-weight=\"17\" data-block-id=\"6\">\n<p class=\"content-text__container \" data-track-category=\"Link no Texto\" data-track-links=\"\">Desses, dois continuam interinos: Joaquim Silva e Luna (Defesa) e Wagner Ros\u00e1rio (Transpar\u00eancia e Controladoria-Geral da Uni\u00e3o).<\/p>\n<\/div>\n<div class=\"mc-column content-text active-extra-styles \" data-block-type=\"unstyled\" data-block-weight=\"24\" data-block-id=\"7\">\n<p class=\"content-text__container \" data-track-category=\"Link no Texto\" data-track-links=\"\">A expectativa \u00e9 que o secret\u00e1rio-executivo do Minist\u00e9rio do Meio Ambiente, Edson Duarte, fique como interino na pasta, assim como o secret\u00e1rio-executivo da Secretaria-Geral.<\/p>\n<\/div>\n<div data-track-category=\"fim do conteudo\" data-track-action=\"ultimo chunk conteudo\" data-track-noninteraction=\"false\" data-track-scroll=\"entrada completa viewport\">\n<div class=\"row medium-uncollapsed content-text\" data-block-type=\"table-plugin\" data-block-id=\"8\">\n<div class=\"column medium-centered medium-22 large-20\">\n<div class=\"show-table content-media content-media--normal\">\n<p class=\"mc-column show-table__title\">AS POSSES DE MINISTROS NESTA TER\u00c7A-FEIRA (10)<\/p>\n<div class=\"show-table__centralized\">\n<div class=\"show-table__container\">\n<table class=\"show-table__content show-table__content--highlight-top show-table__content--highlight-left \">\n<tbody>\n<tr>\n<td>MINIST\u00c9RIO<\/td>\n<td>ENTRA<\/td>\n<td>SAI<\/td>\n<\/tr>\n<tr>\n<td>Educa\u00e7\u00e3o<\/td>\n<td>Rossieli Soares<\/td>\n<td>Mendon\u00e7a Filho<\/td>\n<\/tr>\n<tr>\n<td>Desenvolvimento Social<\/td>\n<td>Alberto Beltrame<\/td>\n<td>Osmar Terra<\/td>\n<\/tr>\n<tr>\n<td>Fazenda<\/td>\n<td>Eduardo Guardia<\/td>\n<td>Henrique Meirelles<\/td>\n<\/tr>\n<tr>\n<td>Planejamento<\/td>\n<td>Esteves Colnago<\/td>\n<td>Dyogo de Oliveira<\/td>\n<\/tr>\n<tr>\n<td>Minas e Energia<\/td>\n<td>Moreira Franco<\/td>\n<td>Fernando Coelho Filho<\/td>\n<\/tr>\n<tr>\n<td>Esporte<\/td>\n<td>Leandro Cruz Fr\u00f3es da Silva<\/td>\n<td>Leonardo Picciani<\/td>\n<\/tr>\n<tr>\n<td>Turismo<\/td>\n<td>Vinicius Lummertz<\/td>\n<td>Marx Beltr\u00e3o<\/td>\n<\/tr>\n<tr>\n<td>Integra\u00e7\u00e3o Nacional<\/td>\n<td>Ant\u00f4nio de P\u00e1dua de Deus<\/td>\n<td>Helder Barbalho<\/td>\n<\/tr>\n<tr>\n<td>Desenvolvimento, Ind\u00fastria e Com\u00e9rcio Exterior<\/td>\n<td>Marcos Jorge (atual interino)<\/td>\n<td><\/td>\n<\/tr>\n<tr>\n<td>Direitos Humanos<\/td>\n<td>Gustavo Rocha (atual interino)<\/td>\n<td><\/td>\n<\/tr>\n<tr>\n<td>Trabalho<\/td>\n<td>Helton Yomura (atual interino)<\/td>\n<td><\/td>\n<\/tr>\n<\/tbody>\n<\/table>\n<\/div>\n<div class=\"show-table__footer\">\n<p><strong>CARIRI EM A\u00c7\u00c3O<\/strong><\/p>\n<p><em>Com G1 \/Foto: Reprodu\u00e7\u00e3o Internet<\/em><\/p>\n<p><strong>Leia mais not\u00edcias em\u00a0<\/strong><a href=\"http:\/\/www.caririemacao.com\/\"><strong>caririemacao.com<\/strong><\/a><strong>, siga nossa p\u00e1gina no\u00a0<\/strong><a href=\"https:\/\/www.facebook.com\/CaririEmAcao\/?ref=aymt_homepage_panel\"><strong>Facebook<\/strong><\/a>,<strong>\u00a0<\/strong><a href=\"https:\/\/www.instagram.com\/cariri_em_acao\/?hl=pt-br\"><strong>Instagram<\/strong><\/a><strong>\u00a0e <\/strong><a href=\"https:\/\/www.youtube.com\/channel\/UCAptA0jQuYQy8vMhLt2m4qg\"><strong>Youtube<\/strong><\/a><strong>\u00a0e veja nossas mat\u00e9rias, v\u00eddeos e fotos. Voc\u00ea tamb\u00e9m pode enviar informa\u00e7\u00f5es \u00e0 Reda\u00e7\u00e3o do Portal Cariri em A\u00e7\u00e3o pelo WhatsApp (83) 9 9634.5791, (83) 9 9601-1162.<\/strong><\/p>\n<\/div>\n<\/div>\n<\/div>\n<\/div>\n<\/div>\n<\/div>\n<\/article>\n<\/div>\n","protected":false},"excerpt":{"rendered":"<p>\u00a0Delis Ortiz, Fl\u00e1via Foreque e Guilherme Mazui, TV Globo e G1, Bras\u00edlia 09\/04\/2018 21h00\u00a0\u00a0Atualizado h\u00e1 2 horas O presidente Michel Temer dar\u00e1 posse nesta ter\u00e7a-feira&hellip; <\/p>\n","protected":false},"author":2,"featured_media":33185,"comment_status":"closed","ping_status":"closed","sticky":false,"template":"","format":"standard","meta":{"sfsi_plus_gutenberg_text_before_share":"","sfsi_plus_gutenberg_show_text_before_share":"","sfsi_plus_gutenberg_icon_type":"","sfsi_plus_gutenberg_icon_alignemt":"","sfsi_plus_gutenburg_max_per_row":"","footnotes":""},"categories":[11],"tags":[],"class_list":["post-47125","post","type-post","status-publish","format-standard","has-post-thumbnail","hentry","category-politica"],"_links":{"self":[{"href":"https:\/\/www.caririemacao.com\/1\/wp-json\/wp\/v2\/posts\/47125","targetHints":{"allow":["GET"]}}],"collection":[{"href":"https:\/\/www.caririemacao.com\/1\/wp-json\/wp\/v2\/posts"}],"about":[{"href":"https:\/\/www.caririemacao.com\/1\/wp-json\/wp\/v2\/types\/post"}],"author":[{"embeddable":true,"href":"https:\/\/www.caririemacao.com\/1\/wp-json\/wp\/v2\/users\/2"}],"replies":[{"embeddable":true,"href":"https:\/\/www.caririemacao.com\/1\/wp-json\/wp\/v2\/comments?post=47125"}],"version-history":[{"count":0,"href":"https:\/\/www.caririemacao.com\/1\/wp-json\/wp\/v2\/posts\/47125\/revisions"}],"wp:featuredmedia":[{"embeddable":true,"href":"https:\/\/www.caririemacao.com\/1\/wp-json\/wp\/v2\/media\/33185"}],"wp:attachment":[{"href":"https:\/\/www.caririemacao.com\/1\/wp-json\/wp\/v2\/media?parent=47125"}],"wp:term":[{"taxonomy":"category","embeddable":true,"href":"https:\/\/www.caririemacao.com\/1\/wp-json\/wp\/v2\/categories?post=47125"},{"taxonomy":"post_tag","embeddable":true,"href":"https:\/\/www.caririemacao.com\/1\/wp-json\/wp\/v2\/tags?post=47125"}],"curies":[{"name":"wp","href":"https:\/\/api.w.org\/{rel}","templated":true}]}}