{"id":47138,"date":"2018-04-10T12:24:46","date_gmt":"2018-04-10T15:24:46","guid":{"rendered":"http:\/\/caririemacao.com\/1\/?p=47138"},"modified":"2018-04-10T12:24:46","modified_gmt":"2018-04-10T15:24:46","slug":"forca-aerea-brasileira-confirma-veracidade-de-audios-vazados-durante-voo-de-lula","status":"publish","type":"post","link":"https:\/\/www.caririemacao.com\/1\/2018\/04\/10\/forca-aerea-brasileira-confirma-veracidade-de-audios-vazados-durante-voo-de-lula\/","title":{"rendered":"For\u00e7a A\u00e9rea Brasileira confirma veracidade de \u00e1udios vazados durante voo de Lula"},"content":{"rendered":"<p>A For\u00e7a A\u00e9rea Brasileira (FAB) confirmou a veracidade de \u00e1udios que circulam nas redes sociais envolvendo comunica\u00e7\u00f5es aeron\u00e1uticas com refer\u00eancias ao ex-presidente Luiz In\u00e1cio Lula da Silva.<\/p>\n<p>A FAB, em nota divulgada no Twitter, esclarece que as duas grava\u00e7\u00f5es foram registradas na frequ\u00eancia da Torre Congonhas, em S\u00e3o Paulo, e da Torre Bacacheri, em Curitiba, na noite de s\u00e1bado (7), quando Lula era transportado para a Superintend\u00eancia da Pol\u00edcia Federal na capital paranaense.<\/p>\n<p>Em uma das grava\u00e7\u00f5es divulgadas pela imprensa, uma voz masculina, que n\u00e3o se identifica, afirma: \u201cLeva e n\u00e3o traz nunca mais\u201d e \u201cManda esse lixo janela abaixo\u201d.<\/p>\n<p>Na sequ\u00eancia, uma voz feminina alerta que a frequ\u00eancia \u00e9 gravada e pede que a pessoa se atenha \u00e0 comunica\u00e7\u00e3o padr\u00e3o utilizada em voos.<\/p>\n<p>Ainda de acordo com o comunicado, os \u00e1udios n\u00e3o foram emitidos por controladores de voo.<br \/>\n\u201cLamentavelmente, nas grava\u00e7\u00f5es em quest\u00e3o, as frequ\u00eancias foram utilizadas de modo inadequado por alguns usu\u00e1rios que se valeram do anonimato para contrariar essas regras\u201d, informa a FAB.<\/p>\n<p>Confira, na \u00edntegra, o comunicado divulgado pela FAB no Twitter:<\/p>\n<p>\u201cOs dois \u00e1udios recentes envolvendo comunica\u00e7\u00f5es aeron\u00e1uticas e contendo coment\u00e1rios externos s\u00e3o verdadeiros e ocorreram na frequ\u00eancia da Torre Congonhas, em S\u00e3o Paulo (SP), e na da Torre Bacacheri, em Curitiba (PR), ambos na noite de s\u00e1bado (07\/04).<\/p>\n<p>Podemos afirmar que as refer\u00eancias ao ex-presidente n\u00e3o foram emitidas por controladores de voo.<\/p>\n<p>As frequ\u00eancias utilizadas para essas comunica\u00e7\u00f5es aeron\u00e1uticas s\u00e3o abertas. O objetivo \u00e9 que todos na sua escuta tenham conhecimento do que est\u00e1 ocorrendo no tr\u00e1fego a\u00e9reo, condi\u00e7\u00e3o importante para manuten\u00e7\u00e3o da seguran\u00e7a operacional.<\/p>\n<p>Quem estiver conectado pode ouvir e falar, seguindo as regras do tr\u00e1fego a\u00e9reo, devendo utilizar a fraseologia padr\u00e3o e se identificar. Lamentavelmente, nas grava\u00e7\u00f5es em quest\u00e3o, as frequ\u00eancias foram utilizadas de modo inadequado por alguns usu\u00e1rios que se valeram do anonimato para contrariar essas regras\u201d.<\/p>\n<p><strong>CARIRI EM A\u00c7\u00c3O<\/strong><\/p>\n<p><em>Com Para\u00edba\u00a0online \/Foto: Reprodu\u00e7\u00e3o Intern<\/em><\/p>\n<p><strong>Leia mais not\u00edcias em\u00a0<\/strong><a href=\"http:\/\/www.caririemacao.com\/\"><strong>caririemacao.com<\/strong><\/a><strong>, siga nossa p\u00e1gina no\u00a0<\/strong><a href=\"https:\/\/www.facebook.com\/CaririEmAcao\/?ref=aymt_homepage_panel\"><strong>Facebook<\/strong><\/a>,<strong>\u00a0<\/strong><a href=\"https:\/\/www.instagram.com\/cariri_em_acao\/?hl=pt-br\"><strong>Instagram<\/strong><\/a><strong>\u00a0e <\/strong><a href=\"https:\/\/www.youtube.com\/channel\/UCAptA0jQuYQy8vMhLt2m4qg\"><strong>Youtube<\/strong><\/a><strong>\u00a0e veja nossas mat\u00e9rias, v\u00eddeos e fotos. Voc\u00ea tamb\u00e9m pode enviar informa\u00e7\u00f5es \u00e0 Reda\u00e7\u00e3o do Portal Cariri em A\u00e7\u00e3o pelo WhatsApp (83) 9 9634.5791, (83) 9 9601-1162.<\/strong><\/p>\n","protected":false},"excerpt":{"rendered":"<p>A For\u00e7a A\u00e9rea Brasileira (FAB) confirmou a veracidade de \u00e1udios que circulam nas redes sociais envolvendo comunica\u00e7\u00f5es aeron\u00e1uticas com refer\u00eancias ao ex-presidente Luiz In\u00e1cio Lula&hellip; <\/p>\n","protected":false},"author":2,"featured_media":47139,"comment_status":"closed","ping_status":"closed","sticky":false,"template":"","format":"standard","meta":{"sfsi_plus_gutenberg_text_before_share":"","sfsi_plus_gutenberg_show_text_before_share":"","sfsi_plus_gutenberg_icon_type":"","sfsi_plus_gutenberg_icon_alignemt":"","sfsi_plus_gutenburg_max_per_row":"","footnotes":""},"categories":[2],"tags":[],"class_list":["post-47138","post","type-post","status-publish","format-standard","has-post-thumbnail","hentry","category-geral"],"_links":{"self":[{"href":"https:\/\/www.caririemacao.com\/1\/wp-json\/wp\/v2\/posts\/47138","targetHints":{"allow":["GET"]}}],"collection":[{"href":"https:\/\/www.caririemacao.com\/1\/wp-json\/wp\/v2\/posts"}],"about":[{"href":"https:\/\/www.caririemacao.com\/1\/wp-json\/wp\/v2\/types\/post"}],"author":[{"embeddable":true,"href":"https:\/\/www.caririemacao.com\/1\/wp-json\/wp\/v2\/users\/2"}],"replies":[{"embeddable":true,"href":"https:\/\/www.caririemacao.com\/1\/wp-json\/wp\/v2\/comments?post=47138"}],"version-history":[{"count":0,"href":"https:\/\/www.caririemacao.com\/1\/wp-json\/wp\/v2\/posts\/47138\/revisions"}],"wp:featuredmedia":[{"embeddable":true,"href":"https:\/\/www.caririemacao.com\/1\/wp-json\/wp\/v2\/media\/47139"}],"wp:attachment":[{"href":"https:\/\/www.caririemacao.com\/1\/wp-json\/wp\/v2\/media?parent=47138"}],"wp:term":[{"taxonomy":"category","embeddable":true,"href":"https:\/\/www.caririemacao.com\/1\/wp-json\/wp\/v2\/categories?post=47138"},{"taxonomy":"post_tag","embeddable":true,"href":"https:\/\/www.caririemacao.com\/1\/wp-json\/wp\/v2\/tags?post=47138"}],"curies":[{"name":"wp","href":"https:\/\/api.w.org\/{rel}","templated":true}]}}