{"id":47141,"date":"2018-04-10T12:33:08","date_gmt":"2018-04-10T15:33:08","guid":{"rendered":"http:\/\/caririemacao.com\/1\/?p=47141"},"modified":"2018-04-10T12:33:08","modified_gmt":"2018-04-10T15:33:08","slug":"justica-autoriza-e-reuniao-de-governadores-com-lula-ocorre-a-tarde","status":"publish","type":"post","link":"https:\/\/www.caririemacao.com\/1\/2018\/04\/10\/justica-autoriza-e-reuniao-de-governadores-com-lula-ocorre-a-tarde\/","title":{"rendered":"Justi\u00e7a autoriza e reuni\u00e3o de governadores com Lula ocorre \u00e0 tarde"},"content":{"rendered":"<p>Os governadores do Nordeste conseguiram autoriza\u00e7\u00e3o da Justi\u00e7a para visitar o ex-presidente Lula (PT), em Curitiba. O petista est\u00e1 preso na carceragem da Pol\u00edcia Federal, na capital paranaense. Ele foi condenado pelo juiz S\u00e9rgio Moro sob acusa\u00e7\u00e3o de lavagem de dinheiro e corrup\u00e7\u00e3o passiva no caso da reforma no tr\u00edplex do Guaruj\u00e1, em S\u00e3o Paulo. Lula cumpre pena de 12 anos e um m\u00eas desde s\u00e1bado, quando se entregou \u00e0 PF. Todos os governadores do Nordeste confirmaram presen\u00e7a no encontro. O ex-presidente mant\u00e9m a melhor avalia\u00e7\u00e3o pessoal entre os nordestinos.<\/p>\n<p>O governador Ricardo Coutinho viajou ainda nesta segunda-feira (10) para o encontro com o ex-presidente. Ele seguiu para Curitiba em voo de carreira, segundo o alegado pelo secret\u00e1rio de Comunica\u00e7\u00e3o do Estado, Lu\u00eds Torres. A convoca\u00e7\u00e3o foi feita pelo governador do Cear\u00e1, Camilo Santana (PT). \u201cEstamos fazendo uma comitiva de governadores do Nordeste para fazer uma visita de solidariedade ao presidente. O Lula, ao meu ver, foi o maior presidente da hist\u00f3ria deste Pa\u00eds. Ele olhou para o Nordeste e tirou milh\u00f5es de brasileiros da extrema pobreza, dando dignidade aos mais pobres\u201d, disse.<\/p>\n<p>O \u00faltimo a confirmar presen\u00e7a foi o governador de Pernambuco, Paulo C\u00e2mara (PSB). O socialista esperou a autoriza\u00e7\u00e3o da Justi\u00e7a, em rela\u00e7\u00e3o \u00e0 visita, para poder confirmar a ida. Ele se encontra em Bras\u00edlia e segue para Curitiba. O secret\u00e1rio de Comunica\u00e7\u00e3o de Pernambuco, \u00cannio Bening, disse que a expectativa \u00e9 a de realiza\u00e7\u00e3o da visita na tarde desta ter\u00e7a-feira (10).<\/p>\n<p><strong>CARIRI EM A\u00c7\u00c3O<\/strong><\/p>\n<p><em>Com \u00a0Jornal da Para\u00edba \/Foto: Reprodu\u00e7\u00e3o Internet<\/em><\/p>\n<p><strong>Leia mais not\u00edcias em\u00a0<\/strong><a href=\"http:\/\/www.caririemacao.com\/\"><strong>caririemacao.com<\/strong><\/a><strong>, siga nossa p\u00e1gina no\u00a0<\/strong><a href=\"https:\/\/www.facebook.com\/CaririEmAcao\/?ref=aymt_homepage_panel\"><strong>Facebook<\/strong><\/a>,<strong>\u00a0<\/strong><a href=\"https:\/\/www.instagram.com\/cariri_em_acao\/?hl=pt-br\"><strong>Instagram<\/strong><\/a><strong>\u00a0e <\/strong><a href=\"https:\/\/www.youtube.com\/channel\/UCAptA0jQuYQy8vMhLt2m4qg\"><strong>Youtube<\/strong><\/a><strong>\u00a0e veja nossas mat\u00e9rias, v\u00eddeos e fotos. Voc\u00ea tamb\u00e9m pode enviar informa\u00e7\u00f5es \u00e0 Reda\u00e7\u00e3o do Portal Cariri em A\u00e7\u00e3o pelo WhatsApp (83) 9 9634.5791, (83) 9 9601-1162.<\/strong><\/p>\n","protected":false},"excerpt":{"rendered":"<p>Os governadores do Nordeste conseguiram autoriza\u00e7\u00e3o da Justi\u00e7a para visitar o ex-presidente Lula (PT), em Curitiba. O petista est\u00e1 preso na carceragem da Pol\u00edcia Federal,&hellip; <\/p>\n","protected":false},"author":2,"featured_media":47142,"comment_status":"closed","ping_status":"closed","sticky":false,"template":"","format":"standard","meta":{"sfsi_plus_gutenberg_text_before_share":"","sfsi_plus_gutenberg_show_text_before_share":"","sfsi_plus_gutenberg_icon_type":"","sfsi_plus_gutenberg_icon_alignemt":"","sfsi_plus_gutenburg_max_per_row":"","footnotes":""},"categories":[2],"tags":[],"class_list":["post-47141","post","type-post","status-publish","format-standard","has-post-thumbnail","hentry","category-geral"],"_links":{"self":[{"href":"https:\/\/www.caririemacao.com\/1\/wp-json\/wp\/v2\/posts\/47141","targetHints":{"allow":["GET"]}}],"collection":[{"href":"https:\/\/www.caririemacao.com\/1\/wp-json\/wp\/v2\/posts"}],"about":[{"href":"https:\/\/www.caririemacao.com\/1\/wp-json\/wp\/v2\/types\/post"}],"author":[{"embeddable":true,"href":"https:\/\/www.caririemacao.com\/1\/wp-json\/wp\/v2\/users\/2"}],"replies":[{"embeddable":true,"href":"https:\/\/www.caririemacao.com\/1\/wp-json\/wp\/v2\/comments?post=47141"}],"version-history":[{"count":0,"href":"https:\/\/www.caririemacao.com\/1\/wp-json\/wp\/v2\/posts\/47141\/revisions"}],"wp:featuredmedia":[{"embeddable":true,"href":"https:\/\/www.caririemacao.com\/1\/wp-json\/wp\/v2\/media\/47142"}],"wp:attachment":[{"href":"https:\/\/www.caririemacao.com\/1\/wp-json\/wp\/v2\/media?parent=47141"}],"wp:term":[{"taxonomy":"category","embeddable":true,"href":"https:\/\/www.caririemacao.com\/1\/wp-json\/wp\/v2\/categories?post=47141"},{"taxonomy":"post_tag","embeddable":true,"href":"https:\/\/www.caririemacao.com\/1\/wp-json\/wp\/v2\/tags?post=47141"}],"curies":[{"name":"wp","href":"https:\/\/api.w.org\/{rel}","templated":true}]}}