{"id":47147,"date":"2018-04-10T12:42:51","date_gmt":"2018-04-10T15:42:51","guid":{"rendered":"http:\/\/caririemacao.com\/1\/?p=47147"},"modified":"2018-04-10T12:42:51","modified_gmt":"2018-04-10T15:42:51","slug":"pensei-que-fosse-doenca-da-idade-media-o-novo-avanco-da-sifilis-no-mundo-e-no-brasil","status":"publish","type":"post","link":"https:\/\/www.caririemacao.com\/1\/2018\/04\/10\/pensei-que-fosse-doenca-da-idade-media-o-novo-avanco-da-sifilis-no-mundo-e-no-brasil\/","title":{"rendered":"&#8216;Pensei que fosse doen\u00e7a da Idade M\u00e9dia&#8217;: o novo avan\u00e7o da s\u00edfilis no mundo e no Brasil"},"content":{"rendered":"<p>&#8220;Eu pensei que a s\u00edfilis era algo da Idade M\u00e9dia, que havia desaparecido e que n\u00e3o era algo que poderia ocorrer nos tempos modernos.&#8221;<\/p>\n<p>Quem diz isso \u00e9 Gavin, jovem brit\u00e2nico que descobriu ter a doen\u00e7a ao realizar um teste caseiro para detectar infec\u00e7\u00f5es sexualmente transmiss\u00edveis (DSTs).<\/p>\n<p>Sem apresentar nenhum sintoma da doen\u00e7a, ele teve sorte ao identific\u00e1-la antes de sofrer consequ\u00eancias que poderiam ser muito graves.<\/p>\n<p>&#8220;Descobri a infec\u00e7\u00e3o na etapa secund\u00e1ria (da doen\u00e7a), um ano depois do cont\u00e1gio. Depois dessa etapa, a doen\u00e7a pode causar loucura, cegueira e at\u00e9 mesmo a morte.&#8221;<\/p>\n<p>O caso de Gavin serve de alerta para um aumento dos casos notificados de s\u00edfilis em diversos pa\u00edses do mundo, incluindo o Brasil.<\/p>\n<p>Na Inglaterra, por exemplo, o n\u00famero de casos da doen\u00e7a chegou ao maior n\u00edvel desde 1949; nos EUA, dados de 2017 apontam que a s\u00edfilis avan\u00e7ou em todas as regi\u00f5es e na maioria dos grupos et\u00e1rios. Segundo a Organiza\u00e7\u00e3o Mundial da Sa\u00fade (OMS), a cada ano, 5,6 milh\u00f5es de pessoas contraem s\u00edfilis no mundo.<\/p>\n<p>E \u00e9 uma infec\u00e7\u00e3o que se propaga mais facilmente que outras DSTs, como gonorreia e clam\u00eddia.<\/p>\n<p>No Brasil, a s\u00edfilis adquirida (ou seja, em adultos) teve aumento de 27,9% entre 2015 e 2016 (dados mais recentes dispon\u00edveis), segundo o Minist\u00e9rio da Sa\u00fade. Em 2016, foram registrados 87.593 mil casos em adultos. As infec\u00e7\u00f5es por s\u00edfilis cong\u00eanita em beb\u00eas, passada de m\u00e3e para filho na gesta\u00e7\u00e3o, cresceu 4,7%.<\/p>\n<p>O minist\u00e9rio disse em 2017 que esses n\u00fameros s\u00e3o resultado de um desabastecimento da penicilina (medicamento mais efetivo contra a s\u00edfilis), mas tamb\u00e9m do aumento nos diagn\u00f3sticos, por conta da distribui\u00e7\u00e3o de testes na rede p\u00fablica de sa\u00fade.<\/p>\n<p><strong>Sintomas (ou aus\u00eancia deles)<\/strong><\/p>\n<p>Em alguns casos, os sintomas da s\u00edfilis em adultos s\u00e3o:<\/p>\n<p>&#8211; \u00falceras genitais<\/p>\n<p>&#8211; erup\u00e7\u00f5es generalizadas na pele, ou na palma das m\u00e3os e plantas dos p\u00e9s<\/p>\n<p>&#8211; cansa\u00e7o e dor de cabe\u00e7a<\/p>\n<p>&#8211; febre e dor nas articula\u00e7\u00f5es<\/p>\n<p>O problema \u00e9 que, diferentemente do que acontece com outras DSTs, uma pessoa pode estar infectada com s\u00edfilis e n\u00e3o apresentar nenhum sintoma. E, dessa forma, acaba contagiando outras pessoas inadvertidamente.<\/p>\n<p>Foi o caso de Gavin, que descobriu a doen\u00e7a justamente na fase chamada s\u00edfilis secund\u00e1ria, que \u00e9 a etapa mais contagiosa da doen\u00e7a.<\/p>\n<p>&#8220;Eu n\u00e3o tinha nenhum sintoma. N\u00e3o sabia que estava infectado, porque a doen\u00e7a fica oculta. E voc\u00ea acaba passando ela adiante sem sequer saber&#8221;, diz \u00e0 BBC.<\/p>\n<p>A s\u00edfilis \u00e9 provocada pela bact\u00e9ria\u00a0<em>Treponema pallidum<\/em>\u00a0e transmitida sobretudo pela via sexual (pela les\u00e3o genital que causa), seja vaginal, anal ou oral.<\/p>\n<p>\u00c9, tamb\u00e9m, transmitida de m\u00e3e para filhos durante a gravidez -e tamb\u00e9m a segunda maior causa de mortalidade entre rec\u00e9m-nascidos no mundo.<\/p>\n<p>Para cumprir a meta da OMS de eliminar as mortes por s\u00edfilis cong\u00eanita, o Brasil ter\u00e1 de reduzir a taxa atual de 6,8 casos por mil nascidos vivos para no m\u00e1ximo 0,5 por mil.<\/p>\n<p>Isso seria fact\u00edvel no curto prazo &#8220;porque a s\u00edfilis \u00e9 facilmente detectada e tratada. Tendo o teste r\u00e1pido e tendo a penicilina, \u00e9 poss\u00edvel alcan\u00e7ar a elimina\u00e7\u00e3o (da doen\u00e7a)&#8221;, disse \u00e0 Ag\u00eancia Brasil em 2017 Adele Benzaken, diretora do Departamento de Vigil\u00e2ncia, Preven\u00e7\u00e3o e Controle de DSTs, HIV\/Aids e Hepatites Virais do minist\u00e9rio.<\/p>\n<p><strong>Tabus e consequ\u00eancias<\/strong><\/p>\n<p>Mas, entre adultos, a doen\u00e7a ainda enfrenta tabus.<\/p>\n<p>&#8220;Falei com alguns amigos sobre a infec\u00e7\u00e3o, mas n\u00e3o disse nada a meus pais. Seria uma conversa muito estranha e constrangedora&#8221;, prossegue o brit\u00e2nico Gavin &#8211; que tamb\u00e9m descobriu ser HIV positivo.<\/p>\n<p>&#8220;Voc\u00ea conta com um grande apoio quando tem HIV, h\u00e1 muita conversa sobre isso. Mas sobre a s\u00edfilis n\u00e3o se fala absolutamente nada&#8221;, diz ele. &#8220;Tampouco se fala dos perigos pelo fato de a infec\u00e7\u00e3o n\u00e3o ter sintomas em algumas pessoas, pelo fato de que se voc\u00ea tem rela\u00e7\u00f5es sexuais n\u00e3o protegidas voc\u00ea tem que se submeter a um teste (de DST).&#8221;<\/p>\n<p>O tratamento consiste em antibi\u00f3tico &#8211; penicilina benzatina para adultos e penicilina cristalina em beb\u00eas.<\/p>\n<p>\u00c9 crucial, por\u00e9m, fazer o diagn\u00f3stico o mais cedo poss\u00edvel, uma vez que, sem tratamento, a infec\u00e7\u00e3o pode perdurar anos e causar problemas s\u00e9rios de sa\u00fade a longo prazo, como derrames, sintomas de dem\u00eancia, perda de coordena\u00e7\u00e3o, cegueira e males card\u00edacos. E, ainda que a s\u00edfilis possa ser tratada nesse est\u00e1gio posterior, os danos causados por ela podem ser irrevers\u00edveis.<\/p>\n<p>Por fim, as \u00falceras genitais causadas pela s\u00edfilis s\u00e3o uma porta de entrada para o cont\u00e1gio tamb\u00e9m pelo v\u00edrus HIV, como foi o caso de Gavin.<\/p>\n<p><strong>CARIRI EM A\u00c7\u00c3O<\/strong><\/p>\n<p><em>Com BBC \/Foto: Reprodu\u00e7\u00e3o Internet<\/em><\/p>\n<p><strong>Leia mais not\u00edcias em\u00a0<\/strong><a href=\"http:\/\/www.caririemacao.com\/\"><strong>caririemacao.com<\/strong><\/a><strong>, siga nossa p\u00e1gina no\u00a0<\/strong><a href=\"https:\/\/www.facebook.com\/CaririEmAcao\/?ref=aymt_homepage_panel\"><strong>Facebook<\/strong><\/a>,<strong>\u00a0<\/strong><a href=\"https:\/\/www.instagram.com\/cariri_em_acao\/?hl=pt-br\"><strong>Instagram<\/strong><\/a><strong>\u00a0e <\/strong><a href=\"https:\/\/www.youtube.com\/channel\/UCAptA0jQuYQy8vMhLt2m4qg\"><strong>Youtube<\/strong><\/a><strong>\u00a0e veja nossas mat\u00e9rias, v\u00eddeos e fotos. Voc\u00ea tamb\u00e9m pode enviar informa\u00e7\u00f5es \u00e0 Reda\u00e7\u00e3o do Portal Cariri em A\u00e7\u00e3o pelo WhatsApp (83) 9 9634.5791, (83) 9 9601-1162.<\/strong><\/p>\n","protected":false},"excerpt":{"rendered":"<p>&#8220;Eu pensei que a s\u00edfilis era algo da Idade M\u00e9dia, que havia desaparecido e que n\u00e3o era algo que poderia ocorrer nos tempos modernos.&#8221; Quem&hellip; <\/p>\n","protected":false},"author":2,"featured_media":47148,"comment_status":"closed","ping_status":"closed","sticky":false,"template":"","format":"standard","meta":{"sfsi_plus_gutenberg_text_before_share":"","sfsi_plus_gutenberg_show_text_before_share":"","sfsi_plus_gutenberg_icon_type":"","sfsi_plus_gutenberg_icon_alignemt":"","sfsi_plus_gutenburg_max_per_row":"","footnotes":""},"categories":[16],"tags":[],"class_list":["post-47147","post","type-post","status-publish","format-standard","has-post-thumbnail","hentry","category-saude"],"_links":{"self":[{"href":"https:\/\/www.caririemacao.com\/1\/wp-json\/wp\/v2\/posts\/47147","targetHints":{"allow":["GET"]}}],"collection":[{"href":"https:\/\/www.caririemacao.com\/1\/wp-json\/wp\/v2\/posts"}],"about":[{"href":"https:\/\/www.caririemacao.com\/1\/wp-json\/wp\/v2\/types\/post"}],"author":[{"embeddable":true,"href":"https:\/\/www.caririemacao.com\/1\/wp-json\/wp\/v2\/users\/2"}],"replies":[{"embeddable":true,"href":"https:\/\/www.caririemacao.com\/1\/wp-json\/wp\/v2\/comments?post=47147"}],"version-history":[{"count":0,"href":"https:\/\/www.caririemacao.com\/1\/wp-json\/wp\/v2\/posts\/47147\/revisions"}],"wp:featuredmedia":[{"embeddable":true,"href":"https:\/\/www.caririemacao.com\/1\/wp-json\/wp\/v2\/media\/47148"}],"wp:attachment":[{"href":"https:\/\/www.caririemacao.com\/1\/wp-json\/wp\/v2\/media?parent=47147"}],"wp:term":[{"taxonomy":"category","embeddable":true,"href":"https:\/\/www.caririemacao.com\/1\/wp-json\/wp\/v2\/categories?post=47147"},{"taxonomy":"post_tag","embeddable":true,"href":"https:\/\/www.caririemacao.com\/1\/wp-json\/wp\/v2\/tags?post=47147"}],"curies":[{"name":"wp","href":"https:\/\/api.w.org\/{rel}","templated":true}]}}