{"id":47150,"date":"2018-04-10T12:47:20","date_gmt":"2018-04-10T15:47:20","guid":{"rendered":"http:\/\/caririemacao.com\/1\/?p=47150"},"modified":"2018-04-10T12:47:20","modified_gmt":"2018-04-10T15:47:20","slug":"com-viagem-de-temer-carmen-assumira-presidencia-na-sexta","status":"publish","type":"post","link":"https:\/\/www.caririemacao.com\/1\/2018\/04\/10\/com-viagem-de-temer-carmen-assumira-presidencia-na-sexta\/","title":{"rendered":"Com viagem de Temer, C\u00e1rmen assumir\u00e1 presid\u00eancia na sexta"},"content":{"rendered":"<p>A presidente do Supremo Tribunal Federal (STF), ministra C\u00e1rmen L\u00facia, assumir\u00e1 interinamente por dois dias o cargo de presidente da Rep\u00fablica na pr\u00f3xima sexta-feira, devido a uma viagem do presidente Michel Temer, que ir\u00e1 participar da C\u00fapula das Am\u00e9ricas. C\u00e1rmen ser\u00e1 a segunda mulher a ocupar o cargo.<\/p>\n<p>De acordo com a ordem sucess\u00f3ria, na aus\u00eancia de um vice-presidente, quem deveria assumir seria o presidente da C\u00e2mara, Rodrigo Maia (DEM-RJ), ou o presidente do Senado, Eun\u00edcio Oliveira (PMDB-CE), respectivamente. No entanto, tanto Maia quanto Eun\u00edcio ir\u00e3o se candidatar nas elei\u00e7\u00f5es de outubro, fato que os impede, pela legisla\u00e7\u00e3o eleitoral, de assumir um cargo do Executivo seis meses antes do pleito. Al\u00e9m disso, ambos estar\u00e3o em viagem internacional a partir de quinta-feira. Rodrigo Maia tem uma viagem prevista para o Panam\u00e1, enquanto Eun\u00edcio viaja ao Jap\u00e3o.<\/p>\n<p>Na aus\u00eancia do presidente e vice, e dos presidentes da C\u00e2mara e Senado, a presidente do Supremo Tribunal Federal, sendo a pr\u00f3xima na linha sucess\u00f3ria, assume o posto.<\/p>\n<p>O \u00faltimo presidente do Supremo a ocupar o cargo de presidente da Rep\u00fablica foi o ministro Ricardo Lewandowski, em setembro de 2014, em uma situa\u00e7\u00e3o semelhante \u00e0 atual. Lewandowski ocupou o cargo interinamente por dois dias em fun\u00e7\u00e3o das viagens da ent\u00e3o presidente Dilma Rousseff, e do ent\u00e3o vice-presidente Michel Temer. Na \u00e9poca, os presidentes da C\u00e2mara, Henrique Alves (PMDB-RN), e do Senado, Renan Calheiros (PMDB-AL), tamb\u00e9m n\u00e3o poderiam assumir pois eram candidatos. Ambos se licenciaram dos cargos para n\u00e3o assumir a presid\u00eancia da Rep\u00fablica.<\/p>\n<p><strong>CARIRI EM A\u00c7\u00c3O<\/strong><\/p>\n<p><em>Com Ag\u00eancia Globo \/Foto: Reprodu\u00e7\u00e3o Internet\u00a0<\/em><\/p>\n<p><strong>Leia mais not\u00edcias em\u00a0<\/strong><a href=\"http:\/\/www.caririemacao.com\/\"><strong>caririemacao.com<\/strong><\/a><strong>, siga nossa p\u00e1gina no\u00a0<\/strong><a href=\"https:\/\/www.facebook.com\/CaririEmAcao\/?ref=aymt_homepage_panel\"><strong>Facebook<\/strong><\/a>,<strong>\u00a0<\/strong><a href=\"https:\/\/www.instagram.com\/cariri_em_acao\/?hl=pt-br\"><strong>Instagram<\/strong><\/a><strong>\u00a0e <\/strong><a href=\"https:\/\/www.youtube.com\/channel\/UCAptA0jQuYQy8vMhLt2m4qg\"><strong>Youtube<\/strong><\/a><strong>\u00a0e veja nossas mat\u00e9rias, v\u00eddeos e fotos. Voc\u00ea tamb\u00e9m pode enviar informa\u00e7\u00f5es \u00e0 Reda\u00e7\u00e3o do Portal Cariri em A\u00e7\u00e3o pelo WhatsApp (83) 9 9634.5791, (83) 9 9601-1162.<\/strong><\/p>\n","protected":false},"excerpt":{"rendered":"<p>A presidente do Supremo Tribunal Federal (STF), ministra C\u00e1rmen L\u00facia, assumir\u00e1 interinamente por dois dias o cargo de presidente da Rep\u00fablica na pr\u00f3xima sexta-feira, devido&hellip; <\/p>\n","protected":false},"author":2,"featured_media":43681,"comment_status":"closed","ping_status":"closed","sticky":false,"template":"","format":"standard","meta":{"sfsi_plus_gutenberg_text_before_share":"","sfsi_plus_gutenberg_show_text_before_share":"","sfsi_plus_gutenberg_icon_type":"","sfsi_plus_gutenberg_icon_alignemt":"","sfsi_plus_gutenburg_max_per_row":"","footnotes":""},"categories":[11],"tags":[],"class_list":["post-47150","post","type-post","status-publish","format-standard","has-post-thumbnail","hentry","category-politica"],"_links":{"self":[{"href":"https:\/\/www.caririemacao.com\/1\/wp-json\/wp\/v2\/posts\/47150","targetHints":{"allow":["GET"]}}],"collection":[{"href":"https:\/\/www.caririemacao.com\/1\/wp-json\/wp\/v2\/posts"}],"about":[{"href":"https:\/\/www.caririemacao.com\/1\/wp-json\/wp\/v2\/types\/post"}],"author":[{"embeddable":true,"href":"https:\/\/www.caririemacao.com\/1\/wp-json\/wp\/v2\/users\/2"}],"replies":[{"embeddable":true,"href":"https:\/\/www.caririemacao.com\/1\/wp-json\/wp\/v2\/comments?post=47150"}],"version-history":[{"count":0,"href":"https:\/\/www.caririemacao.com\/1\/wp-json\/wp\/v2\/posts\/47150\/revisions"}],"wp:featuredmedia":[{"embeddable":true,"href":"https:\/\/www.caririemacao.com\/1\/wp-json\/wp\/v2\/media\/43681"}],"wp:attachment":[{"href":"https:\/\/www.caririemacao.com\/1\/wp-json\/wp\/v2\/media?parent=47150"}],"wp:term":[{"taxonomy":"category","embeddable":true,"href":"https:\/\/www.caririemacao.com\/1\/wp-json\/wp\/v2\/categories?post=47150"},{"taxonomy":"post_tag","embeddable":true,"href":"https:\/\/www.caririemacao.com\/1\/wp-json\/wp\/v2\/tags?post=47150"}],"curies":[{"name":"wp","href":"https:\/\/api.w.org\/{rel}","templated":true}]}}