{"id":47187,"date":"2018-04-10T13:17:31","date_gmt":"2018-04-10T16:17:31","guid":{"rendered":"http:\/\/caririemacao.com\/1\/?p=47187"},"modified":"2018-04-10T13:17:31","modified_gmt":"2018-04-10T16:17:31","slug":"moro-nenhum-outro-privilegio-foi-concedido-a-lula","status":"publish","type":"post","link":"https:\/\/www.caririemacao.com\/1\/2018\/04\/10\/moro-nenhum-outro-privilegio-foi-concedido-a-lula\/","title":{"rendered":"Moro: &#8220;Nenhum outro privil\u00e9gio foi concedido&#8221; a Lula"},"content":{"rendered":"<p>O juiz S\u00e9rgio Moro fez quest\u00e3o se salientar que &#8220;nenhum outro privil\u00e9gio foi concedido&#8221; ao ex-presidente Luiz In\u00e1cio Lula da Silva, al\u00e9m da sala onde ele cumpre pena, isolado dos demais presos, e um aparelho de televis\u00e3o.<\/p>\n<p>O coment\u00e1rio integra a ficha do petista, enviada \u00e0 12\u00aa Vara Federal, para\u00a0in\u00edcio do processo de execu\u00e7\u00e3o penal.<\/p>\n<p>Segundo Moro o ex-presidente n\u00e3o ter\u00e1 privil\u00e9gios nas visitas. &#8220;aplicando-se o regime geral de visitas da carceragem da Pol\u00edcia Federal, a fim de n\u00e3o inviabilizar o adequado funcionamento da reparti\u00e7\u00e3o p\u00fablica, tamb\u00e9m n\u00e3o se justificando novos privil\u00e9gios em rela\u00e7\u00e3o aos demais condenados&#8221;.<\/p>\n<p>Os demais presos podem receber a visita de familiares apenas uma vez por semana. Lula tamb\u00e9m tem direito a banho de sol di\u00e1rio de duas horas.<\/p>\n<p>Lula est\u00e1 preso desde o \u00faltimo s\u00e1bado (7), na Superintend\u00eancia da Pol\u00edcia Federal em Curitiba. O juiz da Lava Jato determinou que, inicialmente, ele permane\u00e7a em uma sala separada da carceragem. O local tem cama, banheiro privativo e uma televis\u00e3o. Ele tamb\u00e9m pode receber visita dos advogados nos dias \u00fateis.<\/p>\n<div id=\"inner-ad-container\" class=\"ad\">\n<div>O in\u00edcio do cumprimento da pena do ex-presidente foi determinado na quinta-feira (4), um dia ap\u00f3s o\u00a0STF (Supremo Tribunal Federal) rejeitar pedido de habeas corpus\u00a0feito pela defesa dele.<\/div>\n<\/div>\n<p>Com tamb\u00e9m rejei\u00e7\u00e3o dos embargos de declara\u00e7\u00e3o pelo TRF4 (Tribunal Regional Federal da 4\u00aa Regi\u00e3o), a segunda inst\u00e2ncia do processo, a Corte entendeu que Lula j\u00e1 poderia ir para a cadeia.<\/p>\n<p>O ex-presidente foi condenado em julho do ano passado por Moro a nove anos e meio de pris\u00e3o, por corrup\u00e7\u00e3o passiva e lavagem de dinheiro, no caso do tr\u00edplex do Guaruj\u00e1 (SP).<\/p>\n<p>Os advogados do petista apelaram ao TRF4, que manteve a condena\u00e7\u00e3o e aumentou a pena para 12 anos e um m\u00eas de pris\u00e3o em regime fechado.<\/p>\n<p><strong>CARIRI EM A\u00c7\u00c3O<\/strong><\/p>\n<p><em>Com R7\/Foto: Reprodu\u00e7\u00e3o Internet<\/em><\/p>\n<p><strong>Leia mais not\u00edcias em\u00a0<\/strong><a href=\"http:\/\/www.caririemacao.com\/\"><strong>caririemacao.com<\/strong><\/a><strong>, siga nossa p\u00e1gina no\u00a0<\/strong><a href=\"https:\/\/www.facebook.com\/CaririEmAcao\/?ref=aymt_homepage_panel\"><strong>Facebook<\/strong><\/a>,<strong>\u00a0<\/strong><a href=\"https:\/\/www.instagram.com\/cariri_em_acao\/?hl=pt-br\"><strong>Instagram<\/strong><\/a><strong>\u00a0e <\/strong><a href=\"https:\/\/www.youtube.com\/channel\/UCAptA0jQuYQy8vMhLt2m4qg\"><strong>Youtube<\/strong><\/a><strong>\u00a0e veja nossas mat\u00e9rias, v\u00eddeos e fotos. Voc\u00ea tamb\u00e9m pode enviar informa\u00e7\u00f5es \u00e0 Reda\u00e7\u00e3o do Portal Cariri em A\u00e7\u00e3o pelo WhatsApp (83) 9 9634.5791, (83) 9 9601-1162.<\/strong><\/p>\n","protected":false},"excerpt":{"rendered":"<p>O juiz S\u00e9rgio Moro fez quest\u00e3o se salientar que &#8220;nenhum outro privil\u00e9gio foi concedido&#8221; ao ex-presidente Luiz In\u00e1cio Lula da Silva, al\u00e9m da sala onde&hellip; <\/p>\n","protected":false},"author":2,"featured_media":6863,"comment_status":"closed","ping_status":"closed","sticky":false,"template":"","format":"standard","meta":{"sfsi_plus_gutenberg_text_before_share":"","sfsi_plus_gutenberg_show_text_before_share":"","sfsi_plus_gutenberg_icon_type":"","sfsi_plus_gutenberg_icon_alignemt":"","sfsi_plus_gutenburg_max_per_row":"","footnotes":""},"categories":[2],"tags":[],"class_list":["post-47187","post","type-post","status-publish","format-standard","has-post-thumbnail","hentry","category-geral"],"_links":{"self":[{"href":"https:\/\/www.caririemacao.com\/1\/wp-json\/wp\/v2\/posts\/47187","targetHints":{"allow":["GET"]}}],"collection":[{"href":"https:\/\/www.caririemacao.com\/1\/wp-json\/wp\/v2\/posts"}],"about":[{"href":"https:\/\/www.caririemacao.com\/1\/wp-json\/wp\/v2\/types\/post"}],"author":[{"embeddable":true,"href":"https:\/\/www.caririemacao.com\/1\/wp-json\/wp\/v2\/users\/2"}],"replies":[{"embeddable":true,"href":"https:\/\/www.caririemacao.com\/1\/wp-json\/wp\/v2\/comments?post=47187"}],"version-history":[{"count":0,"href":"https:\/\/www.caririemacao.com\/1\/wp-json\/wp\/v2\/posts\/47187\/revisions"}],"wp:featuredmedia":[{"embeddable":true,"href":"https:\/\/www.caririemacao.com\/1\/wp-json\/wp\/v2\/media\/6863"}],"wp:attachment":[{"href":"https:\/\/www.caririemacao.com\/1\/wp-json\/wp\/v2\/media?parent=47187"}],"wp:term":[{"taxonomy":"category","embeddable":true,"href":"https:\/\/www.caririemacao.com\/1\/wp-json\/wp\/v2\/categories?post=47187"},{"taxonomy":"post_tag","embeddable":true,"href":"https:\/\/www.caririemacao.com\/1\/wp-json\/wp\/v2\/tags?post=47187"}],"curies":[{"name":"wp","href":"https:\/\/api.w.org\/{rel}","templated":true}]}}