{"id":47210,"date":"2018-04-11T19:53:53","date_gmt":"2018-04-11T22:53:53","guid":{"rendered":"http:\/\/caririemacao.com\/1\/?p=47210"},"modified":"2018-04-11T19:53:53","modified_gmt":"2018-04-11T22:53:53","slug":"irmao-de-vereador-e-executado-em-estrada-na-paraiba","status":"publish","type":"post","link":"https:\/\/www.caririemacao.com\/1\/2018\/04\/11\/irmao-de-vereador-e-executado-em-estrada-na-paraiba\/","title":{"rendered":"Irm\u00e3o de vereador \u00e9 executado em estrada na Para\u00edba"},"content":{"rendered":"<p>O irm\u00e3o do vereador Tejo, Jos\u00e9 Fabiano de Oliveira, foi assassinado a queima roupa na tarde desta quarta-feira (11) na estrada de S\u00e3o Jos\u00e9 dos Cordeiros que d\u00e1 acesso ao munic\u00edpio de Livramento. O crime ocorreu pr\u00f3ximo ao Rio S\u00e3o Gon\u00e7alo.<\/p>\n<p>Segundo informa\u00e7\u00f5es repassadas pela pol\u00edcia, Fabiano estava passando pela estrada de moto quando outros homens j\u00e1 de tocaia apareceram repentinamente e efetuaram cerca de 10 disparos de arma de fogo contra a v\u00edtima.<\/p>\n<p>O IML se dirigiu ao local do crime, mas segundo a pr\u00f3pria pol\u00edcia \u00e9 poss\u00edvel perceber marcas de tiros por todo o corpo.<\/p>\n<p>O crime deve ter sido motivado por acerto de contas, mas s\u00f3 a Pol\u00edcia Civil em investiga\u00e7\u00e3o conseguir\u00e1 descobrir o real motivo e respons\u00e1veis pelo assassinato. Quem tiver informa\u00e7\u00f5es importantes podem repassar anonimamente para o telefone 197 da Pol\u00edcia Civil.<\/p>\n<p><strong>CARIRI EM A\u00c7\u00c3O<\/strong><\/p>\n<p><em>Com Wscom\/Foto: Wscom<\/em><\/p>\n<p><strong>Leia mais not\u00edcias em\u00a0<\/strong><a href=\"http:\/\/www.caririemacao.com\/\"><strong>caririemacao.com<\/strong><\/a><strong>, siga nossa p\u00e1gina no\u00a0<\/strong><a href=\"https:\/\/www.facebook.com\/CaririEmAcao\/?ref=aymt_homepage_panel\"><strong>Facebook<\/strong><\/a>,<strong>\u00a0<\/strong><a href=\"https:\/\/www.instagram.com\/cariri_em_acao\/?hl=pt-br\"><strong>Instagram<\/strong><\/a><strong>\u00a0e\u00a0<\/strong><a href=\"https:\/\/www.youtube.com\/channel\/UCAptA0jQuYQy8vMhLt2m4qg\"><strong>Youtube<\/strong><\/a><strong>\u00a0e veja nossas mat\u00e9rias, v\u00eddeos e fotos. Voc\u00ea tamb\u00e9m pode enviar informa\u00e7\u00f5es \u00e0 Reda\u00e7\u00e3o do Portal Cariri em A\u00e7\u00e3o pelo WhatsApp (83) 9 9634.5791, (83) 9 9601-1162.<\/strong><\/p>\n","protected":false},"excerpt":{"rendered":"<p>O irm\u00e3o do vereador Tejo, Jos\u00e9 Fabiano de Oliveira, foi assassinado a queima roupa na tarde desta quarta-feira (11) na estrada de S\u00e3o Jos\u00e9 dos&hellip; <\/p>\n","protected":false},"author":2,"featured_media":47211,"comment_status":"closed","ping_status":"closed","sticky":false,"template":"","format":"standard","meta":{"sfsi_plus_gutenberg_text_before_share":"","sfsi_plus_gutenberg_show_text_before_share":"","sfsi_plus_gutenberg_icon_type":"","sfsi_plus_gutenberg_icon_alignemt":"","sfsi_plus_gutenburg_max_per_row":"","footnotes":""},"categories":[12],"tags":[],"class_list":["post-47210","post","type-post","status-publish","format-standard","has-post-thumbnail","hentry","category-policia"],"_links":{"self":[{"href":"https:\/\/www.caririemacao.com\/1\/wp-json\/wp\/v2\/posts\/47210","targetHints":{"allow":["GET"]}}],"collection":[{"href":"https:\/\/www.caririemacao.com\/1\/wp-json\/wp\/v2\/posts"}],"about":[{"href":"https:\/\/www.caririemacao.com\/1\/wp-json\/wp\/v2\/types\/post"}],"author":[{"embeddable":true,"href":"https:\/\/www.caririemacao.com\/1\/wp-json\/wp\/v2\/users\/2"}],"replies":[{"embeddable":true,"href":"https:\/\/www.caririemacao.com\/1\/wp-json\/wp\/v2\/comments?post=47210"}],"version-history":[{"count":0,"href":"https:\/\/www.caririemacao.com\/1\/wp-json\/wp\/v2\/posts\/47210\/revisions"}],"wp:featuredmedia":[{"embeddable":true,"href":"https:\/\/www.caririemacao.com\/1\/wp-json\/wp\/v2\/media\/47211"}],"wp:attachment":[{"href":"https:\/\/www.caririemacao.com\/1\/wp-json\/wp\/v2\/media?parent=47210"}],"wp:term":[{"taxonomy":"category","embeddable":true,"href":"https:\/\/www.caririemacao.com\/1\/wp-json\/wp\/v2\/categories?post=47210"},{"taxonomy":"post_tag","embeddable":true,"href":"https:\/\/www.caririemacao.com\/1\/wp-json\/wp\/v2\/tags?post=47210"}],"curies":[{"name":"wp","href":"https:\/\/api.w.org\/{rel}","templated":true}]}}