{"id":47213,"date":"2018-04-11T19:57:11","date_gmt":"2018-04-11T22:57:11","guid":{"rendered":"http:\/\/caririemacao.com\/1\/?p=47213"},"modified":"2018-04-11T19:57:11","modified_gmt":"2018-04-11T22:57:11","slug":"ibge-constata-queda-de-beneficiarios-do-programa-bolsa-familia","status":"publish","type":"post","link":"https:\/\/www.caririemacao.com\/1\/2018\/04\/11\/ibge-constata-queda-de-beneficiarios-do-programa-bolsa-familia\/","title":{"rendered":"IBGE constata queda de benefici\u00e1rios do programa Bolsa Fam\u00edlia"},"content":{"rendered":"<p>O n\u00famero de fam\u00edlias que recebem rendimentos do\u00a0 Bolsa Fam\u00edlia na Para\u00edba caiu em 2017.\u00a0\u00c9 o que aponta a Pesquisa\u00a0Nacional por Amostra de Domic\u00edlios (PNAD), divulgados nesta quarta-feira (11) pelo Instituto Brasileiro de Geografia e Estat\u00edstica (IBGE).<\/p>\n<p>Segundo os dados, em 2016 32% da popula\u00e7\u00e3o do estado recebia o benef\u00edcio, caindo para 31% em 2017, o que representa uma queda 16 mil pagamentos do programa.<\/p>\n<p>Em todas as regi\u00f5es do pa\u00eds, foi constatada a redu\u00e7\u00e3o no n\u00famero de benef\u00edcios pagos. O Nordeste foi a regi\u00e3o que teve a queda mais acentuada. Ao todo, 131 mil domic\u00edlios nordestinos deixaram de contar com a verba extra.<\/p>\n<p><strong>CARIRI EM A\u00c7\u00c3O<\/strong><\/p>\n<p><em>Com MaisPB\/Foto: Reprodu\u00e7\u00e3o Internet<\/em><\/p>\n<p><strong>Leia mais not\u00edcias em\u00a0<\/strong><a href=\"http:\/\/www.caririemacao.com\/\"><strong>caririemacao.com<\/strong><\/a><strong>, siga nossa p\u00e1gina no\u00a0<\/strong><a href=\"https:\/\/www.facebook.com\/CaririEmAcao\/?ref=aymt_homepage_panel\"><strong>Facebook<\/strong><\/a>,<strong>\u00a0<\/strong><a href=\"https:\/\/www.instagram.com\/cariri_em_acao\/?hl=pt-br\"><strong>Instagram<\/strong><\/a><strong>\u00a0e\u00a0<\/strong><a href=\"https:\/\/www.youtube.com\/channel\/UCAptA0jQuYQy8vMhLt2m4qg\"><strong>Youtube<\/strong><\/a><strong>\u00a0e veja nossas mat\u00e9rias, v\u00eddeos e fotos. Voc\u00ea tamb\u00e9m pode enviar informa\u00e7\u00f5es \u00e0 Reda\u00e7\u00e3o do Portal Cariri em A\u00e7\u00e3o pelo WhatsApp (83) 9 9634.5791, (83) 9 9601-1162.<\/strong><\/p>\n","protected":false},"excerpt":{"rendered":"<p>O n\u00famero de fam\u00edlias que recebem rendimentos do\u00a0 Bolsa Fam\u00edlia na Para\u00edba caiu em 2017.\u00a0\u00c9 o que aponta a Pesquisa\u00a0Nacional por Amostra de Domic\u00edlios (PNAD),&hellip; <\/p>\n","protected":false},"author":2,"featured_media":43180,"comment_status":"closed","ping_status":"closed","sticky":false,"template":"","format":"standard","meta":{"sfsi_plus_gutenberg_text_before_share":"","sfsi_plus_gutenberg_show_text_before_share":"","sfsi_plus_gutenberg_icon_type":"","sfsi_plus_gutenberg_icon_alignemt":"","sfsi_plus_gutenburg_max_per_row":"","footnotes":""},"categories":[2],"tags":[],"class_list":["post-47213","post","type-post","status-publish","format-standard","has-post-thumbnail","hentry","category-geral"],"_links":{"self":[{"href":"https:\/\/www.caririemacao.com\/1\/wp-json\/wp\/v2\/posts\/47213","targetHints":{"allow":["GET"]}}],"collection":[{"href":"https:\/\/www.caririemacao.com\/1\/wp-json\/wp\/v2\/posts"}],"about":[{"href":"https:\/\/www.caririemacao.com\/1\/wp-json\/wp\/v2\/types\/post"}],"author":[{"embeddable":true,"href":"https:\/\/www.caririemacao.com\/1\/wp-json\/wp\/v2\/users\/2"}],"replies":[{"embeddable":true,"href":"https:\/\/www.caririemacao.com\/1\/wp-json\/wp\/v2\/comments?post=47213"}],"version-history":[{"count":0,"href":"https:\/\/www.caririemacao.com\/1\/wp-json\/wp\/v2\/posts\/47213\/revisions"}],"wp:featuredmedia":[{"embeddable":true,"href":"https:\/\/www.caririemacao.com\/1\/wp-json\/wp\/v2\/media\/43180"}],"wp:attachment":[{"href":"https:\/\/www.caririemacao.com\/1\/wp-json\/wp\/v2\/media?parent=47213"}],"wp:term":[{"taxonomy":"category","embeddable":true,"href":"https:\/\/www.caririemacao.com\/1\/wp-json\/wp\/v2\/categories?post=47213"},{"taxonomy":"post_tag","embeddable":true,"href":"https:\/\/www.caririemacao.com\/1\/wp-json\/wp\/v2\/tags?post=47213"}],"curies":[{"name":"wp","href":"https:\/\/api.w.org\/{rel}","templated":true}]}}