{"id":47215,"date":"2018-04-11T19:59:12","date_gmt":"2018-04-11T22:59:12","guid":{"rendered":"http:\/\/caririemacao.com\/1\/?p=47215"},"modified":"2018-04-11T19:59:12","modified_gmt":"2018-04-11T22:59:12","slug":"movimentos-organizam-atos-pro-lula-em-jp","status":"publish","type":"post","link":"https:\/\/www.caririemacao.com\/1\/2018\/04\/11\/movimentos-organizam-atos-pro-lula-em-jp\/","title":{"rendered":"Movimentos organizam atos pr\u00f3-Lula em JP"},"content":{"rendered":"<p>Centrais sindicais, movimentos sociais e partidos pol\u00edticos se reuniram na tarde desta quarta-feira (11) em Jo\u00e3o Pessoa, para elaborar um calend\u00e1rio de atos em protesto \u00e0 pris\u00e3o do ex-presidente Lula (PT), que est\u00e1 detido desde s\u00e1bado (07) na sede da Pol\u00edcia Federal em Curitiba.<\/p>\n<p>O primeiro ato acontecer\u00e1 nesta sexta-feira (13) e ser\u00e1 realizado nas imedia\u00e7\u00f5es da Catedral de Nossa Senhora das Neves. Al\u00e9m de manifestar contra pris\u00e3o do petista, o grupo realizar\u00e1 um evento multirreligioso em mem\u00f3ria da ex-vereadora do Rio de Janeiro, Marielle Franco.<\/p>\n<p>Na pr\u00f3xima ter\u00e7a-feira (17), est\u00e1 marcado um encontro com integrantes do Movimento dos Trabalhadores Sem Terra de todo estado. No dia 26, est\u00e1 previsto uma plen\u00e1ria com juristas.<\/p>\n<p>No dia 30 de abril, as entidades ir\u00e3o realizar a \u2018Festa do Trabalhador\u2019, em homenagem ao Dia do Trabalhador, comemorado no dia 1\u00ba de maio.<\/p>\n<p><strong>CARIRI EM A\u00c7\u00c3O<\/strong><\/p>\n<p><em>Com MaisPB \/Foto: Mais PB<\/em><\/p>\n<p><strong>Leia mais not\u00edcias em\u00a0<\/strong><a href=\"http:\/\/www.caririemacao.com\/\"><strong>caririemacao.com<\/strong><\/a><strong>, siga nossa p\u00e1gina no\u00a0<\/strong><a href=\"https:\/\/www.facebook.com\/CaririEmAcao\/?ref=aymt_homepage_panel\"><strong>Facebook<\/strong><\/a>,<strong>\u00a0<\/strong><a href=\"https:\/\/www.instagram.com\/cariri_em_acao\/?hl=pt-br\"><strong>Instagram<\/strong><\/a><strong>\u00a0e\u00a0<\/strong><a href=\"https:\/\/www.youtube.com\/channel\/UCAptA0jQuYQy8vMhLt2m4qg\"><strong>Youtube<\/strong><\/a><strong>\u00a0e veja nossas mat\u00e9rias, v\u00eddeos e fotos. Voc\u00ea tamb\u00e9m pode enviar informa\u00e7\u00f5es \u00e0 Reda\u00e7\u00e3o do Portal Cariri em A\u00e7\u00e3o pelo WhatsApp (83) 9 9634.5791, (83) 9 9601-1162.<\/strong><\/p>\n","protected":false},"excerpt":{"rendered":"<p>Centrais sindicais, movimentos sociais e partidos pol\u00edticos se reuniram na tarde desta quarta-feira (11) em Jo\u00e3o Pessoa, para elaborar um calend\u00e1rio de atos em protesto&hellip; <\/p>\n","protected":false},"author":2,"featured_media":47216,"comment_status":"closed","ping_status":"closed","sticky":false,"template":"","format":"standard","meta":{"sfsi_plus_gutenberg_text_before_share":"","sfsi_plus_gutenberg_show_text_before_share":"","sfsi_plus_gutenberg_icon_type":"","sfsi_plus_gutenberg_icon_alignemt":"","sfsi_plus_gutenburg_max_per_row":"","footnotes":""},"categories":[11],"tags":[],"class_list":["post-47215","post","type-post","status-publish","format-standard","has-post-thumbnail","hentry","category-politica"],"_links":{"self":[{"href":"https:\/\/www.caririemacao.com\/1\/wp-json\/wp\/v2\/posts\/47215","targetHints":{"allow":["GET"]}}],"collection":[{"href":"https:\/\/www.caririemacao.com\/1\/wp-json\/wp\/v2\/posts"}],"about":[{"href":"https:\/\/www.caririemacao.com\/1\/wp-json\/wp\/v2\/types\/post"}],"author":[{"embeddable":true,"href":"https:\/\/www.caririemacao.com\/1\/wp-json\/wp\/v2\/users\/2"}],"replies":[{"embeddable":true,"href":"https:\/\/www.caririemacao.com\/1\/wp-json\/wp\/v2\/comments?post=47215"}],"version-history":[{"count":0,"href":"https:\/\/www.caririemacao.com\/1\/wp-json\/wp\/v2\/posts\/47215\/revisions"}],"wp:featuredmedia":[{"embeddable":true,"href":"https:\/\/www.caririemacao.com\/1\/wp-json\/wp\/v2\/media\/47216"}],"wp:attachment":[{"href":"https:\/\/www.caririemacao.com\/1\/wp-json\/wp\/v2\/media?parent=47215"}],"wp:term":[{"taxonomy":"category","embeddable":true,"href":"https:\/\/www.caririemacao.com\/1\/wp-json\/wp\/v2\/categories?post=47215"},{"taxonomy":"post_tag","embeddable":true,"href":"https:\/\/www.caririemacao.com\/1\/wp-json\/wp\/v2\/tags?post=47215"}],"curies":[{"name":"wp","href":"https:\/\/api.w.org\/{rel}","templated":true}]}}