{"id":47219,"date":"2018-04-11T20:04:37","date_gmt":"2018-04-11T23:04:37","guid":{"rendered":"http:\/\/caririemacao.com\/1\/?p=47219"},"modified":"2018-04-11T20:04:37","modified_gmt":"2018-04-11T23:04:37","slug":"senadores-irao-ate-curitiba-para-verificar-as-condicoes-de-encarceramento-de-lula","status":"publish","type":"post","link":"https:\/\/www.caririemacao.com\/1\/2018\/04\/11\/senadores-irao-ate-curitiba-para-verificar-as-condicoes-de-encarceramento-de-lula\/","title":{"rendered":"Senadores ir\u00e3o at\u00e9 Curitiba para verificar as condi\u00e7\u00f5es de encarceramento de Lula"},"content":{"rendered":"<p>A Comiss\u00e3o de Direitos Humanos do Senado aprovou nesta quarta-feira (11) a forma\u00e7\u00e3o de uma dilig\u00eancia para ir \u00e0 Superintend\u00eancia da Pol\u00edcia Federal em Curitiba, para \u201cverificar as condi\u00e7\u00f5es de encarceramento\u201d do ex-presidente Luiz Ina cio Lula da Silva. Presidido pela senadora Regina Sousa (PT-PI), que far\u00e1 parte da comitiva, o colegiado tomou a decis\u00e3o um dia ap\u00f3s a Justi\u00e7a negar a visita de nove governadores e senadores a Lula.<\/p>\n<p>A previs\u00e3o \u00e9 de que os parlamentares se desloquem at\u00e9 Curitiba na pr\u00f3xima semana. Far\u00e3o parte da comitiva as senadoras \u00c2ngela Portela (PDT-RR), Gleisi Hoffmann (PT-PR) e Fatima Bezerra (PT-RN), Lindbergh Farias (PT-RJ), Telma rio Mota (PDT-RR), Paulo Paim (PT-RS), Jorge Viana (PT-AC) e Paulo Rocha (PT-PA), al\u00e9m de Vanessa Graziotin (PCdoB-AM), autora do requerimento.<\/p>\n<p>Ontem, governadores do Nordeste e dois senadores tiveram o pedido de visita a Lula\u00a0negado pela Justi\u00e7a. A ju\u00edza federal substituta Carolina Moura Lebbos alegou n\u00e3o haver \u201cfundamento para a flexibiliza\u00e7\u00e3o do regime geral de visitas\u201d na carceragem. Nesta manh\u00e3, a Pol\u00edcia Federal\u00a0divulgou uma nota\u00a0dizendo que o ex-presidente recebe os mesmos benef\u00edcios dos demais presos na sede da corpora\u00e7\u00e3o no Paran\u00e1.<\/p>\n<p><strong>CARIRI EM A\u00c7\u00c3O<\/strong><\/p>\n<p><em>Com Wscom\/Foto: Reprodu\u00e7\u00e3o Internet<\/em><\/p>\n<p><strong>Leia mais not\u00edcias em\u00a0<\/strong><a href=\"http:\/\/www.caririemacao.com\/\"><strong>caririemacao.com<\/strong><\/a><strong>, siga nossa p\u00e1gina no\u00a0<\/strong><a href=\"https:\/\/www.facebook.com\/CaririEmAcao\/?ref=aymt_homepage_panel\"><strong>Facebook<\/strong><\/a>,<strong>\u00a0<\/strong><a href=\"https:\/\/www.instagram.com\/cariri_em_acao\/?hl=pt-br\"><strong>Instagram<\/strong><\/a><strong>\u00a0e\u00a0<\/strong><a href=\"https:\/\/www.youtube.com\/channel\/UCAptA0jQuYQy8vMhLt2m4qg\"><strong>Youtube<\/strong><\/a><strong>\u00a0e veja nossas mat\u00e9rias, v\u00eddeos e fotos. Voc\u00ea tamb\u00e9m pode enviar informa\u00e7\u00f5es \u00e0 Reda\u00e7\u00e3o do Portal Cariri em A\u00e7\u00e3o pelo WhatsApp (83) 9 9634.5791, (83) 9 9601-1162.<\/strong><\/p>\n","protected":false},"excerpt":{"rendered":"<p>A Comiss\u00e3o de Direitos Humanos do Senado aprovou nesta quarta-feira (11) a forma\u00e7\u00e3o de uma dilig\u00eancia para ir \u00e0 Superintend\u00eancia da Pol\u00edcia Federal em Curitiba,&hellip; <\/p>\n","protected":false},"author":2,"featured_media":46840,"comment_status":"closed","ping_status":"closed","sticky":false,"template":"","format":"standard","meta":{"sfsi_plus_gutenberg_text_before_share":"","sfsi_plus_gutenberg_show_text_before_share":"","sfsi_plus_gutenberg_icon_type":"","sfsi_plus_gutenberg_icon_alignemt":"","sfsi_plus_gutenburg_max_per_row":"","footnotes":""},"categories":[11],"tags":[],"class_list":["post-47219","post","type-post","status-publish","format-standard","has-post-thumbnail","hentry","category-politica"],"_links":{"self":[{"href":"https:\/\/www.caririemacao.com\/1\/wp-json\/wp\/v2\/posts\/47219","targetHints":{"allow":["GET"]}}],"collection":[{"href":"https:\/\/www.caririemacao.com\/1\/wp-json\/wp\/v2\/posts"}],"about":[{"href":"https:\/\/www.caririemacao.com\/1\/wp-json\/wp\/v2\/types\/post"}],"author":[{"embeddable":true,"href":"https:\/\/www.caririemacao.com\/1\/wp-json\/wp\/v2\/users\/2"}],"replies":[{"embeddable":true,"href":"https:\/\/www.caririemacao.com\/1\/wp-json\/wp\/v2\/comments?post=47219"}],"version-history":[{"count":0,"href":"https:\/\/www.caririemacao.com\/1\/wp-json\/wp\/v2\/posts\/47219\/revisions"}],"wp:featuredmedia":[{"embeddable":true,"href":"https:\/\/www.caririemacao.com\/1\/wp-json\/wp\/v2\/media\/46840"}],"wp:attachment":[{"href":"https:\/\/www.caririemacao.com\/1\/wp-json\/wp\/v2\/media?parent=47219"}],"wp:term":[{"taxonomy":"category","embeddable":true,"href":"https:\/\/www.caririemacao.com\/1\/wp-json\/wp\/v2\/categories?post=47219"},{"taxonomy":"post_tag","embeddable":true,"href":"https:\/\/www.caririemacao.com\/1\/wp-json\/wp\/v2\/tags?post=47219"}],"curies":[{"name":"wp","href":"https:\/\/api.w.org\/{rel}","templated":true}]}}