{"id":47223,"date":"2018-04-11T20:09:42","date_gmt":"2018-04-11T23:09:42","guid":{"rendered":"http:\/\/caririemacao.com\/1\/?p=47223"},"modified":"2018-04-11T20:09:42","modified_gmt":"2018-04-11T23:09:42","slug":"senado-aprova-saque-do-fgts-a-quem-pede-demissao","status":"publish","type":"post","link":"https:\/\/www.caririemacao.com\/1\/2018\/04\/11\/senado-aprova-saque-do-fgts-a-quem-pede-demissao\/","title":{"rendered":"Senado aprova saque do FGTS a quem pede demiss\u00e3o"},"content":{"rendered":"<p>O trabalhador que pedir demiss\u00e3o est\u00e1 mais perto de poder sacar integralmente o Fundo de Garantia do Tempo de Servi\u00e7o (FGTS). Um projeto de lei do Senado com esse objetivo, o PLS 392\/2016, foi aprovado nesta quarta-feira (11) pela Comiss\u00e3o de Assuntos Sociais (CAS) da Casa.<\/p>\n<p>Como o projeto foi apreciado em car\u00e1ter terminativo, caso n\u00e3o haja apresenta\u00e7\u00e3o de recurso para an\u00e1lise do tema no plen\u00e1rio da Casa, o texto seguir\u00e1 diretamente para aprecia\u00e7\u00e3o na C\u00e2mara dos Deputados.<\/p>\n<p>Atualmente, a Consolida\u00e7\u00e3o das Leis do Trabalho (CLT) j\u00e1 prev\u00ea o resgate de 80% do FGTS em casos de demiss\u00e3o por acordo entre patr\u00e3o e empregado.<\/p>\n<p>Para o relator da m\u00e1teria na CAS, senador Paulo Paim (PT-RS), este \u00e9 maispasso a mais rumo \u00e0 \u201ccorre\u00e7\u00e3o de uma distor\u00e7\u00e3o hist\u00f3rica\u201d na legisla\u00e7\u00e3o que trata do FGTS, que buscava restringir o acesso a esses recursos que s\u00e3o do trabalhador.<\/p>\n<p><strong>CARIRI EM A\u00c7\u00c3O<\/strong><\/p>\n<p><em>Com Wscom\/Foto: Reprodu\u00e7\u00e3o Internet<\/em><\/p>\n<p><strong>Leia mais not\u00edcias em\u00a0<\/strong><a href=\"http:\/\/www.caririemacao.com\/\"><strong>caririemacao.com<\/strong><\/a><strong>, siga nossa p\u00e1gina no\u00a0<\/strong><a href=\"https:\/\/www.facebook.com\/CaririEmAcao\/?ref=aymt_homepage_panel\"><strong>Facebook<\/strong><\/a>,<strong>\u00a0<\/strong><a href=\"https:\/\/www.instagram.com\/cariri_em_acao\/?hl=pt-br\"><strong>Instagram<\/strong><\/a><strong>\u00a0e\u00a0<\/strong><a href=\"https:\/\/www.youtube.com\/channel\/UCAptA0jQuYQy8vMhLt2m4qg\"><strong>Youtube<\/strong><\/a><strong>\u00a0e veja nossas mat\u00e9rias, v\u00eddeos e fotos. Voc\u00ea tamb\u00e9m pode enviar informa\u00e7\u00f5es \u00e0 Reda\u00e7\u00e3o do Portal Cariri em A\u00e7\u00e3o pelo WhatsApp (83) 9 9634.5791, (83) 9 9601-1162.<\/strong><\/p>\n","protected":false},"excerpt":{"rendered":"<p>O trabalhador que pedir demiss\u00e3o est\u00e1 mais perto de poder sacar integralmente o Fundo de Garantia do Tempo de Servi\u00e7o (FGTS). Um projeto de lei&hellip; <\/p>\n","protected":false},"author":2,"featured_media":19252,"comment_status":"closed","ping_status":"closed","sticky":false,"template":"","format":"standard","meta":{"sfsi_plus_gutenberg_text_before_share":"","sfsi_plus_gutenberg_show_text_before_share":"","sfsi_plus_gutenberg_icon_type":"","sfsi_plus_gutenberg_icon_alignemt":"","sfsi_plus_gutenburg_max_per_row":"","footnotes":""},"categories":[2],"tags":[],"class_list":["post-47223","post","type-post","status-publish","format-standard","has-post-thumbnail","hentry","category-geral"],"_links":{"self":[{"href":"https:\/\/www.caririemacao.com\/1\/wp-json\/wp\/v2\/posts\/47223","targetHints":{"allow":["GET"]}}],"collection":[{"href":"https:\/\/www.caririemacao.com\/1\/wp-json\/wp\/v2\/posts"}],"about":[{"href":"https:\/\/www.caririemacao.com\/1\/wp-json\/wp\/v2\/types\/post"}],"author":[{"embeddable":true,"href":"https:\/\/www.caririemacao.com\/1\/wp-json\/wp\/v2\/users\/2"}],"replies":[{"embeddable":true,"href":"https:\/\/www.caririemacao.com\/1\/wp-json\/wp\/v2\/comments?post=47223"}],"version-history":[{"count":0,"href":"https:\/\/www.caririemacao.com\/1\/wp-json\/wp\/v2\/posts\/47223\/revisions"}],"wp:featuredmedia":[{"embeddable":true,"href":"https:\/\/www.caririemacao.com\/1\/wp-json\/wp\/v2\/media\/19252"}],"wp:attachment":[{"href":"https:\/\/www.caririemacao.com\/1\/wp-json\/wp\/v2\/media?parent=47223"}],"wp:term":[{"taxonomy":"category","embeddable":true,"href":"https:\/\/www.caririemacao.com\/1\/wp-json\/wp\/v2\/categories?post=47223"},{"taxonomy":"post_tag","embeddable":true,"href":"https:\/\/www.caririemacao.com\/1\/wp-json\/wp\/v2\/tags?post=47223"}],"curies":[{"name":"wp","href":"https:\/\/api.w.org\/{rel}","templated":true}]}}