{"id":47225,"date":"2018-04-11T20:11:58","date_gmt":"2018-04-11T23:11:58","guid":{"rendered":"http:\/\/caririemacao.com\/1\/?p=47225"},"modified":"2018-04-11T20:11:58","modified_gmt":"2018-04-11T23:11:58","slug":"uepb-divulga-edital-de-selecao-para-analistas-desenvolvedores-de-sistema-com-20-vagas","status":"publish","type":"post","link":"https:\/\/www.caririemacao.com\/1\/2018\/04\/11\/uepb-divulga-edital-de-selecao-para-analistas-desenvolvedores-de-sistema-com-20-vagas\/","title":{"rendered":"UEPB divulga edital de sele\u00e7\u00e3o para analistas desenvolvedores de sistema, com 20 vagas"},"content":{"rendered":"<div class=\"mc-column content-text active-extra-styles active-capital-letter\" data-block-type=\"unstyled\" data-block-weight=\"51\" data-block-id=\"2\">\n<p class=\"content-text__container theme-color-primary-first-letter\" data-track-category=\"Link no Texto\" data-track-links=\"\">A Universidade Estadual da Para\u00edba (UEPB) divulgou nesta quarta-feira (11) um edital de processo seletivo simplificado para contrata\u00e7\u00e3o de 20 analistas desenvolvedores de sistema.\u00a0Segundo o edital, publicado no\u00a0site da Comiss\u00e3o Permanente de Concursos\u00a0da institui\u00e7\u00e3o (CPCon), as inscri\u00e7\u00f5es abrem na segunda-feira (16) e os vencimentos totais somam R$ 3.362,80.<\/p>\n<\/div>\n<div class=\"mc-column content-text active-extra-styles\" data-block-type=\"raw\" data-block-weight=\"13\" data-block-id=\"3\">\n<ul class=\"content-unordered-list\">\n<li><a href=\"https:\/\/cpcon.uepb.edu.br\/concursos\/UEPBAnalistaSistema2018\/Edital\/Edital_001_Desenvolvedor.pdf\" target=\"_blank\" rel=\"noopener\">Veja o edital de sele\u00e7\u00e3o de analistas de desenvolvedores de sistema da UEPB<\/a><\/li>\n<\/ul>\n<\/div>\n<div class=\"mc-column content-text active-extra-styles \" data-block-type=\"unstyled\" data-block-weight=\"58\" data-block-id=\"4\">\n<p class=\"content-text__container \" data-track-category=\"Link no Texto\" data-track-links=\"\">De acordo com o edital, para concorrer ao cargo, o candidato precisa ter n\u00edvel superior em ci\u00eancias da computa\u00e7\u00e3o ou \u00e1reas afins, al\u00e9m de um ano de experi\u00eancia comprovada com desenvolvimento em JAVA2EE (Servlet, JSP, JSTL, JSF) ou frameworks baseados em Javascript. Al\u00e9m disso, \u00e9 necess\u00e1rio conhecimento pr\u00e1tico nas tecnologias React (javascript), Primefaces (JSF), Spring boot e Hibernate.<\/p>\n<\/div>\n<div class=\"mc-column content-text active-extra-styles \" data-block-type=\"unstyled\" data-block-weight=\"68\" data-block-id=\"5\">\n<p class=\"content-text__container \" data-track-category=\"Link no Texto\" data-track-links=\"\">As inscri\u00e7\u00f5es devem ser feitas exclusivamente pela internet,\u00a0no site da CPCon, das 10h da segunda-feira at\u00e9 as 23h59 do dia 6 de maio. Para confirmar a inscri\u00e7\u00e3o, \u00e9 necess\u00e1rio tamb\u00e9m realizar o pagamento da taxa de inscri\u00e7\u00e3o no valor de R$ 40 e enviar um curr\u00edculo para o email\u00a0<strong>selecaosimplificadatic@uepb.edu.br<\/strong>, com o t\u00edtulo \u201cVaga Analista\u201d ou \u201cVaga para Desenvolvedor\u201d no assunto, at\u00e9 o dia 4 de maio.<\/p>\n<\/div>\n<div class=\"mc-column content-text active-extra-styles \" data-block-type=\"unstyled\" data-block-weight=\"62\" data-block-id=\"6\">\n<p class=\"content-text__container \" data-track-category=\"Link no Texto\" data-track-links=\"\">A sele\u00e7\u00e3o consiste de duas fases, sendo a primeira uma an\u00e1lise curricular e a segunda uma prova te\u00f3rico-pr\u00e1tica, prevista para acontecer no dia 20 de maio, pela manh\u00e3, na cidade de Campina Grande. As informa\u00e7\u00f5es sobre o hor\u00e1rio, local, sala e carteira onde o candidato vai fazer a prova e a concorr\u00eancia do cargo vai ser disponibilizada no dia 17 de maio.<\/p>\n<\/div>\n<div data-track-category=\"fim do conteudo\" data-track-action=\"ultimo chunk conteudo\" data-track-noninteraction=\"false\" data-track-scroll=\"entrada completa viewport\">\n<div class=\"mc-column content-text active-extra-styles \" data-block-type=\"unstyled\" data-block-weight=\"29\" data-block-id=\"7\">\n<p class=\"content-text__container \" data-track-category=\"Link no Texto\" data-track-links=\"\">O resultado final do processo seletivo est\u00e1 previsto para ser divulgado no dia 28 de maio. A sele\u00e7\u00e3o tem validade de um ano, podendo ser prorrogado por igual per\u00edodo.<\/p>\n<p><strong>CARIRI EM A\u00c7\u00c3O<\/strong><\/p>\n<p><em>Com G1 Foto: Reprodu\u00e7\u00e3o Internet<\/em><\/p>\n<p><strong>Leia mais not\u00edcias em\u00a0<\/strong><a href=\"http:\/\/www.caririemacao.com\/\"><strong>caririemacao.com<\/strong><\/a><strong>, siga nossa p\u00e1gina no\u00a0<\/strong><a href=\"https:\/\/www.facebook.com\/CaririEmAcao\/?ref=aymt_homepage_panel\"><strong>Facebook<\/strong><\/a>,<strong>\u00a0<\/strong><a href=\"https:\/\/www.instagram.com\/cariri_em_acao\/?hl=pt-br\"><strong>Instagram<\/strong><\/a><strong>\u00a0e\u00a0<\/strong><a href=\"https:\/\/www.youtube.com\/channel\/UCAptA0jQuYQy8vMhLt2m4qg\"><strong>Youtube<\/strong><\/a><strong>\u00a0e veja nossas mat\u00e9rias, v\u00eddeos e fotos. Voc\u00ea tamb\u00e9m pode enviar informa\u00e7\u00f5es \u00e0 Reda\u00e7\u00e3o do Portal Cariri em A\u00e7\u00e3o pelo WhatsApp (83) 9 9634.5791, (83) 9 9601-1162.<\/strong><\/p>\n<\/div>\n<\/div>\n","protected":false},"excerpt":{"rendered":"<p>A Universidade Estadual da Para\u00edba (UEPB) divulgou nesta quarta-feira (11) um edital de processo seletivo simplificado para contrata\u00e7\u00e3o de 20 analistas desenvolvedores de sistema.\u00a0Segundo o&hellip; <\/p>\n","protected":false},"author":2,"featured_media":47226,"comment_status":"closed","ping_status":"closed","sticky":false,"template":"","format":"standard","meta":{"sfsi_plus_gutenberg_text_before_share":"","sfsi_plus_gutenberg_show_text_before_share":"","sfsi_plus_gutenberg_icon_type":"","sfsi_plus_gutenberg_icon_alignemt":"","sfsi_plus_gutenburg_max_per_row":"","footnotes":""},"categories":[14],"tags":[],"class_list":["post-47225","post","type-post","status-publish","format-standard","has-post-thumbnail","hentry","category-educacao"],"_links":{"self":[{"href":"https:\/\/www.caririemacao.com\/1\/wp-json\/wp\/v2\/posts\/47225","targetHints":{"allow":["GET"]}}],"collection":[{"href":"https:\/\/www.caririemacao.com\/1\/wp-json\/wp\/v2\/posts"}],"about":[{"href":"https:\/\/www.caririemacao.com\/1\/wp-json\/wp\/v2\/types\/post"}],"author":[{"embeddable":true,"href":"https:\/\/www.caririemacao.com\/1\/wp-json\/wp\/v2\/users\/2"}],"replies":[{"embeddable":true,"href":"https:\/\/www.caririemacao.com\/1\/wp-json\/wp\/v2\/comments?post=47225"}],"version-history":[{"count":0,"href":"https:\/\/www.caririemacao.com\/1\/wp-json\/wp\/v2\/posts\/47225\/revisions"}],"wp:featuredmedia":[{"embeddable":true,"href":"https:\/\/www.caririemacao.com\/1\/wp-json\/wp\/v2\/media\/47226"}],"wp:attachment":[{"href":"https:\/\/www.caririemacao.com\/1\/wp-json\/wp\/v2\/media?parent=47225"}],"wp:term":[{"taxonomy":"category","embeddable":true,"href":"https:\/\/www.caririemacao.com\/1\/wp-json\/wp\/v2\/categories?post=47225"},{"taxonomy":"post_tag","embeddable":true,"href":"https:\/\/www.caririemacao.com\/1\/wp-json\/wp\/v2\/tags?post=47225"}],"curies":[{"name":"wp","href":"https:\/\/api.w.org\/{rel}","templated":true}]}}