{"id":47231,"date":"2018-04-11T20:18:09","date_gmt":"2018-04-11T23:18:09","guid":{"rendered":"http:\/\/caririemacao.com\/1\/?p=47231"},"modified":"2018-04-11T20:18:09","modified_gmt":"2018-04-11T23:18:09","slug":"mestres-da-educacao-e-escolas-de-valor-tem-prazos-de-inscricao-prorrogados-na-pb","status":"publish","type":"post","link":"https:\/\/www.caririemacao.com\/1\/2018\/04\/11\/mestres-da-educacao-e-escolas-de-valor-tem-prazos-de-inscricao-prorrogados-na-pb\/","title":{"rendered":"Mestres da Educa\u00e7\u00e3o e Escolas de Valor t\u00eam prazos de inscri\u00e7\u00e3o prorrogados, na PB"},"content":{"rendered":"<div class=\"mc-column content-text active-extra-styles active-capital-letter\" data-block-type=\"unstyled\" data-block-weight=\"55\" data-block-id=\"1\">\n<p class=\"content-text__container theme-color-primary-first-letter\" data-track-category=\"Link no Texto\" data-track-links=\"\">Os prazos de inscri\u00e7\u00e3o para os pr\u00eamios Mestre da Educa\u00e7\u00e3o e Escola de Valor foram prorrogados para o dia 16 de abril, de acordo com a Secretaria de Estado da Comunica\u00e7\u00e3o Institucional. Os programas premiam com um 14\u00ba sal\u00e1rio escolas e professores da rede estadual da Para\u00edba que desenvolvam Projetos de Interven\u00e7\u00e3o Pedag\u00f3gica (PIP) diferenciados.<\/p>\n<\/div>\n<div class=\"mc-column content-text active-extra-styles \" data-block-type=\"unstyled\" data-block-weight=\"72\" data-block-id=\"2\">\n<p class=\"content-text__container \" data-track-category=\"Link no Texto\" data-track-links=\"\">De acordo com a Secretaria de Estado da Educa\u00e7\u00e3o, a medida foi tomada para n\u00e3o comprometer as inscri\u00e7\u00f5es, uma vez que os sistemas n\u00e3o funcionaram nos \u00faltimos dias. As inscri\u00e7\u00f5es podem ser feitas nos site\u00a0Para\u00edba faz Educa\u00e7\u00e3o 2, exclusivamente por meio de preenchimento de formul\u00e1rio eletr\u00f4nico e envio dos projetos elaborados para o ano de 2018.\u00a0O edital inicial foi divulgado no dia 20 de fevereiro, no Di\u00e1rio Oficial do Estado.<\/p>\n<p data-track-category=\"Link no Texto\" data-track-links=\"\"><a href=\"http:\/\/caririemacao.com\/1\/?attachment_id=47232\" rel=\"attachment wp-att-47232\"><img fetchpriority=\"high\" decoding=\"async\" class=\"aligncenter size-full wp-image-47232\" src=\"http:\/\/caririemacao.com\/1\/wp-content\/uploads\/2018\/04\/edital-educacao.jpg\" alt=\"\" width=\"1000\" height=\"511\" srcset=\"https:\/\/www.caririemacao.com\/1\/wp-content\/uploads\/2018\/04\/edital-educacao.jpg 1000w, https:\/\/www.caririemacao.com\/1\/wp-content\/uploads\/2018\/04\/edital-educacao-300x153.jpg 300w, https:\/\/www.caririemacao.com\/1\/wp-content\/uploads\/2018\/04\/edital-educacao-768x392.jpg 768w\" sizes=\"(max-width: 1000px) 100vw, 1000px\" \/><\/a><\/p>\n<div class=\"mc-column content-text active-extra-styles\" data-block-type=\"raw\" data-block-weight=\"20\" data-block-id=\"4\">\n<ul class=\"content-unordered-list\">\n<li><a href=\"http:\/\/static.paraiba.pb.gov.br\/2018\/02\/Diario-Oficial-20-02-2018.pdf\" target=\"_blank\" rel=\"noopener\"><strong>Veja editais a partir da p\u00e1gina 12 da edi\u00e7\u00e3o online do Di\u00e1rio Oficial do Estado, do dia 20 de fevereiro<\/strong><\/a><\/li>\n<\/ul>\n<\/div>\n<div class=\"mc-column content-text active-extra-styles \" data-block-type=\"unstyled\" data-block-weight=\"70\" data-block-id=\"5\">\n<p class=\"content-text__container \" data-track-category=\"Link no Texto\" data-track-links=\"\">De acordo com o edital do Programa Mestres da Educa\u00e7\u00e3o, o Projeto de Interven\u00e7\u00e3o Pedag\u00f3gica (PIP) \u201cdeve apresentar contribui\u00e7\u00f5es para a redu\u00e7\u00e3o do abandono e da evas\u00e3o, bem como para a melhoria do rendimento escolar dos estudantes\u201d. O objetivo \u00e9 identificar experi\u00eancias bem sucedidas no enfrentamento \u00e0 viol\u00eancia na escola, debate sobre direitos humanos e diversidade, promo\u00e7\u00e3o do protagonismo juvenil e da sustentabilidade, inclus\u00e3o digital e de pessoas com defici\u00eancia.<\/p>\n<\/div>\n<div class=\"mc-column content-text active-extra-styles \" data-block-type=\"unstyled\" data-block-weight=\"53\" data-block-id=\"6\">\n<p class=\"content-text__container \" data-track-category=\"Link no Texto\" data-track-links=\"\">A proposta do programa \u00e9 reconhecer iniciativas que \u201cestejam tendo sucesso no enfrentamento dos desafios no processo de ensino e aprendizagem\u201d. Apenas \u201cprofessores em efetivo exerc\u00edcio de suas fun\u00e7\u00f5es\u201d e \u201clotados em escolas da rede p\u00fablica estadual da Educa\u00e7\u00e3o B\u00e1sica\u201d podem concorrer. O pr\u00eamio vai ser concedido apenas ao professor autor do projeto.<\/p>\n<\/div>\n<div data-track-category=\"fim do conteudo\" data-track-action=\"ultimo chunk conteudo\" data-track-noninteraction=\"false\" data-track-scroll=\"entrada completa viewport\">\n<div class=\"mc-column content-text active-extra-styles \" data-block-type=\"unstyled\" data-block-weight=\"75\" data-block-id=\"8\">\n<p class=\"content-text__container \" data-track-category=\"Link no Texto\" data-track-links=\"\">O relat\u00f3rio para concorrer ao pr\u00eamio Escola de Valor, por sua vez, deve apresentar dados, fotografias e outros documentos que demonstrem os resultados alcan\u00e7ados, especialmente relacionados ao \u00cdndice de Desenvolvimento da Educa\u00e7\u00e3o da Para\u00edba (IDEPB) do bi\u00eanio 2017\/2018. \u00c9 preciso comprovar participa\u00e7\u00e3o m\u00ednima dos alunos na avalia\u00e7\u00e3o, de acordo com o n\u00edvel da turma, correspondente a 90% para o 5\u00ba ano do Ensino Fundamental, 9\u00ba ano do Ensino Fundamental e 3\u00ba ano do Ensino M\u00e9dio.<\/p>\n<p><strong>CARIRI EM A\u00c7\u00c3O<\/strong><\/p>\n<p><em>Com G1\/Foto: Reprodu\u00e7\u00e3o Internet<\/em><\/p>\n<p><strong>Leia mais not\u00edcias em\u00a0<\/strong><a href=\"http:\/\/www.caririemacao.com\/\"><strong>caririemacao.com<\/strong><\/a><strong>, siga nossa p\u00e1gina no\u00a0<\/strong><a href=\"https:\/\/www.facebook.com\/CaririEmAcao\/?ref=aymt_homepage_panel\"><strong>Facebook<\/strong><\/a>,<strong>\u00a0<\/strong><a href=\"https:\/\/www.instagram.com\/cariri_em_acao\/?hl=pt-br\"><strong>Instagram<\/strong><\/a><strong>\u00a0e\u00a0<\/strong><a href=\"https:\/\/www.youtube.com\/channel\/UCAptA0jQuYQy8vMhLt2m4qg\"><strong>Youtube<\/strong><\/a><strong>\u00a0e veja nossas mat\u00e9rias, v\u00eddeos e fotos. Voc\u00ea tamb\u00e9m pode enviar informa\u00e7\u00f5es \u00e0 Reda\u00e7\u00e3o do Portal Cariri em A\u00e7\u00e3o pelo WhatsApp (83) 9 9634.5791, (83) 9 9601-1162.<\/strong><\/p>\n<\/div>\n<\/div>\n<\/div>\n","protected":false},"excerpt":{"rendered":"<p>Os prazos de inscri\u00e7\u00e3o para os pr\u00eamios Mestre da Educa\u00e7\u00e3o e Escola de Valor foram prorrogados para o dia 16 de abril, de acordo com&hellip; <\/p>\n","protected":false},"author":2,"featured_media":47233,"comment_status":"closed","ping_status":"closed","sticky":false,"template":"","format":"standard","meta":{"sfsi_plus_gutenberg_text_before_share":"","sfsi_plus_gutenberg_show_text_before_share":"","sfsi_plus_gutenberg_icon_type":"","sfsi_plus_gutenberg_icon_alignemt":"","sfsi_plus_gutenburg_max_per_row":"","footnotes":""},"categories":[14],"tags":[],"class_list":["post-47231","post","type-post","status-publish","format-standard","has-post-thumbnail","hentry","category-educacao"],"_links":{"self":[{"href":"https:\/\/www.caririemacao.com\/1\/wp-json\/wp\/v2\/posts\/47231","targetHints":{"allow":["GET"]}}],"collection":[{"href":"https:\/\/www.caririemacao.com\/1\/wp-json\/wp\/v2\/posts"}],"about":[{"href":"https:\/\/www.caririemacao.com\/1\/wp-json\/wp\/v2\/types\/post"}],"author":[{"embeddable":true,"href":"https:\/\/www.caririemacao.com\/1\/wp-json\/wp\/v2\/users\/2"}],"replies":[{"embeddable":true,"href":"https:\/\/www.caririemacao.com\/1\/wp-json\/wp\/v2\/comments?post=47231"}],"version-history":[{"count":0,"href":"https:\/\/www.caririemacao.com\/1\/wp-json\/wp\/v2\/posts\/47231\/revisions"}],"wp:featuredmedia":[{"embeddable":true,"href":"https:\/\/www.caririemacao.com\/1\/wp-json\/wp\/v2\/media\/47233"}],"wp:attachment":[{"href":"https:\/\/www.caririemacao.com\/1\/wp-json\/wp\/v2\/media?parent=47231"}],"wp:term":[{"taxonomy":"category","embeddable":true,"href":"https:\/\/www.caririemacao.com\/1\/wp-json\/wp\/v2\/categories?post=47231"},{"taxonomy":"post_tag","embeddable":true,"href":"https:\/\/www.caririemacao.com\/1\/wp-json\/wp\/v2\/tags?post=47231"}],"curies":[{"name":"wp","href":"https:\/\/api.w.org\/{rel}","templated":true}]}}