{"id":47238,"date":"2018-04-11T20:28:18","date_gmt":"2018-04-11T23:28:18","guid":{"rendered":"http:\/\/caririemacao.com\/1\/?p=47238"},"modified":"2018-04-11T20:28:18","modified_gmt":"2018-04-11T23:28:18","slug":"colisao-frontal-entre-carros-deixa-tres-pessoas-feridas-entre-monteiro","status":"publish","type":"post","link":"https:\/\/www.caririemacao.com\/1\/2018\/04\/11\/colisao-frontal-entre-carros-deixa-tres-pessoas-feridas-entre-monteiro\/","title":{"rendered":"Colis\u00e3o frontal entre carros deixa tr\u00eas pessoas feridas entre Monteiro"},"content":{"rendered":"<article>\n<div class=\"contentPost\">\n<figure>\n<div class=\"cycle-slideshow\" data-cycle-fx=\"scrollHorz\" data-cycle-timeout=\"0\" data-cycle-prev=\".navPrev82069\" data-cycle-next=\".navNext82069\" data-cycle-speed=\"1000\">Um grave acidente foi registrado na manh\u00e3 desta quarta-feira, 11, na cidade de Monteiro, no Cariri da Para\u00edba. O acidente aconteceu na rodovia PB-264 entre Monteiro e Zabel\u00ea, e deixou o saldo de tr\u00eas pessoas feridas.<\/div>\n<\/figure>\n<p>Conforme as primeiras informa\u00e7\u00f5es, uma ultrapassagem indevida provocou a choque frontal de dois carros pr\u00f3ximo ao S\u00edtio Serrote.<\/p>\n<p>As v\u00edtimas foram socorridas para o Hospital Regional de Monteiro. Um dos ocupantes de um dos carros sofreu uma fratura exposta em uma das pernas, e dever\u00e1 ser transferido para o Hospital de Trauma de Campina Grande.<\/p>\n<p>A Pol\u00edcia est\u00e1 no local do acidente e uma per\u00edcia ir\u00e1 constatar as causas do acidente. Testemunhas tamb\u00e9m est\u00e3o sendo ouvidas no objetivo de descobrir qual dos motoristas fez a ultrapassagem indevida.<\/p>\n<p><strong>CARIRI EM A\u00c7\u00c3O<\/strong><\/p>\n<p><em>Com Cariri Ligado\/Foto: Cariri Ligado<\/em><\/p>\n<p><strong>Leia mais not\u00edcias em\u00a0<\/strong><a href=\"http:\/\/www.caririemacao.com\/\"><strong>caririemacao.com<\/strong><\/a><strong>, siga nossa p\u00e1gina no\u00a0<\/strong><a href=\"https:\/\/www.facebook.com\/CaririEmAcao\/?ref=aymt_homepage_panel\"><strong>Facebook<\/strong><\/a>,<strong>\u00a0<\/strong><a href=\"https:\/\/www.instagram.com\/cariri_em_acao\/?hl=pt-br\"><strong>Instagram<\/strong><\/a><strong>\u00a0e\u00a0<\/strong><a href=\"https:\/\/www.youtube.com\/channel\/UCAptA0jQuYQy8vMhLt2m4qg\"><strong>Youtube<\/strong><\/a><strong>\u00a0e veja nossas mat\u00e9rias, v\u00eddeos e fotos. Voc\u00ea tamb\u00e9m pode enviar informa\u00e7\u00f5es \u00e0 Reda\u00e7\u00e3o do Portal Cariri em A\u00e7\u00e3o pelo WhatsApp (83) 9 9634.5791, (83) 9 9601-1162.<\/strong><\/p>\n<\/div>\n<\/article>\n","protected":false},"excerpt":{"rendered":"<p>Um grave acidente foi registrado na manh\u00e3 desta quarta-feira, 11, na cidade de Monteiro, no Cariri da Para\u00edba. O acidente aconteceu na rodovia PB-264 entre&hellip; <\/p>\n","protected":false},"author":2,"featured_media":47239,"comment_status":"closed","ping_status":"closed","sticky":false,"template":"","format":"standard","meta":{"sfsi_plus_gutenberg_text_before_share":"","sfsi_plus_gutenberg_show_text_before_share":"","sfsi_plus_gutenberg_icon_type":"","sfsi_plus_gutenberg_icon_alignemt":"","sfsi_plus_gutenburg_max_per_row":"","footnotes":""},"categories":[12],"tags":[],"class_list":["post-47238","post","type-post","status-publish","format-standard","has-post-thumbnail","hentry","category-policia"],"_links":{"self":[{"href":"https:\/\/www.caririemacao.com\/1\/wp-json\/wp\/v2\/posts\/47238","targetHints":{"allow":["GET"]}}],"collection":[{"href":"https:\/\/www.caririemacao.com\/1\/wp-json\/wp\/v2\/posts"}],"about":[{"href":"https:\/\/www.caririemacao.com\/1\/wp-json\/wp\/v2\/types\/post"}],"author":[{"embeddable":true,"href":"https:\/\/www.caririemacao.com\/1\/wp-json\/wp\/v2\/users\/2"}],"replies":[{"embeddable":true,"href":"https:\/\/www.caririemacao.com\/1\/wp-json\/wp\/v2\/comments?post=47238"}],"version-history":[{"count":0,"href":"https:\/\/www.caririemacao.com\/1\/wp-json\/wp\/v2\/posts\/47238\/revisions"}],"wp:featuredmedia":[{"embeddable":true,"href":"https:\/\/www.caririemacao.com\/1\/wp-json\/wp\/v2\/media\/47239"}],"wp:attachment":[{"href":"https:\/\/www.caririemacao.com\/1\/wp-json\/wp\/v2\/media?parent=47238"}],"wp:term":[{"taxonomy":"category","embeddable":true,"href":"https:\/\/www.caririemacao.com\/1\/wp-json\/wp\/v2\/categories?post=47238"},{"taxonomy":"post_tag","embeddable":true,"href":"https:\/\/www.caririemacao.com\/1\/wp-json\/wp\/v2\/tags?post=47238"}],"curies":[{"name":"wp","href":"https:\/\/api.w.org\/{rel}","templated":true}]}}