{"id":47243,"date":"2018-04-11T20:35:00","date_gmt":"2018-04-11T23:35:00","guid":{"rendered":"http:\/\/caririemacao.com\/1\/?p=47243"},"modified":"2018-04-11T20:35:00","modified_gmt":"2018-04-11T23:35:00","slug":"prefeitura-de-prata-confirma-realizacao-da-6a-expoprata","status":"publish","type":"post","link":"https:\/\/www.caririemacao.com\/1\/2018\/04\/11\/prefeitura-de-prata-confirma-realizacao-da-6a-expoprata\/","title":{"rendered":"Prefeitura de Prata confirma realiza\u00e7\u00e3o da 6\u00aa Expoprata"},"content":{"rendered":"<p style=\"font-weight: 400;\">A Prefeitura da Prata de forma antecipada e demonstrando o n\u00edvel de organiza\u00e7\u00e3o do evento, j\u00e1 come\u00e7ou a definir a programa\u00e7\u00e3o da maior exposi\u00e7\u00e3o de animais do interior da Para\u00edba, a 6\u00aa EXPOPRATA.<\/p>\n<p style=\"font-weight: 400;\">Este ano, o evento vai acontecer de 22 a 26 de Agosto no parque de exposi\u00e7\u00f5es do munic\u00edpio.<\/p>\n<p style=\"font-weight: 400;\">Paralelo ao evento, tamb\u00e9m ser\u00e1 realizada a 3\u00aa EXPOSI\u00c7\u00c3O NORDESTINA DE CABRAS LEITEIRAS DE TODAS AS RA\u00c7AS.<\/p>\n<p style=\"font-weight: 400;\">Durante o per\u00edodo, a Prata se torna a \u201ccapital nacional\u201d da cabra leiteira com programa\u00e7\u00e3o de torneios leiteiros, julgamento de animais em pista, la\u00e7o de bode, concurso de queijos de leite de cabra, mostra gastron\u00f4mica e o imperd\u00edvel \u201cbode no buraco\u201d.<\/p>\n<p style=\"font-weight: 400;\">O evento contar\u00e1 tamb\u00e9m com muito forr\u00f3 p\u00e9-de-serra todos os dias.<\/p>\n<p style=\"font-weight: 400;\">Mais de 50 mil reais em pr\u00eamios ser\u00e3o oferecidos e a expectativa \u00e9 de novo recorde estadual em montante no balc\u00e3o de neg\u00f3cios, que em 2017 ultrapassou a casa de um milh\u00e3o de reais em projetos.<\/p>\n<p><a href=\"http:\/\/caririemacao.com\/1\/?attachment_id=47244\" rel=\"attachment wp-att-47244\"><img fetchpriority=\"high\" decoding=\"async\" class=\"aligncenter size-full wp-image-47244\" src=\"http:\/\/caririemacao.com\/1\/wp-content\/uploads\/2018\/04\/ZZZZ.jpg\" alt=\"\" width=\"400\" height=\"267\" srcset=\"https:\/\/www.caririemacao.com\/1\/wp-content\/uploads\/2018\/04\/ZZZZ.jpg 400w, https:\/\/www.caririemacao.com\/1\/wp-content\/uploads\/2018\/04\/ZZZZ-300x200.jpg 300w\" sizes=\"(max-width: 400px) 100vw, 400px\" \/><\/a><\/p>\n<p><strong>CARIRI EM A\u00c7\u00c3O<\/strong><\/p>\n<p><em>Com Tribuna do Cariri<\/em><\/p>\n<p><strong>Leia mais not\u00edcias em\u00a0<\/strong><a href=\"http:\/\/www.caririemacao.com\/\"><strong>caririemacao.com<\/strong><\/a><strong>, siga nossa p\u00e1gina no\u00a0<\/strong><a href=\"https:\/\/www.facebook.com\/CaririEmAcao\/?ref=aymt_homepage_panel\"><strong>Facebook<\/strong><\/a>,<strong>\u00a0<\/strong><a href=\"https:\/\/www.instagram.com\/cariri_em_acao\/?hl=pt-br\"><strong>Instagram<\/strong><\/a><strong>\u00a0e\u00a0<\/strong><a href=\"https:\/\/www.youtube.com\/channel\/UCAptA0jQuYQy8vMhLt2m4qg\"><strong>Youtube<\/strong><\/a><strong>\u00a0e veja nossas mat\u00e9rias, v\u00eddeos e fotos. Voc\u00ea tamb\u00e9m pode enviar informa\u00e7\u00f5es \u00e0 Reda\u00e7\u00e3o do Portal Cariri em A\u00e7\u00e3o pelo WhatsApp (83) 9 9634.5791, (83) 9 9601-1162.<\/strong><\/p>\n<p>&nbsp;<\/p>\n","protected":false},"excerpt":{"rendered":"<p>A Prefeitura da Prata de forma antecipada e demonstrando o n\u00edvel de organiza\u00e7\u00e3o do evento, j\u00e1 come\u00e7ou a definir a programa\u00e7\u00e3o da maior exposi\u00e7\u00e3o de&hellip; <\/p>\n","protected":false},"author":2,"featured_media":27793,"comment_status":"closed","ping_status":"closed","sticky":false,"template":"","format":"standard","meta":{"sfsi_plus_gutenberg_text_before_share":"","sfsi_plus_gutenberg_show_text_before_share":"","sfsi_plus_gutenberg_icon_type":"","sfsi_plus_gutenberg_icon_alignemt":"","sfsi_plus_gutenburg_max_per_row":"","footnotes":""},"categories":[6],"tags":[],"class_list":["post-47243","post","type-post","status-publish","format-standard","has-post-thumbnail","hentry","category-cidades"],"_links":{"self":[{"href":"https:\/\/www.caririemacao.com\/1\/wp-json\/wp\/v2\/posts\/47243","targetHints":{"allow":["GET"]}}],"collection":[{"href":"https:\/\/www.caririemacao.com\/1\/wp-json\/wp\/v2\/posts"}],"about":[{"href":"https:\/\/www.caririemacao.com\/1\/wp-json\/wp\/v2\/types\/post"}],"author":[{"embeddable":true,"href":"https:\/\/www.caririemacao.com\/1\/wp-json\/wp\/v2\/users\/2"}],"replies":[{"embeddable":true,"href":"https:\/\/www.caririemacao.com\/1\/wp-json\/wp\/v2\/comments?post=47243"}],"version-history":[{"count":0,"href":"https:\/\/www.caririemacao.com\/1\/wp-json\/wp\/v2\/posts\/47243\/revisions"}],"wp:featuredmedia":[{"embeddable":true,"href":"https:\/\/www.caririemacao.com\/1\/wp-json\/wp\/v2\/media\/27793"}],"wp:attachment":[{"href":"https:\/\/www.caririemacao.com\/1\/wp-json\/wp\/v2\/media?parent=47243"}],"wp:term":[{"taxonomy":"category","embeddable":true,"href":"https:\/\/www.caririemacao.com\/1\/wp-json\/wp\/v2\/categories?post=47243"},{"taxonomy":"post_tag","embeddable":true,"href":"https:\/\/www.caririemacao.com\/1\/wp-json\/wp\/v2\/tags?post=47243"}],"curies":[{"name":"wp","href":"https:\/\/api.w.org\/{rel}","templated":true}]}}