{"id":47256,"date":"2018-04-11T18:47:04","date_gmt":"2018-04-11T21:47:04","guid":{"rendered":"http:\/\/caririemacao.com\/1\/?p=47256"},"modified":"2018-04-12T08:52:42","modified_gmt":"2018-04-12T11:52:42","slug":"programa-crianca-feliz-de-sao-sebastiao-do-umbuzeiro-realiza-ensaio-fotografico-das-gestantes","status":"publish","type":"post","link":"https:\/\/www.caririemacao.com\/1\/2018\/04\/11\/programa-crianca-feliz-de-sao-sebastiao-do-umbuzeiro-realiza-ensaio-fotografico-das-gestantes\/","title":{"rendered":"Programa Crian\u00e7a Feliz de S\u00e3o Sebasti\u00e3o do Umbuzeiro realiza ensaio fotogr\u00e1fico das gestantes"},"content":{"rendered":"<p>O Programa Crian\u00e7a Feliz de S\u00e3o Sebasti\u00e3o do Umbuzeiro que tem o apoio da Prefeitura Municipal, realizou um ensaio fotogr\u00e1fico das gestantes do munic\u00edpio.\u00a0 A iniciativa criada pelo Programa Crian\u00e7a Feliz, intitulado por \u201cA Doce Espera\u201d, \u00e9 realizado por a supervisora do Programa no munic\u00edpio, Edna M\u00e9rcia, as visitadoras Diana Alves, Bruna Raquel e Kelly Cristina.<\/p>\n<p>E tem como objetivo valorizar a mulher gestante e fortalecer os v\u00ednculos afetivos entre a gestante e o beb\u00ea. Para realiza\u00e7\u00e3o do ensaio, as gestantes s\u00e3o contempladas com uma maquiagem profissional, sendo algumas fotos reveladas e entregues as mesmas e o ensaio completo \u00e9 disponibilizado para as gestantes atrav\u00e9s de arquivo digital. Os cen\u00e1rios para as fotos s\u00e3o escolhidos para valorizar a identidade e a localidade da gestante.<\/p>\n<p>O Programa Crian\u00e7a Feliz surge como uma importante ferramenta para que fam\u00edlias com crian\u00e7as entre zero e tr\u00eas anos ofere\u00e7am a seus pequenos ferramentas para promover seu desenvolvimento integral.<\/p>\n<p>Por meio de visitas domiciliares \u00e0s fam\u00edlias participantes do Programa Bolsa Fam\u00edlia, as equipes do Crian\u00e7a Feliz fazem o acompanhamento e fornecem orienta\u00e7\u00f5es importantes para fortalecer os v\u00ednculos familiares e comunit\u00e1rios e estimular o desenvolvimento infantil.<\/p>\n<p>Os visitadores s\u00e3o capacitados em diversas \u00e1reas de conhecimento, como sa\u00fade, educa\u00e7\u00e3o, servi\u00e7o social, direitos humanos, cultura etc. A troca com as fam\u00edlias \u00e9 rica e constante.<\/p>\n<p>Objetivos do programa<\/p>\n<ul>\n<li>Promover o desenvolvimento infantil integral;<\/li>\n<li>Apoiar a gestante e a fam\u00edlia na prepara\u00e7\u00e3o para o nascimento da crian\u00e7a;<\/li>\n<li>Cuidar da crian\u00e7a em situa\u00e7\u00e3o de vulnerabilidade at\u00e9 os seis anos de idade;<\/li>\n<li>Fortalecer o v\u00ednculo afetivo e o papel das fam\u00edlias no cuidado, na prote\u00e7\u00e3o e na educa\u00e7\u00e3o das crian\u00e7as;<\/li>\n<li>Estimular o desenvolvimento de atividades l\u00fadicas;<\/li>\n<li>Facilitar o acesso das fam\u00edlias atendidas \u00e0s pol\u00edticas e servi\u00e7os p\u00fablicos de que necessitem;<\/li>\n<\/ul>\n<p>Popula\u00e7\u00e3o benefici\u00e1ria<\/p>\n<ul>\n<li>Gestantes, crian\u00e7as de at\u00e9 tr\u00eas anos e suas fam\u00edlias benefici\u00e1rias do Programa Bolsa Fam\u00edlia;<\/li>\n<li>Crian\u00e7as de at\u00e9 seis anos benefici\u00e1rias do Benef\u00edcio de Presta\u00e7\u00e3o Continuada e suas fam\u00edlias;<\/li>\n<li>Crian\u00e7as de at\u00e9 seis anos afastadas do conv\u00edvio familiar em raz\u00e3o da aplica\u00e7\u00e3o de medida de prote\u00e7\u00e3o prevista no artigo 101 da Lei n\u00ba 8.609, de 13 de julho de 1990, e suas fam\u00edlias.<\/li>\n<\/ul>\n<p><a href=\"http:\/\/caririemacao.com\/1\/?attachment_id=47259\" rel=\"attachment wp-att-47259\"><img fetchpriority=\"high\" decoding=\"async\" class=\"aligncenter size-full wp-image-47259\" src=\"http:\/\/caririemacao.com\/1\/wp-content\/uploads\/2018\/04\/7.jpg\" alt=\"\" width=\"1944\" height=\"2343\" srcset=\"https:\/\/www.caririemacao.com\/1\/wp-content\/uploads\/2018\/04\/7.jpg 1944w, https:\/\/www.caririemacao.com\/1\/wp-content\/uploads\/2018\/04\/7-249x300.jpg 249w, https:\/\/www.caririemacao.com\/1\/wp-content\/uploads\/2018\/04\/7-768x926.jpg 768w, https:\/\/www.caririemacao.com\/1\/wp-content\/uploads\/2018\/04\/7-850x1024.jpg 850w\" sizes=\"(max-width: 1944px) 100vw, 1944px\" \/><\/a><\/p>\n<p><strong>CARIRI EM A\u00c7\u00c3O<\/strong><\/p>\n<p><em>Com Blog do Didi\/Foto:\u00a0Blog do Didi<\/em><\/p>\n<p><strong>Leia mais not\u00edcias em\u00a0<\/strong><a href=\"http:\/\/www.caririemacao.com\/\"><strong>caririemacao.com<\/strong><\/a><strong>, siga nossa p\u00e1gina no\u00a0<\/strong><a href=\"https:\/\/www.facebook.com\/CaririEmAcao\/?ref=aymt_homepage_panel\"><strong>Facebook<\/strong><\/a>,<strong>\u00a0<\/strong><a href=\"https:\/\/www.instagram.com\/cariri_em_acao\/?hl=pt-br\"><strong>Instagram<\/strong><\/a><strong>\u00a0e\u00a0<\/strong><a href=\"https:\/\/www.youtube.com\/channel\/UCAptA0jQuYQy8vMhLt2m4qg\"><strong>Youtube<\/strong><\/a><strong>\u00a0e veja nossas mat\u00e9rias, v\u00eddeos e fotos. Voc\u00ea tamb\u00e9m pode enviar informa\u00e7\u00f5es \u00e0 Reda\u00e7\u00e3o do Portal Cariri em A\u00e7\u00e3o pelo WhatsApp (83) 9 9634.5791, (83) 9 9601-1162.<\/strong><\/p>\n","protected":false},"excerpt":{"rendered":"<p>O Programa Crian\u00e7a Feliz de S\u00e3o Sebasti\u00e3o do Umbuzeiro que tem o apoio da Prefeitura Municipal, realizou um ensaio fotogr\u00e1fico das gestantes do munic\u00edpio.\u00a0 A&hellip; <\/p>\n","protected":false},"author":2,"featured_media":47257,"comment_status":"closed","ping_status":"closed","sticky":false,"template":"","format":"standard","meta":{"sfsi_plus_gutenberg_text_before_share":"","sfsi_plus_gutenberg_show_text_before_share":"","sfsi_plus_gutenberg_icon_type":"","sfsi_plus_gutenberg_icon_alignemt":"","sfsi_plus_gutenburg_max_per_row":"","footnotes":""},"categories":[6],"tags":[],"class_list":["post-47256","post","type-post","status-publish","format-standard","has-post-thumbnail","hentry","category-cidades"],"_links":{"self":[{"href":"https:\/\/www.caririemacao.com\/1\/wp-json\/wp\/v2\/posts\/47256","targetHints":{"allow":["GET"]}}],"collection":[{"href":"https:\/\/www.caririemacao.com\/1\/wp-json\/wp\/v2\/posts"}],"about":[{"href":"https:\/\/www.caririemacao.com\/1\/wp-json\/wp\/v2\/types\/post"}],"author":[{"embeddable":true,"href":"https:\/\/www.caririemacao.com\/1\/wp-json\/wp\/v2\/users\/2"}],"replies":[{"embeddable":true,"href":"https:\/\/www.caririemacao.com\/1\/wp-json\/wp\/v2\/comments?post=47256"}],"version-history":[{"count":0,"href":"https:\/\/www.caririemacao.com\/1\/wp-json\/wp\/v2\/posts\/47256\/revisions"}],"wp:featuredmedia":[{"embeddable":true,"href":"https:\/\/www.caririemacao.com\/1\/wp-json\/wp\/v2\/media\/47257"}],"wp:attachment":[{"href":"https:\/\/www.caririemacao.com\/1\/wp-json\/wp\/v2\/media?parent=47256"}],"wp:term":[{"taxonomy":"category","embeddable":true,"href":"https:\/\/www.caririemacao.com\/1\/wp-json\/wp\/v2\/categories?post=47256"},{"taxonomy":"post_tag","embeddable":true,"href":"https:\/\/www.caririemacao.com\/1\/wp-json\/wp\/v2\/tags?post=47256"}],"curies":[{"name":"wp","href":"https:\/\/api.w.org\/{rel}","templated":true}]}}