{"id":47364,"date":"2018-04-11T08:55:19","date_gmt":"2018-04-11T11:55:19","guid":{"rendered":"http:\/\/caririemacao.com\/1\/?p=47364"},"modified":"2018-04-12T22:38:27","modified_gmt":"2018-04-13T01:38:27","slug":"governo-do-estado-entrega-novos-instrumentos-musicais-para-bmu-de-sao-sebastiao-do-umbuzeiro","status":"publish","type":"post","link":"https:\/\/www.caririemacao.com\/1\/2018\/04\/11\/governo-do-estado-entrega-novos-instrumentos-musicais-para-bmu-de-sao-sebastiao-do-umbuzeiro\/","title":{"rendered":"Governo do Estado entrega novos instrumentos musicais para BMU de S\u00e3o Sebasti\u00e3o do Umbuzeiro"},"content":{"rendered":"<p>O Governo do Estado da Para\u00edba, por meio da Secretaria de Estado da Educa\u00e7\u00e3o (SEE), realizou na noite desta quarta-feira (11), na Escola Estadual Malaquias Batista Feitosa, em S\u00e3o Sebasti\u00e3o do Umbuzeiro, a entrega de novos instrumentos musicais para BMU Banda Marcial Umbuzeirense.<\/p>\n<p>A entrega dos instrumentos foi feita pelo coordenador do Patrim\u00f4nio da Secretaria da Administra\u00e7\u00e3o Gest\u00e3o de Material e Patrim\u00f4nio, Luiz Carlos Bezerra e Luiz Ant\u00f4nio Ferreira Barbosa, coordenador de Bandas.<\/p>\n<p>A solenidade foi realizada no p\u00e1tio da Escola Estadual, com a presen\u00e7a dos m\u00fasicos da BMU, Diretora, professores e alunos da escola, vice-prefeito Chico de Mariano, vereadores Cicero Lira, Ja\u00edlson Freitas, Bernardes e Celinha, al\u00e9m dos instrutores da Banda Marcial Umbuzeirense, Douglas e Robson.<\/p>\n<p>Estes instrumentos chegam em boa hora. A BMU j\u00e1 poder\u00e1 utiliz\u00e1-los nas apresenta\u00e7\u00f5es que ser\u00e3o realizadas por ocasi\u00e3o no III Encontro de Bandas que ser\u00e1 realizado no dia 08 de Junho no munic\u00edpio. Disse o instrutor da Banda Douglas.<\/p>\n<p>O Prefeito Adriano Wolff, comemorou a entrega dos instrumentos, \u201c\u00c9 uma conquista muito importante pois, \u00e9 uma qualidade a mais na sonoridade da banda marcial umbuzeirense a BMU como n\u00f3s conhecemos, obrigado ao Governador Ricardo Coutinho,\u00a0 que tem sempre dado aten\u00e7\u00e3o as nossas solicita\u00e7\u00e3o, comemorou o prefeito.<\/p>\n<p><a href=\"http:\/\/caririemacao.com\/1\/?attachment_id=47366\" rel=\"attachment wp-att-47366\"><img fetchpriority=\"high\" decoding=\"async\" class=\"aligncenter size-full wp-image-47366\" src=\"http:\/\/caririemacao.com\/1\/wp-content\/uploads\/2018\/04\/DSC00684.jpg\" alt=\"\" width=\"800\" height=\"533\" srcset=\"https:\/\/www.caririemacao.com\/1\/wp-content\/uploads\/2018\/04\/DSC00684.jpg 800w, https:\/\/www.caririemacao.com\/1\/wp-content\/uploads\/2018\/04\/DSC00684-300x200.jpg 300w, https:\/\/www.caririemacao.com\/1\/wp-content\/uploads\/2018\/04\/DSC00684-768x512.jpg 768w\" sizes=\"(max-width: 800px) 100vw, 800px\" \/><\/a> <a href=\"http:\/\/caririemacao.com\/1\/?attachment_id=47367\" rel=\"attachment wp-att-47367\"><img decoding=\"async\" class=\"aligncenter size-full wp-image-47367 lazyload\" data-src=\"http:\/\/caririemacao.com\/1\/wp-content\/uploads\/2018\/04\/DSC00693.jpg\" alt=\"\" width=\"800\" height=\"533\" data-srcset=\"https:\/\/www.caririemacao.com\/1\/wp-content\/uploads\/2018\/04\/DSC00693.jpg 800w, https:\/\/www.caririemacao.com\/1\/wp-content\/uploads\/2018\/04\/DSC00693-300x200.jpg 300w, https:\/\/www.caririemacao.com\/1\/wp-content\/uploads\/2018\/04\/DSC00693-768x512.jpg 768w\" data-sizes=\"(max-width: 800px) 100vw, 800px\" src=\"data:image\/svg+xml;base64,PHN2ZyB3aWR0aD0iMSIgaGVpZ2h0PSIxIiB4bWxucz0iaHR0cDovL3d3dy53My5vcmcvMjAwMC9zdmciPjwvc3ZnPg==\" style=\"--smush-placeholder-width: 800px; --smush-placeholder-aspect-ratio: 800\/533;\" \/><\/a> <a href=\"http:\/\/caririemacao.com\/1\/?attachment_id=47368\" rel=\"attachment wp-att-47368\"><img decoding=\"async\" class=\"aligncenter size-full wp-image-47368 lazyload\" data-src=\"http:\/\/caririemacao.com\/1\/wp-content\/uploads\/2018\/04\/DSC00696.jpg\" alt=\"\" width=\"800\" height=\"533\" data-srcset=\"https:\/\/www.caririemacao.com\/1\/wp-content\/uploads\/2018\/04\/DSC00696.jpg 800w, https:\/\/www.caririemacao.com\/1\/wp-content\/uploads\/2018\/04\/DSC00696-300x200.jpg 300w, https:\/\/www.caririemacao.com\/1\/wp-content\/uploads\/2018\/04\/DSC00696-768x512.jpg 768w\" data-sizes=\"(max-width: 800px) 100vw, 800px\" src=\"data:image\/svg+xml;base64,PHN2ZyB3aWR0aD0iMSIgaGVpZ2h0PSIxIiB4bWxucz0iaHR0cDovL3d3dy53My5vcmcvMjAwMC9zdmciPjwvc3ZnPg==\" style=\"--smush-placeholder-width: 800px; --smush-placeholder-aspect-ratio: 800\/533;\" \/><\/a> <a href=\"http:\/\/caririemacao.com\/1\/?attachment_id=47369\" rel=\"attachment wp-att-47369\"><img decoding=\"async\" class=\"aligncenter size-full wp-image-47369 lazyload\" data-src=\"http:\/\/caririemacao.com\/1\/wp-content\/uploads\/2018\/04\/DSC00700-1.jpg\" alt=\"\" width=\"800\" height=\"533\" data-srcset=\"https:\/\/www.caririemacao.com\/1\/wp-content\/uploads\/2018\/04\/DSC00700-1.jpg 800w, https:\/\/www.caririemacao.com\/1\/wp-content\/uploads\/2018\/04\/DSC00700-1-300x200.jpg 300w, https:\/\/www.caririemacao.com\/1\/wp-content\/uploads\/2018\/04\/DSC00700-1-768x512.jpg 768w\" data-sizes=\"(max-width: 800px) 100vw, 800px\" src=\"data:image\/svg+xml;base64,PHN2ZyB3aWR0aD0iMSIgaGVpZ2h0PSIxIiB4bWxucz0iaHR0cDovL3d3dy53My5vcmcvMjAwMC9zdmciPjwvc3ZnPg==\" style=\"--smush-placeholder-width: 800px; --smush-placeholder-aspect-ratio: 800\/533;\" \/><\/a> <a href=\"http:\/\/caririemacao.com\/1\/?attachment_id=47370\" rel=\"attachment wp-att-47370\"><img decoding=\"async\" class=\"aligncenter size-full wp-image-47370 lazyload\" data-src=\"http:\/\/caririemacao.com\/1\/wp-content\/uploads\/2018\/04\/DSC00707.jpg\" alt=\"\" width=\"800\" height=\"533\" data-srcset=\"https:\/\/www.caririemacao.com\/1\/wp-content\/uploads\/2018\/04\/DSC00707.jpg 800w, https:\/\/www.caririemacao.com\/1\/wp-content\/uploads\/2018\/04\/DSC00707-300x200.jpg 300w, https:\/\/www.caririemacao.com\/1\/wp-content\/uploads\/2018\/04\/DSC00707-768x512.jpg 768w\" data-sizes=\"(max-width: 800px) 100vw, 800px\" src=\"data:image\/svg+xml;base64,PHN2ZyB3aWR0aD0iMSIgaGVpZ2h0PSIxIiB4bWxucz0iaHR0cDovL3d3dy53My5vcmcvMjAwMC9zdmciPjwvc3ZnPg==\" style=\"--smush-placeholder-width: 800px; --smush-placeholder-aspect-ratio: 800\/533;\" \/><\/a> <a href=\"http:\/\/caririemacao.com\/1\/?attachment_id=47371\" rel=\"attachment wp-att-47371\"><img decoding=\"async\" class=\"aligncenter size-full wp-image-47371 lazyload\" data-src=\"http:\/\/caririemacao.com\/1\/wp-content\/uploads\/2018\/04\/eab3da56-9d23-4b79-8f90-7f464b05fa18.jpg\" alt=\"\" width=\"1280\" height=\"721\" data-srcset=\"https:\/\/www.caririemacao.com\/1\/wp-content\/uploads\/2018\/04\/eab3da56-9d23-4b79-8f90-7f464b05fa18.jpg 1280w, https:\/\/www.caririemacao.com\/1\/wp-content\/uploads\/2018\/04\/eab3da56-9d23-4b79-8f90-7f464b05fa18-300x169.jpg 300w, https:\/\/www.caririemacao.com\/1\/wp-content\/uploads\/2018\/04\/eab3da56-9d23-4b79-8f90-7f464b05fa18-768x433.jpg 768w, https:\/\/www.caririemacao.com\/1\/wp-content\/uploads\/2018\/04\/eab3da56-9d23-4b79-8f90-7f464b05fa18-1024x577.jpg 1024w\" data-sizes=\"(max-width: 1280px) 100vw, 1280px\" src=\"data:image\/svg+xml;base64,PHN2ZyB3aWR0aD0iMSIgaGVpZ2h0PSIxIiB4bWxucz0iaHR0cDovL3d3dy53My5vcmcvMjAwMC9zdmciPjwvc3ZnPg==\" style=\"--smush-placeholder-width: 1280px; --smush-placeholder-aspect-ratio: 1280\/721;\" \/><\/a><\/p>\n<p><strong>CARIRI EM A\u00c7\u00c3O<\/strong><\/p>\n<p><em>Com Blog do Didi\/Foto:\u00a0Blog do Didi<\/em><\/p>\n<p><strong>Leia mais not\u00edcias em\u00a0<\/strong><a href=\"http:\/\/www.caririemacao.com\/\"><strong>caririemacao.com<\/strong><\/a><strong>, siga nossa p\u00e1gina no\u00a0<\/strong><a href=\"https:\/\/www.facebook.com\/CaririEmAcao\/?ref=aymt_homepage_panel\"><strong>Facebook<\/strong><\/a>,<strong>\u00a0<\/strong><a href=\"https:\/\/www.instagram.com\/cariri_em_acao\/?hl=pt-br\"><strong>Instagram<\/strong><\/a><strong>\u00a0e\u00a0<\/strong><a href=\"https:\/\/www.youtube.com\/channel\/UCAptA0jQuYQy8vMhLt2m4qg\"><strong>Youtube<\/strong><\/a><strong>\u00a0e veja nossas mat\u00e9rias, v\u00eddeos e fotos. Voc\u00ea tamb\u00e9m pode enviar informa\u00e7\u00f5es \u00e0 Reda\u00e7\u00e3o do Portal Cariri em A\u00e7\u00e3o pelo WhatsApp (83) 9 9634.5791, (83) 9 9601-1162.<\/strong><\/p>\n","protected":false},"excerpt":{"rendered":"<p>O Governo do Estado da Para\u00edba, por meio da Secretaria de Estado da Educa\u00e7\u00e3o (SEE), realizou na noite desta quarta-feira (11), na Escola Estadual Malaquias&hellip; <\/p>\n","protected":false},"author":2,"featured_media":47365,"comment_status":"closed","ping_status":"closed","sticky":false,"template":"","format":"standard","meta":{"sfsi_plus_gutenberg_text_before_share":"","sfsi_plus_gutenberg_show_text_before_share":"","sfsi_plus_gutenberg_icon_type":"","sfsi_plus_gutenberg_icon_alignemt":"","sfsi_plus_gutenburg_max_per_row":"","footnotes":""},"categories":[6],"tags":[],"class_list":["post-47364","post","type-post","status-publish","format-standard","has-post-thumbnail","hentry","category-cidades"],"_links":{"self":[{"href":"https:\/\/www.caririemacao.com\/1\/wp-json\/wp\/v2\/posts\/47364","targetHints":{"allow":["GET"]}}],"collection":[{"href":"https:\/\/www.caririemacao.com\/1\/wp-json\/wp\/v2\/posts"}],"about":[{"href":"https:\/\/www.caririemacao.com\/1\/wp-json\/wp\/v2\/types\/post"}],"author":[{"embeddable":true,"href":"https:\/\/www.caririemacao.com\/1\/wp-json\/wp\/v2\/users\/2"}],"replies":[{"embeddable":true,"href":"https:\/\/www.caririemacao.com\/1\/wp-json\/wp\/v2\/comments?post=47364"}],"version-history":[{"count":0,"href":"https:\/\/www.caririemacao.com\/1\/wp-json\/wp\/v2\/posts\/47364\/revisions"}],"wp:featuredmedia":[{"embeddable":true,"href":"https:\/\/www.caririemacao.com\/1\/wp-json\/wp\/v2\/media\/47365"}],"wp:attachment":[{"href":"https:\/\/www.caririemacao.com\/1\/wp-json\/wp\/v2\/media?parent=47364"}],"wp:term":[{"taxonomy":"category","embeddable":true,"href":"https:\/\/www.caririemacao.com\/1\/wp-json\/wp\/v2\/categories?post=47364"},{"taxonomy":"post_tag","embeddable":true,"href":"https:\/\/www.caririemacao.com\/1\/wp-json\/wp\/v2\/tags?post=47364"}],"curies":[{"name":"wp","href":"https:\/\/api.w.org\/{rel}","templated":true}]}}