{"id":47408,"date":"2018-04-14T19:22:14","date_gmt":"2018-04-14T22:22:14","guid":{"rendered":"http:\/\/caririemacao.com\/1\/?p=47408"},"modified":"2018-04-14T22:01:12","modified_gmt":"2018-04-15T01:01:12","slug":"monteiro-sera-sede-da-12a-cavalgada-neste-sabado-e-domingo","status":"publish","type":"post","link":"https:\/\/www.caririemacao.com\/1\/2018\/04\/14\/monteiro-sera-sede-da-12a-cavalgada-neste-sabado-e-domingo\/","title":{"rendered":"Monteiro ser\u00e1 sede da 12\u00aa Cavalgada neste s\u00e1bado e domingo"},"content":{"rendered":"<p>O munic\u00edpio de Monteiro abrir\u00e1 as suas portas neste final de semana para receber centenas de cavaleiros de diversas regi\u00f5es da Para\u00edba e Pernambuco, para participarem da 12\u00aa Cavalgada que acontece neste domingo, 14, com recep\u00e7\u00e3o aos participantes a partir do s\u00e1bado, 14.<\/p>\n<p>No s\u00e1bado os cavaleiros participantes ser\u00e3o recebidos no Parque da Embrapa, quando ser\u00e1 realizado um desfile de cavalos da ra\u00e7a Mangalarga Marchador e um animado forr\u00f3 com Ant\u00f4nio Ferreira e o Forroz\u00e3o MW.<\/p>\n<p>No domingo os cavaleiros se concentrar\u00e3o na fazenda Camale\u00e3o aonde ser\u00e1 servido um caf\u00e9 da manh\u00e3 e, \u00e0s 10 horas, sair\u00e3o em cavalgada at\u00e9 a cidade de Monteiro, totalizando um percurso de 20 km. Durante o percurso haver\u00e1 uma parada na fazenda Garapa, aonde ser\u00e1 servido um almo\u00e7o aos participantes e em seguida seguir\u00e3o at\u00e9 a cidade, terminando na Embrapa, com a apresenta\u00e7\u00e3o das atra\u00e7\u00f5es musicais Claudenir Fernandes e o Xote Universit\u00e1rio.<\/p>\n<p>Os participantes receber\u00e3o um kit com camisa e copo e ao longo do percurso ter\u00e1 o acompanhamento de carro de apoio, ambul\u00e2ncia, equipe veterin\u00e1ria e um mini trio com muito forr\u00f3 e a participa\u00e7\u00e3o de aboiadores.<\/p>\n<p>O evento tem o apoio da Prefeitura Municipal de Monteiro, de comerciantes e admiradores das cavalgadas.<\/p>\n<p>Os interessados em participarem do evento podem obter mais informa\u00e7\u00f5es atrav\u00e9s dos telefones: (83) 99942.8414 (Marquinhos), 99994.6290 (Emerson) e 98169.6885 (Caj\u00f3).<\/p>\n<p><strong>CARIRI EM A\u00c7\u00c3O<\/strong><\/p>\n<p><em>Com Vitrine do Cariri\/Foto: Reprodu\u00e7\u00e3o google<\/em><\/p>\n<p><strong>Leia mais not\u00edcias em\u00a0<\/strong><a href=\"http:\/\/www.caririemacao.com\/\"><strong>caririemacao.com<\/strong><\/a><strong>, siga nossa p\u00e1gina no\u00a0<\/strong><a href=\"https:\/\/www.facebook.com\/CaririEmAcao\/?ref=aymt_homepage_panel\"><strong>Facebook<\/strong><\/a>,<strong>\u00a0<\/strong><a href=\"https:\/\/www.instagram.com\/cariri_em_acao\/?hl=pt-br\"><strong>Instagram<\/strong><\/a><strong>\u00a0e\u00a0<\/strong><a href=\"https:\/\/www.youtube.com\/channel\/UCAptA0jQuYQy8vMhLt2m4qg\"><strong>Youtube<\/strong><\/a><strong>\u00a0e veja nossas mat\u00e9rias, v\u00eddeos e fotos. Voc\u00ea tamb\u00e9m pode enviar informa\u00e7\u00f5es \u00e0 Reda\u00e7\u00e3o do Portal Cariri em A\u00e7\u00e3o pelo WhatsApp (83) 9 9634.5791, (83) 9 9601-1162.<\/strong><\/p>\n","protected":false},"excerpt":{"rendered":"<p>O munic\u00edpio de Monteiro abrir\u00e1 as suas portas neste final de semana para receber centenas de cavaleiros de diversas regi\u00f5es da Para\u00edba e Pernambuco, para&hellip; <\/p>\n","protected":false},"author":2,"featured_media":47409,"comment_status":"closed","ping_status":"closed","sticky":false,"template":"","format":"standard","meta":{"sfsi_plus_gutenberg_text_before_share":"","sfsi_plus_gutenberg_show_text_before_share":"","sfsi_plus_gutenberg_icon_type":"","sfsi_plus_gutenberg_icon_alignemt":"","sfsi_plus_gutenburg_max_per_row":"","footnotes":""},"categories":[6],"tags":[],"class_list":["post-47408","post","type-post","status-publish","format-standard","has-post-thumbnail","hentry","category-cidades"],"_links":{"self":[{"href":"https:\/\/www.caririemacao.com\/1\/wp-json\/wp\/v2\/posts\/47408","targetHints":{"allow":["GET"]}}],"collection":[{"href":"https:\/\/www.caririemacao.com\/1\/wp-json\/wp\/v2\/posts"}],"about":[{"href":"https:\/\/www.caririemacao.com\/1\/wp-json\/wp\/v2\/types\/post"}],"author":[{"embeddable":true,"href":"https:\/\/www.caririemacao.com\/1\/wp-json\/wp\/v2\/users\/2"}],"replies":[{"embeddable":true,"href":"https:\/\/www.caririemacao.com\/1\/wp-json\/wp\/v2\/comments?post=47408"}],"version-history":[{"count":0,"href":"https:\/\/www.caririemacao.com\/1\/wp-json\/wp\/v2\/posts\/47408\/revisions"}],"wp:featuredmedia":[{"embeddable":true,"href":"https:\/\/www.caririemacao.com\/1\/wp-json\/wp\/v2\/media\/47409"}],"wp:attachment":[{"href":"https:\/\/www.caririemacao.com\/1\/wp-json\/wp\/v2\/media?parent=47408"}],"wp:term":[{"taxonomy":"category","embeddable":true,"href":"https:\/\/www.caririemacao.com\/1\/wp-json\/wp\/v2\/categories?post=47408"},{"taxonomy":"post_tag","embeddable":true,"href":"https:\/\/www.caririemacao.com\/1\/wp-json\/wp\/v2\/tags?post=47408"}],"curies":[{"name":"wp","href":"https:\/\/api.w.org\/{rel}","templated":true}]}}