{"id":47420,"date":"2018-04-12T21:39:55","date_gmt":"2018-04-13T00:39:55","guid":{"rendered":"http:\/\/caririemacao.com\/1\/?p=47420"},"modified":"2018-04-12T21:39:55","modified_gmt":"2018-04-13T00:39:55","slug":"governo-propoe-salario-minimo-de-r-1-002-para-2019","status":"publish","type":"post","link":"https:\/\/www.caririemacao.com\/1\/2018\/04\/12\/governo-propoe-salario-minimo-de-r-1-002-para-2019\/","title":{"rendered":"Governo prop\u00f5e sal\u00e1rio m\u00ednimo de R$ 1.002 para 2019"},"content":{"rendered":"<div class=\"mc-column content-text active-extra-styles active-capital-letter\" data-block-type=\"unstyled\" data-block-weight=\"37\" data-block-id=\"1\">\n<p class=\"content-text__container theme-color-primary-first-letter\" data-track-category=\"Link no Texto\" data-track-links=\"\">O governo prop\u00f4s um\u00a0sal\u00e1rio m\u00ednimo de R$ 1.002 para 2019. O valor consta do projeto de Lei de Diretrizes Or\u00e7ament\u00e1rias (LDO) do ano que vem, anunciado nesta quinta-feira (12).\u00a0Atualmente, o m\u00ednimo \u00e9 de R$ 954.<\/p>\n<\/div>\n<div class=\"mc-column content-text active-extra-styles \" data-block-type=\"unstyled\" data-block-weight=\"67\" data-block-id=\"2\">\n<p class=\"content-text__container \" data-track-category=\"Link no Texto\" data-track-links=\"\">Ser\u00e1 a primeira vez que o sal\u00e1rio m\u00ednimo, que serve de refer\u00eancia para cerca de 45 milh\u00f5es de pessoas, ficar\u00e1 acima da marca de R$ 1 mil. A proposta ser\u00e1 encaminhada agora ao Congresso. Entretanto, o governo ainda pode mudar o valor caso haja altera\u00e7\u00e3o na previs\u00e3o para a infla\u00e7\u00e3o deste ano, que comp\u00f5e a f\u00f3rmula para o c\u00e1lculo do reajuste do m\u00ednimo do ano que vem.<\/p>\n<\/div>\n<div class=\"mc-column content-text active-extra-styles \" data-block-type=\"unstyled\" data-block-weight=\"15\" data-block-id=\"3\">\n<p class=\"content-text__container \" data-track-category=\"Link no Texto\" data-track-links=\"\">O reajuste come\u00e7a a valer em janeiro de 2019, com pagamento a partir de fevereiro.<\/p>\n<div class=\"mc-column content-text active-extra-styles\" data-block-type=\"raw\" data-block-weight=\"5\" data-block-id=\"5\">\n<div class=\"content-intertitle\">\n<h2>Como o m\u00ednimo \u00e9 reajustado?<\/h2>\n<\/div>\n<\/div>\n<div class=\"mc-column content-text active-extra-styles \" data-block-type=\"unstyled\" data-block-weight=\"38\" data-block-id=\"6\">\n<p class=\"content-text__container \" data-track-category=\"Link no Texto\" data-track-links=\"\">O reajuste do sal\u00e1rio m\u00ednimo obedece a uma f\u00f3rmula que leva em considera\u00e7\u00e3o o resultado do Produto Interno Bruto (PIB) de dois anos antes e a varia\u00e7\u00e3o do INPC (\u00cdndice Nacional de Pre\u00e7os ao Consumidor) do ano anterior.<\/p>\n<\/div>\n<div class=\"mc-column content-text active-extra-styles \" data-block-type=\"unstyled\" data-block-weight=\"51\" data-block-id=\"7\">\n<p class=\"content-text__container \" data-track-category=\"Link no Texto\" data-track-links=\"\">Para o m\u00ednimo de 2019, portanto, a f\u00f3rmula determina a soma do\u00a0resultado do PIB de 2017 (alta de 1%)\u00a0e o INPC de 2018. Como s\u00f3 ser\u00e1 poss\u00edvel saber no in\u00edcio do ano que vem a varia\u00e7\u00e3o do INPC de 2018, o governo usa uma previs\u00e3o para propor o aumento.<\/p>\n<\/div>\n<div class=\"mc-column content-text active-extra-styles \" data-block-type=\"unstyled\" data-block-weight=\"40\" data-block-id=\"8\">\n<p class=\"content-text__container \" data-track-category=\"Link no Texto\" data-track-links=\"\">Se confirmado o novo m\u00ednimo de R$ 1.002 em 2019, o reajuste ser\u00e1 de 5,03% em rela\u00e7\u00e3o ao valor atual, bem acima da corre\u00e7\u00e3o de 1,81% que foi feita em 2018 &#8211;\u00a0e que foi a menor em 24 anos.<\/p>\n<div class=\"mc-column content-text active-extra-styles \" data-block-type=\"unstyled\" data-block-weight=\"32\" data-block-id=\"10\">\n<p class=\"content-text__container \" data-track-category=\"Link no Texto\" data-track-links=\"\">Al\u00e9m da infla\u00e7\u00e3o e do resultado do PIB, no reajuste do m\u00ednimo de 2019 est\u00e1 embutido uma\u00a0compensa\u00e7\u00e3o pelo reajuste\u00a0do m\u00ednimo deste ano,\u00a0que ficou abaixo da infla\u00e7\u00e3o medida pelo INPC.<\/p>\n<\/div>\n<div class=\"mc-column content-text active-extra-styles\" data-block-type=\"raw\" data-block-weight=\"5\" data-block-id=\"11\">\n<div class=\"content-intertitle\">\n<h2>\u00daltimo ano da atual f\u00f3rmula<\/h2>\n<\/div>\n<\/div>\n<div class=\"mc-column content-text active-extra-styles \" data-block-type=\"unstyled\" data-block-weight=\"30\" data-block-id=\"12\">\n<p class=\"content-text__container \" data-track-category=\"Link no Texto\" data-track-links=\"\">A atual f\u00f3rmula de reajuste do sal\u00e1rio m\u00ednimo (infla\u00e7\u00e3o do ano anterior mais o PIB de dois anos antes) come\u00e7ou a valer em 2012, no governo da ex-presidente Dilma Rousseff.<\/p>\n<\/div>\n<div class=\"mc-column content-text active-extra-styles \" data-block-type=\"unstyled\" data-block-weight=\"20\" data-block-id=\"13\">\n<p class=\"content-text__container \" data-track-category=\"Link no Texto\" data-track-links=\"\">Em 2015, Dilma encaminhou ao Congresso uma medida provis\u00f3ria que foi aprovada e estendeu esse modelo de corre\u00e7\u00e3o at\u00e9 2019.<\/p>\n<\/div>\n<div class=\"mc-column content-text active-extra-styles \" data-block-type=\"unstyled\" data-block-weight=\"37\" data-block-id=\"14\">\n<p class=\"content-text__container \" data-track-category=\"Link no Texto\" data-track-links=\"\">Portanto, existe a possibilidade de altera\u00e7\u00e3o na f\u00f3rmua de reajuste do m\u00ednimo a partir de 2020. Analistas esperam que o novo formato seja um dos pontos a serem debatidos na campanha eleitoral para a Presid\u00eancia da Rep\u00fablica.<\/p>\n<\/div>\n<div class=\"mc-column content-text active-extra-styles \" data-block-type=\"unstyled\" data-block-weight=\"42\" data-block-id=\"15\">\n<p class=\"content-text__container \" data-track-category=\"Link no Texto\" data-track-links=\"\">Apesar disso, o governo divulgou nesta quinta as propostas para o sal\u00e1rio m\u00ednimo de 2020 e 2021 seguindo a mesma f\u00f3rmula de corre\u00e7\u00e3o vigente hoje. Pela proposta, o m\u00ednimo iria a R$ 1.076 em 2020 e, no ano seguinte, a R$ 1.153.<\/p>\n<\/div>\n<div class=\"mc-column content-text active-extra-styles \" data-block-type=\"unstyled\" data-block-weight=\"40\" data-block-id=\"16\">\n<p class=\"content-text__container \" data-track-category=\"Link no Texto\" data-track-links=\"\">&#8220;A gente est\u00e1 supondo que a regra do sal\u00e1rio m\u00ednimo, hoje vigente, continue em 2020 e 2021. Mas todos n\u00f3s sabemos que uma nova regra ter\u00e1 de ser apresentada a partir de 2020&#8221;, disse o ministro da Fazenda, Eduardo Guardia.<\/p>\n<div class=\"mc-column content-text active-extra-styles\" data-block-type=\"raw\" data-block-weight=\"4\" data-block-id=\"19\">\n<div class=\"content-intertitle\">\n<h2><strong>Impacto nas contas p\u00fablicas<\/strong><\/h2>\n<\/div>\n<\/div>\n<div class=\"mc-column content-text active-extra-styles \" data-block-type=\"unstyled\" data-block-weight=\"34\" data-block-id=\"20\">\n<p class=\"content-text__container \" data-track-category=\"Link no Texto\" data-track-links=\"\">O reajuste do sal\u00e1rio m\u00ednimo tem impacto nos gastos do governo. Isso porque os benef\u00edcios pagos pelo Instituto Nacional do Seguro Social (INSS) aos aposentados n\u00e3o podem ser menores do que um sal\u00e1rio m\u00ednimo.<\/p>\n<\/div>\n<div class=\"mc-column content-text active-extra-styles \" data-block-type=\"unstyled\" data-block-weight=\"42\" data-block-id=\"21\">\n<p class=\"content-text__container \" data-track-category=\"Link no Texto\" data-track-links=\"\">Com o aumento de R$ 48 no sal\u00e1rio m\u00ednimo no pr\u00f3ximo ano, de R$ 954 para R$ 1.002, os n\u00fameros da \u00e1rea econ\u00f4mica indicam que haver\u00e1 um aumento nos gastos p\u00fablicos de mais de R$ 14 bilh\u00f5es somente por conta desse reajuste.<\/p>\n<\/div>\n<div class=\"mc-column content-text active-extra-styles \" data-block-type=\"unstyled\" data-block-weight=\"41\" data-block-id=\"22\">\n<p class=\"content-text__container \" data-track-category=\"Link no Texto\" data-track-links=\"\">Na Lei de Diretrizes Or\u00e7ament\u00e1rias (LDO) de 2018, enviada ao Congresso no ano passado, o governo informou que cada R$ 1 de aumento no sal\u00e1rio m\u00ednimo gera um incremento de cerca de R$ 300 milh\u00f5es ao ano nas despesas do governo.<\/p>\n<\/div>\n<div class=\"mc-column content-text active-extra-styles\" data-block-type=\"raw\" data-block-weight=\"3\" data-block-id=\"23\">\n<div class=\"content-intertitle\">\n<h2><strong>Sal\u00e1rio m\u00ednimo &#8216;necess\u00e1rio&#8217;<\/strong><\/h2>\n<\/div>\n<\/div>\n<div class=\"mc-column content-text active-extra-styles \" data-block-type=\"unstyled\" data-block-weight=\"36\" data-block-id=\"24\">\n<p class=\"content-text__container \" data-track-category=\"Link no Texto\" data-track-links=\"\">Mesmo se confirmada a proposta para o sal\u00e1rio m\u00ednimo acima de R$ 1 mil para 2019, o valor ainda ficar\u00e1 distante do considerado como &#8220;necess\u00e1rio&#8221;, segundo c\u00e1lculo do Departamento Intersindical de Estat\u00edstica e Estudos Socioecon\u00f4micos (Dieese).<\/p>\n<\/div>\n<div data-track-category=\"fim do conteudo\" data-track-action=\"ultimo chunk conteudo\" data-track-noninteraction=\"false\" data-track-scroll=\"entrada completa viewport\">\n<div class=\"mc-column content-text active-extra-styles \" data-block-type=\"unstyled\" data-block-weight=\"36\" data-block-id=\"25\">\n<p class=\"content-text__container \" data-track-category=\"Link no Texto\" data-track-links=\"\">De acordo com o \u00f3rg\u00e3o, para suprir as despesas de uma fam\u00edlia de quatro pessoas com alimenta\u00e7\u00e3o, moradia, sa\u00fade, educa\u00e7\u00e3o, vestu\u00e1rio, higiene, transporte, lazer e previd\u00eancia, seria necess\u00e1rio R$ 3.706,44 ao m\u00eas em mar\u00e7o deste ano.<\/p>\n<p><strong>CARIRI EM A\u00c7\u00c3O<\/strong><\/p>\n<p><em>Com G1\/Foto: Reprodu\u00e7\u00e3o google<\/em><\/p>\n<p><strong>Leia mais not\u00edcias em\u00a0<\/strong><a href=\"http:\/\/www.caririemacao.com\/\"><strong>caririemacao.com<\/strong><\/a><strong>, siga nossa p\u00e1gina no\u00a0<\/strong><a href=\"https:\/\/www.facebook.com\/CaririEmAcao\/?ref=aymt_homepage_panel\"><strong>Facebook<\/strong><\/a>,<strong>\u00a0<\/strong><a href=\"https:\/\/www.instagram.com\/cariri_em_acao\/?hl=pt-br\"><strong>Instagram<\/strong><\/a><strong>\u00a0e\u00a0<\/strong><a href=\"https:\/\/www.youtube.com\/channel\/UCAptA0jQuYQy8vMhLt2m4qg\"><strong>Youtube<\/strong><\/a><strong>\u00a0e veja nossas mat\u00e9rias, v\u00eddeos e fotos. Voc\u00ea tamb\u00e9m pode enviar informa\u00e7\u00f5es \u00e0 Reda\u00e7\u00e3o do Portal Cariri em A\u00e7\u00e3o pelo WhatsApp (83) 9 9634.5791, (83) 9 9601-1162.<\/strong><\/p>\n<\/div>\n<\/div>\n<\/div>\n<\/div>\n<\/div>\n<p class=\"content-text__container \" data-track-category=\"Link no Texto\" data-track-links=\"\">\n","protected":false},"excerpt":{"rendered":"<p>O governo prop\u00f4s um\u00a0sal\u00e1rio m\u00ednimo de R$ 1.002 para 2019. O valor consta do projeto de Lei de Diretrizes Or\u00e7ament\u00e1rias (LDO) do ano que vem,&hellip; <\/p>\n","protected":false},"author":2,"featured_media":47421,"comment_status":"closed","ping_status":"closed","sticky":false,"template":"","format":"standard","meta":{"sfsi_plus_gutenberg_text_before_share":"","sfsi_plus_gutenberg_show_text_before_share":"","sfsi_plus_gutenberg_icon_type":"","sfsi_plus_gutenberg_icon_alignemt":"","sfsi_plus_gutenburg_max_per_row":"","footnotes":""},"categories":[2],"tags":[],"class_list":["post-47420","post","type-post","status-publish","format-standard","has-post-thumbnail","hentry","category-geral"],"_links":{"self":[{"href":"https:\/\/www.caririemacao.com\/1\/wp-json\/wp\/v2\/posts\/47420","targetHints":{"allow":["GET"]}}],"collection":[{"href":"https:\/\/www.caririemacao.com\/1\/wp-json\/wp\/v2\/posts"}],"about":[{"href":"https:\/\/www.caririemacao.com\/1\/wp-json\/wp\/v2\/types\/post"}],"author":[{"embeddable":true,"href":"https:\/\/www.caririemacao.com\/1\/wp-json\/wp\/v2\/users\/2"}],"replies":[{"embeddable":true,"href":"https:\/\/www.caririemacao.com\/1\/wp-json\/wp\/v2\/comments?post=47420"}],"version-history":[{"count":0,"href":"https:\/\/www.caririemacao.com\/1\/wp-json\/wp\/v2\/posts\/47420\/revisions"}],"wp:featuredmedia":[{"embeddable":true,"href":"https:\/\/www.caririemacao.com\/1\/wp-json\/wp\/v2\/media\/47421"}],"wp:attachment":[{"href":"https:\/\/www.caririemacao.com\/1\/wp-json\/wp\/v2\/media?parent=47420"}],"wp:term":[{"taxonomy":"category","embeddable":true,"href":"https:\/\/www.caririemacao.com\/1\/wp-json\/wp\/v2\/categories?post=47420"},{"taxonomy":"post_tag","embeddable":true,"href":"https:\/\/www.caririemacao.com\/1\/wp-json\/wp\/v2\/tags?post=47420"}],"curies":[{"name":"wp","href":"https:\/\/api.w.org\/{rel}","templated":true}]}}