{"id":47423,"date":"2018-04-12T21:43:33","date_gmt":"2018-04-13T00:43:33","guid":{"rendered":"http:\/\/caririemacao.com\/1\/?p=47423"},"modified":"2018-04-12T21:43:33","modified_gmt":"2018-04-13T00:43:33","slug":"tse-agenda-julgamento-da-aije-fiscal-contra-ricardo-e-ligia","status":"publish","type":"post","link":"https:\/\/www.caririemacao.com\/1\/2018\/04\/12\/tse-agenda-julgamento-da-aije-fiscal-contra-ricardo-e-ligia\/","title":{"rendered":"TSE agenda julgamento da Aije Fiscal contra Ricardo e L\u00edgia"},"content":{"rendered":"<p>O Tribunal Superior Eleitoral agendou para a pr\u00f3xima ter\u00e7a-feira (17) o julgamento da A\u00e7\u00e3o de Investiga\u00e7\u00e3o Judicial Eleitoral (Aije) Fiscal, que analisa o pedido de cassa\u00e7\u00e3o do mandato do governador Ricardo Coutinho (PSB) e da vice, L\u00edgia Feliciano (PDT) por suposto abuso do poder econ\u00f4mico.<\/p>\n<p>Ricardo Coutinho \u00e9 acusado de ter usado a m\u00e1quina administrativa por meio da concess\u00e3o de isen\u00e7\u00e3o de cr\u00e9ditos tribut\u00e1rios de Impostos sobre Circula\u00e7\u00e3o de Mercadorias e Servi\u00e7os (ICMS), isen\u00e7\u00e3o ou redu\u00e7\u00e3o de Imposto sobre a Propriedade de Ve\u00edculos Automotores (IPVA) e de taxas do Departamento Estadual de Tr\u00e2nsito (Detran) e de cr\u00e9ditos tribut\u00e1rios do programa Gol de Placa na elei\u00e7\u00e3o de 2014.<\/p>\n<p>O recurso, protocolado pela coliga\u00e7\u00e3o \u2018A Vontade do Povo\u2019, encabe\u00e7ada pelo senador C\u00e1ssio Cunha Lima (PSDB), tem parecer da Procuradoria Geral Eleitoral favor\u00e1vel \u00e0 cassa\u00e7\u00e3o, no TSE. O relat\u00f3rio, do ent\u00e3o vice-procurador Nicolao Dino aponta que n\u00e3o se vislumbrou uma disputa igualit\u00e1ria, \u201cdiante do flagrante uso da m\u00e1quina p\u00fablica em benef\u00edcio de determinada candidatura, o que imp\u00f5e o reconhecimento do abuso de poder pol\u00edtico, aplicando-se as san\u00e7\u00f5es de cassa\u00e7\u00e3o dos mandatos e a declara\u00e7\u00e3o de inelegibilidade de Ricardo Coutinho\u201d.<\/p>\n<p>No Tribunal Regional Eleitoral da Para\u00edba (TRE-PB), a Aije foi julgada improcedente, em sess\u00e3o realizada no dia 22 de fevereiro. Na ocasi\u00e3o, apenas o juiz-membro Leandro dos Santos julgou a a\u00e7\u00e3o parcialmente procedente, pedindo aplica\u00e7\u00e3o de multa de 20 mil UFIRs para cada investigado. Por\u00e9m, devido \u00e0 vota\u00e7\u00e3o da maioria, a multa n\u00e3o foi aplicada.\u00a0A a\u00e7\u00e3o foi julgada depois de dois pedidos de vistas.<\/p>\n<p><strong>CARIRI EM A\u00c7\u00c3O<\/strong><\/p>\n<p><em>Com Jornal da Para\u00edba\/Foto: Reprodu\u00e7\u00e3o google<\/em><\/p>\n<p><strong>Leia mais not\u00edcias em\u00a0<\/strong><a href=\"http:\/\/www.caririemacao.com\/\"><strong>caririemacao.com<\/strong><\/a><strong>, siga nossa p\u00e1gina no\u00a0<\/strong><a href=\"https:\/\/www.facebook.com\/CaririEmAcao\/?ref=aymt_homepage_panel\"><strong>Facebook<\/strong><\/a>,<strong>\u00a0<\/strong><a href=\"https:\/\/www.instagram.com\/cariri_em_acao\/?hl=pt-br\"><strong>Instagram<\/strong><\/a><strong>\u00a0e\u00a0<\/strong><a href=\"https:\/\/www.youtube.com\/channel\/UCAptA0jQuYQy8vMhLt2m4qg\"><strong>Youtube<\/strong><\/a><strong>\u00a0e veja nossas mat\u00e9rias, v\u00eddeos e fotos. Voc\u00ea tamb\u00e9m pode enviar informa\u00e7\u00f5es \u00e0 Reda\u00e7\u00e3o do Portal Cariri em A\u00e7\u00e3o pelo WhatsApp (83) 9 9634.5791, (83) 9 9601-1162.<\/strong><\/p>\n","protected":false},"excerpt":{"rendered":"<p>O Tribunal Superior Eleitoral agendou para a pr\u00f3xima ter\u00e7a-feira (17) o julgamento da A\u00e7\u00e3o de Investiga\u00e7\u00e3o Judicial Eleitoral (Aije) Fiscal, que analisa o pedido de&hellip; <\/p>\n","protected":false},"author":2,"featured_media":47424,"comment_status":"closed","ping_status":"closed","sticky":false,"template":"","format":"standard","meta":{"sfsi_plus_gutenberg_text_before_share":"","sfsi_plus_gutenberg_show_text_before_share":"","sfsi_plus_gutenberg_icon_type":"","sfsi_plus_gutenberg_icon_alignemt":"","sfsi_plus_gutenburg_max_per_row":"","footnotes":""},"categories":[11],"tags":[],"class_list":["post-47423","post","type-post","status-publish","format-standard","has-post-thumbnail","hentry","category-politica"],"_links":{"self":[{"href":"https:\/\/www.caririemacao.com\/1\/wp-json\/wp\/v2\/posts\/47423","targetHints":{"allow":["GET"]}}],"collection":[{"href":"https:\/\/www.caririemacao.com\/1\/wp-json\/wp\/v2\/posts"}],"about":[{"href":"https:\/\/www.caririemacao.com\/1\/wp-json\/wp\/v2\/types\/post"}],"author":[{"embeddable":true,"href":"https:\/\/www.caririemacao.com\/1\/wp-json\/wp\/v2\/users\/2"}],"replies":[{"embeddable":true,"href":"https:\/\/www.caririemacao.com\/1\/wp-json\/wp\/v2\/comments?post=47423"}],"version-history":[{"count":0,"href":"https:\/\/www.caririemacao.com\/1\/wp-json\/wp\/v2\/posts\/47423\/revisions"}],"wp:featuredmedia":[{"embeddable":true,"href":"https:\/\/www.caririemacao.com\/1\/wp-json\/wp\/v2\/media\/47424"}],"wp:attachment":[{"href":"https:\/\/www.caririemacao.com\/1\/wp-json\/wp\/v2\/media?parent=47423"}],"wp:term":[{"taxonomy":"category","embeddable":true,"href":"https:\/\/www.caririemacao.com\/1\/wp-json\/wp\/v2\/categories?post=47423"},{"taxonomy":"post_tag","embeddable":true,"href":"https:\/\/www.caririemacao.com\/1\/wp-json\/wp\/v2\/tags?post=47423"}],"curies":[{"name":"wp","href":"https:\/\/api.w.org\/{rel}","templated":true}]}}