{"id":47429,"date":"2018-04-12T21:49:51","date_gmt":"2018-04-13T00:49:51","guid":{"rendered":"http:\/\/caririemacao.com\/1\/?p=47429"},"modified":"2018-04-12T21:49:51","modified_gmt":"2018-04-13T00:49:51","slug":"stf-adia-julgamento-de-decisao-que-autorizou-prisao-domiciliar-a-maluf","status":"publish","type":"post","link":"https:\/\/www.caririemacao.com\/1\/2018\/04\/12\/stf-adia-julgamento-de-decisao-que-autorizou-prisao-domiciliar-a-maluf\/","title":{"rendered":"STF adia julgamento de decis\u00e3o que autorizou pris\u00e3o domiciliar a Maluf"},"content":{"rendered":"<p>O Supremo Tribunal Federal (STF) adiou o julgamento que vai analisar decis\u00e3o liminar do ministro Dias Toffoli, que concedeu, no dia 28 de mar\u00e7o, pris\u00e3o domiciliar ao deputado federal Paulo Maluf (PP-SP). Na decis\u00e3o, o ministro entendeu que exames protocolados pelos advogados do deputado mostram que Maluf passa por graves problemas de sa\u00fade e n\u00e3o pode continuar na pris\u00e3o.\u00a0 O habeas corpus poder\u00e1 ser analisado na pr\u00f3xima semana.<\/p>\n<p>O caso estava previsto na pauta de julgamento desta tarde, mas n\u00e3o foi analisado porque a quest\u00e3o do\u00a0<em>habeas corpus<\/em>do ex-ministro Antonio Palocci tomou todo o tempo da sess\u00e3o.<\/p>\n<p>Maluf foi condenado no ano passado pela Segunda Turma do Supremo Tribunal Federal (STF) a sete anos e nove meses de pris\u00e3o pelo crime de lavagem de dinheiro.<\/p>\n<p>Ele foi acusado pelo Minist\u00e9rio P\u00fablico Federal (MPF) de ter recebido propina em contratos p\u00fablicos com as empreiteiras Mendes J\u00fanior e OAS quando era prefeito de S\u00e3o Paulo (1993-1996). Os recursos foram desviados da constru\u00e7\u00e3o da Avenida \u00c1gua Espraiada, hoje chamada Avenida Roberto Marinho, de acordo com a den\u00fancia. O custo total da obra foi cerca de R$ 800 milh\u00f5es.<\/p>\n<p>As investiga\u00e7\u00f5es se arrastaram por mais de 10 anos desde a instaura\u00e7\u00e3o do primeiro inqu\u00e9rito, ainda na primeira inst\u00e2ncia da Justi\u00e7a. Os procuradores respons\u00e1veis pelo caso estimaram em US$ 170 milh\u00f5es a movimenta\u00e7\u00e3o total de recursos il\u00edcitos. O Supremo assumiu o caso ap\u00f3s a elei\u00e7\u00e3o de Maluf como deputado federal.<\/p>\n<p><strong>CARIRI EM A\u00c7\u00c3O<\/strong><\/p>\n<p><em>Com Ag\u00eancia Brasil\/Foto: Reprodu\u00e7\u00e3o google<\/em><\/p>\n<p><strong>Leia mais not\u00edcias em\u00a0<\/strong><a href=\"http:\/\/www.caririemacao.com\/\"><strong>caririemacao.com<\/strong><\/a><strong>, siga nossa p\u00e1gina no\u00a0<\/strong><a href=\"https:\/\/www.facebook.com\/CaririEmAcao\/?ref=aymt_homepage_panel\"><strong>Facebook<\/strong><\/a>,<strong>\u00a0<\/strong><a href=\"https:\/\/www.instagram.com\/cariri_em_acao\/?hl=pt-br\"><strong>Instagram<\/strong><\/a><strong>\u00a0e\u00a0<\/strong><a href=\"https:\/\/www.youtube.com\/channel\/UCAptA0jQuYQy8vMhLt2m4qg\"><strong>Youtube<\/strong><\/a><strong>\u00a0e veja nossas mat\u00e9rias, v\u00eddeos e fotos. Voc\u00ea tamb\u00e9m pode enviar informa\u00e7\u00f5es \u00e0 Reda\u00e7\u00e3o do Portal Cariri em A\u00e7\u00e3o pelo WhatsApp (83) 9 9634.5791, (83) 9 9601-1162.<\/strong><\/p>\n","protected":false},"excerpt":{"rendered":"<p>O Supremo Tribunal Federal (STF) adiou o julgamento que vai analisar decis\u00e3o liminar do ministro Dias Toffoli, que concedeu, no dia 28 de mar\u00e7o, pris\u00e3o&hellip; <\/p>\n","protected":false},"author":2,"featured_media":47430,"comment_status":"closed","ping_status":"closed","sticky":false,"template":"","format":"standard","meta":{"sfsi_plus_gutenberg_text_before_share":"","sfsi_plus_gutenberg_show_text_before_share":"","sfsi_plus_gutenberg_icon_type":"","sfsi_plus_gutenberg_icon_alignemt":"","sfsi_plus_gutenburg_max_per_row":"","footnotes":""},"categories":[11],"tags":[],"class_list":["post-47429","post","type-post","status-publish","format-standard","has-post-thumbnail","hentry","category-politica"],"_links":{"self":[{"href":"https:\/\/www.caririemacao.com\/1\/wp-json\/wp\/v2\/posts\/47429","targetHints":{"allow":["GET"]}}],"collection":[{"href":"https:\/\/www.caririemacao.com\/1\/wp-json\/wp\/v2\/posts"}],"about":[{"href":"https:\/\/www.caririemacao.com\/1\/wp-json\/wp\/v2\/types\/post"}],"author":[{"embeddable":true,"href":"https:\/\/www.caririemacao.com\/1\/wp-json\/wp\/v2\/users\/2"}],"replies":[{"embeddable":true,"href":"https:\/\/www.caririemacao.com\/1\/wp-json\/wp\/v2\/comments?post=47429"}],"version-history":[{"count":0,"href":"https:\/\/www.caririemacao.com\/1\/wp-json\/wp\/v2\/posts\/47429\/revisions"}],"wp:featuredmedia":[{"embeddable":true,"href":"https:\/\/www.caririemacao.com\/1\/wp-json\/wp\/v2\/media\/47430"}],"wp:attachment":[{"href":"https:\/\/www.caririemacao.com\/1\/wp-json\/wp\/v2\/media?parent=47429"}],"wp:term":[{"taxonomy":"category","embeddable":true,"href":"https:\/\/www.caririemacao.com\/1\/wp-json\/wp\/v2\/categories?post=47429"},{"taxonomy":"post_tag","embeddable":true,"href":"https:\/\/www.caririemacao.com\/1\/wp-json\/wp\/v2\/tags?post=47429"}],"curies":[{"name":"wp","href":"https:\/\/api.w.org\/{rel}","templated":true}]}}