{"id":47507,"date":"2018-04-13T14:33:52","date_gmt":"2018-04-13T17:33:52","guid":{"rendered":"http:\/\/caririemacao.com\/1\/?p=47507"},"modified":"2018-04-13T14:33:52","modified_gmt":"2018-04-13T17:33:52","slug":"prefeitura-de-amparo-divulgou-a-programacao-da-festa-de-emancipacao-da-cidade","status":"publish","type":"post","link":"https:\/\/www.caririemacao.com\/1\/2018\/04\/13\/prefeitura-de-amparo-divulgou-a-programacao-da-festa-de-emancipacao-da-cidade\/","title":{"rendered":"Prefeitura de Amparo divulgou a Programa\u00e7\u00e3o da Festa de Emancipa\u00e7\u00e3o da cidade"},"content":{"rendered":"<p style=\"font-weight: 400;\">A Prefeitura Municipal de Amparo atrav\u00e9s do seu programa de R\u00e1dio divulgou nesta sexta-feira (13) a programa\u00e7\u00e3o Oficial da Festa de Emancipa\u00e7\u00e3o pol\u00edtica de nossa cidade. Em 2018 a cidade de Amparo estar\u00e1 completando 24 anos de Emancipa\u00e7\u00e3o.<\/p>\n<p style=\"font-weight: 400;\">Confira a programa\u00e7\u00e3o completa que ter\u00e1 inicio na sexta-feira (27) e se encerrar\u00e1 no domingo (29).<\/p>\n<p style=\"font-weight: 400;\"><em>Sexta-feira (27):<\/em><\/p>\n<p style=\"font-weight: 400;\">14h00min \u2013 Abertura Oficial da Festa de Emancipa\u00e7\u00e3o, com exposi\u00e7\u00e3o e Gincana Cultural com o tema: \u201cSustentabilidade Econ\u00f4mica, Financeira e Ambiental do Munic\u00edpio de Amparo\u201d.<\/p>\n<p style=\"font-weight: 400;\"><em>S\u00e1bado (28):<\/em><\/p>\n<p style=\"font-weight: 400;\">15h00min \u2013 Jericada;<\/p>\n<p style=\"font-weight: 400;\">18h30min \u2013 Missa em A\u00e7\u00e3o de Gra\u00e7a;<\/p>\n<p style=\"font-weight: 400;\">21h00min \u2013 Inaugura\u00e7\u00e3o da Pra\u00e7a Miguel Pereira;<\/p>\n<p style=\"font-weight: 400;\">22h00min \u2013 Show com Flavinho e Charles;<\/p>\n<p style=\"font-weight: 400;\"><em>Domingo (29):<\/em><\/p>\n<p style=\"font-weight: 400;\">05h00min \u2013 Alvorada com a Banda de M\u00fasica 29 de Abril;<\/p>\n<p style=\"font-weight: 400;\">08h00min \u2013 Hasteamento com presen\u00e7a das autoridades locais;<\/p>\n<p style=\"font-weight: 400;\">09h00min \u2013 Feira de Sa\u00fade S\u00f3cio Assistencial;<\/p>\n<p style=\"font-weight: 400;\">15h30min \u2013 Final da Copa Amparense;<\/p>\n<p style=\"font-weight: 400;\">22h00min \u2013 Shows em Pra\u00e7a P\u00fablica com Mercinho &amp; Forr\u00f3 Canto da Serra e a Banda Forr\u00f3 Gente Boa.<\/p>\n<p><strong>CARIRI EM A\u00c7\u00c3O<\/strong><\/p>\n<p><em>Com Amparo ligado<\/em><\/p>\n<p><strong>Leia mais not\u00edcias em\u00a0<\/strong><a href=\"http:\/\/www.caririemacao.com\/\"><strong>caririemacao.com<\/strong><\/a><strong>, siga nossa p\u00e1gina no\u00a0<\/strong><a href=\"https:\/\/www.facebook.com\/CaririEmAcao\/?ref=aymt_homepage_panel\"><strong>Facebook<\/strong><\/a>,<strong>\u00a0<\/strong><a href=\"https:\/\/www.instagram.com\/cariri_em_acao\/?hl=pt-br\"><strong>Instagram<\/strong><\/a><strong>\u00a0e\u00a0<\/strong><a href=\"https:\/\/www.youtube.com\/channel\/UCAptA0jQuYQy8vMhLt2m4qg\"><strong>Youtube<\/strong><\/a><strong>\u00a0e veja nossas mat\u00e9rias, v\u00eddeos e fotos. Voc\u00ea tamb\u00e9m pode enviar informa\u00e7\u00f5es \u00e0 Reda\u00e7\u00e3o do Portal Cariri em A\u00e7\u00e3o pelo WhatsApp (83) 9 9634.5791, (83) 9 9601-1162.<\/strong><\/p>\n","protected":false},"excerpt":{"rendered":"<p>A Prefeitura Municipal de Amparo atrav\u00e9s do seu programa de R\u00e1dio divulgou nesta sexta-feira (13) a programa\u00e7\u00e3o Oficial da Festa de Emancipa\u00e7\u00e3o pol\u00edtica de nossa&hellip; <\/p>\n","protected":false},"author":2,"featured_media":44147,"comment_status":"closed","ping_status":"closed","sticky":false,"template":"","format":"standard","meta":{"sfsi_plus_gutenberg_text_before_share":"","sfsi_plus_gutenberg_show_text_before_share":"","sfsi_plus_gutenberg_icon_type":"","sfsi_plus_gutenberg_icon_alignemt":"","sfsi_plus_gutenburg_max_per_row":"","footnotes":""},"categories":[6],"tags":[],"class_list":["post-47507","post","type-post","status-publish","format-standard","has-post-thumbnail","hentry","category-cidades"],"_links":{"self":[{"href":"https:\/\/www.caririemacao.com\/1\/wp-json\/wp\/v2\/posts\/47507","targetHints":{"allow":["GET"]}}],"collection":[{"href":"https:\/\/www.caririemacao.com\/1\/wp-json\/wp\/v2\/posts"}],"about":[{"href":"https:\/\/www.caririemacao.com\/1\/wp-json\/wp\/v2\/types\/post"}],"author":[{"embeddable":true,"href":"https:\/\/www.caririemacao.com\/1\/wp-json\/wp\/v2\/users\/2"}],"replies":[{"embeddable":true,"href":"https:\/\/www.caririemacao.com\/1\/wp-json\/wp\/v2\/comments?post=47507"}],"version-history":[{"count":0,"href":"https:\/\/www.caririemacao.com\/1\/wp-json\/wp\/v2\/posts\/47507\/revisions"}],"wp:featuredmedia":[{"embeddable":true,"href":"https:\/\/www.caririemacao.com\/1\/wp-json\/wp\/v2\/media\/44147"}],"wp:attachment":[{"href":"https:\/\/www.caririemacao.com\/1\/wp-json\/wp\/v2\/media?parent=47507"}],"wp:term":[{"taxonomy":"category","embeddable":true,"href":"https:\/\/www.caririemacao.com\/1\/wp-json\/wp\/v2\/categories?post=47507"},{"taxonomy":"post_tag","embeddable":true,"href":"https:\/\/www.caririemacao.com\/1\/wp-json\/wp\/v2\/tags?post=47507"}],"curies":[{"name":"wp","href":"https:\/\/api.w.org\/{rel}","templated":true}]}}