{"id":47509,"date":"2018-04-13T14:42:37","date_gmt":"2018-04-13T17:42:37","guid":{"rendered":"http:\/\/caririemacao.com\/1\/?p=47509"},"modified":"2018-04-13T14:42:37","modified_gmt":"2018-04-13T17:42:37","slug":"candidatos-ao-enem-tem-ate-domingo-para-pedir-isencao-da-taxa-de-inscricao","status":"publish","type":"post","link":"https:\/\/www.caririemacao.com\/1\/2018\/04\/13\/candidatos-ao-enem-tem-ate-domingo-para-pedir-isencao-da-taxa-de-inscricao\/","title":{"rendered":"Candidatos ao Enem t\u00eam at\u00e9 domingo para pedir isen\u00e7\u00e3o da taxa de inscri\u00e7\u00e3o"},"content":{"rendered":"<p>Termina no pr\u00f3ximo domingo (15) o prazo para os candidatos ao Exame Nacional do Ensino M\u00e9dio (Enem)\u00a0pedirem a isen\u00e7\u00e3o\u00a0da taxa de inscri\u00e7\u00e3o da prova. O Instituto Nacional de Estudos e Pesquisas Educacionais An\u00edsio Teixeira (Inep) espera que cerca de 4 milh\u00f5es de pessoas pe\u00e7am a isen\u00e7\u00e3o da taxa neste ano.<\/p>\n<p>Em 2018, o Enem completa 20 anos e pela primeira vez o pedido de isen\u00e7\u00e3o da taxa \u00e9 feito antes do per\u00edodo de inscri\u00e7\u00e3o. Tamb\u00e9m pela primeira vez, os candidatos que tiveram a isen\u00e7\u00e3o no ano passado e faltaram aos dois dias de prova ter\u00e3o que justificar a aus\u00eancia para ter a gratuidade novamente.<\/p>\n<p>Se a solicita\u00e7\u00e3o de isen\u00e7\u00e3o for negada, ainda \u00e9 poss\u00edvel recorrer da decis\u00e3o, na P\u00e1gina do Participante, entre os dias 23 e 29 de abril. A aprova\u00e7\u00e3o da isen\u00e7\u00e3o da taxa de inscri\u00e7\u00e3o n\u00e3o significa que o participante j\u00e1 est\u00e1 inscrito no Enem 2018. As inscri\u00e7\u00f5es dever\u00e3o ser feitas das 10h do dia 7 de maio \u00e0s 23h59 de 18 de maio deste ano, pelo<em>\u00a0site<\/em>\u00a0do Enem.<\/p>\n<div class=\"know_more\">\n<p>&nbsp;<\/p>\n<\/div>\n<p><strong>Quem tem direito \u00e0 isen\u00e7\u00e3o<\/strong><\/p>\n<p>&#8211; Quem est\u00e1 cursando a \u00faltima s\u00e9rie do ensino m\u00e9dio neste ano em escola da rede p\u00fablica<\/p>\n<p>&#8211; Quem cursou todo o ensino m\u00e9dio em escola da rede p\u00fablica, ou como bolsista integral na rede privada, e tenha renda\u00a0<em>per capita<\/em>\u00a0igual ou inferior a um sal\u00e1rio m\u00ednimo e meio<\/p>\n<p>&#8211; Quem declarar situa\u00e7\u00e3o de vulnerabilidade socioecon\u00f4mica, por ser membro de fam\u00edlia de baixa renda, e que esteja inscrito no Cadastro \u00danico para Programas Sociais do Governo Federal (Cad\u00danico)<\/p>\n<p>&#8211; Quem fez o Exame Nacional para Certifica\u00e7\u00e3o de Compet\u00eancias de Jovens e Adultos (Encceja) do ano passado, que tenha atingido a nota m\u00ednima<\/p>\n<p><strong>CARIRI EM A\u00c7\u00c3O<\/strong><\/p>\n<p><em>Com Ag\u00eancia Brasil\/Foto: Reprodu\u00e7\u00e3o google<\/em><\/p>\n<p><strong>Leia mais not\u00edcias em\u00a0<\/strong><a href=\"http:\/\/www.caririemacao.com\/\"><strong>caririemacao.com<\/strong><\/a><strong>, siga nossa p\u00e1gina no\u00a0<\/strong><a href=\"https:\/\/www.facebook.com\/CaririEmAcao\/?ref=aymt_homepage_panel\"><strong>Facebook<\/strong><\/a>,<strong>\u00a0<\/strong><a href=\"https:\/\/www.instagram.com\/cariri_em_acao\/?hl=pt-br\"><strong>Instagram<\/strong><\/a><strong>\u00a0e\u00a0<\/strong><a href=\"https:\/\/www.youtube.com\/channel\/UCAptA0jQuYQy8vMhLt2m4qg\"><strong>Youtube<\/strong><\/a><strong>\u00a0e veja nossas mat\u00e9rias, v\u00eddeos e fotos. Voc\u00ea tamb\u00e9m pode enviar informa\u00e7\u00f5es \u00e0 Reda\u00e7\u00e3o do Portal Cariri em A\u00e7\u00e3o pelo WhatsApp (83) 9 9634.5791, (83) 9 9601-1162.<\/strong><\/p>\n","protected":false},"excerpt":{"rendered":"<p>Termina no pr\u00f3ximo domingo (15) o prazo para os candidatos ao Exame Nacional do Ensino M\u00e9dio (Enem)\u00a0pedirem a isen\u00e7\u00e3o\u00a0da taxa de inscri\u00e7\u00e3o da prova. O&hellip; <\/p>\n","protected":false},"author":2,"featured_media":47510,"comment_status":"closed","ping_status":"closed","sticky":false,"template":"","format":"standard","meta":{"sfsi_plus_gutenberg_text_before_share":"","sfsi_plus_gutenberg_show_text_before_share":"","sfsi_plus_gutenberg_icon_type":"","sfsi_plus_gutenberg_icon_alignemt":"","sfsi_plus_gutenburg_max_per_row":"","footnotes":""},"categories":[2],"tags":[],"class_list":["post-47509","post","type-post","status-publish","format-standard","has-post-thumbnail","hentry","category-geral"],"_links":{"self":[{"href":"https:\/\/www.caririemacao.com\/1\/wp-json\/wp\/v2\/posts\/47509","targetHints":{"allow":["GET"]}}],"collection":[{"href":"https:\/\/www.caririemacao.com\/1\/wp-json\/wp\/v2\/posts"}],"about":[{"href":"https:\/\/www.caririemacao.com\/1\/wp-json\/wp\/v2\/types\/post"}],"author":[{"embeddable":true,"href":"https:\/\/www.caririemacao.com\/1\/wp-json\/wp\/v2\/users\/2"}],"replies":[{"embeddable":true,"href":"https:\/\/www.caririemacao.com\/1\/wp-json\/wp\/v2\/comments?post=47509"}],"version-history":[{"count":0,"href":"https:\/\/www.caririemacao.com\/1\/wp-json\/wp\/v2\/posts\/47509\/revisions"}],"wp:featuredmedia":[{"embeddable":true,"href":"https:\/\/www.caririemacao.com\/1\/wp-json\/wp\/v2\/media\/47510"}],"wp:attachment":[{"href":"https:\/\/www.caririemacao.com\/1\/wp-json\/wp\/v2\/media?parent=47509"}],"wp:term":[{"taxonomy":"category","embeddable":true,"href":"https:\/\/www.caririemacao.com\/1\/wp-json\/wp\/v2\/categories?post=47509"},{"taxonomy":"post_tag","embeddable":true,"href":"https:\/\/www.caririemacao.com\/1\/wp-json\/wp\/v2\/tags?post=47509"}],"curies":[{"name":"wp","href":"https:\/\/api.w.org\/{rel}","templated":true}]}}