{"id":47512,"date":"2018-04-13T14:44:40","date_gmt":"2018-04-13T17:44:40","guid":{"rendered":"http:\/\/caririemacao.com\/1\/?p=47512"},"modified":"2018-04-13T14:50:40","modified_gmt":"2018-04-13T17:50:40","slug":"nss-94-mil-convocados-tem-ate-hoje-para-agendar-pericia-que-revisa-beneficio","status":"publish","type":"post","link":"https:\/\/www.caririemacao.com\/1\/2018\/04\/13\/nss-94-mil-convocados-tem-ate-hoje-para-agendar-pericia-que-revisa-beneficio\/","title":{"rendered":"INSS: 94 mil convocados t\u00eam at\u00e9 hoje para agendar per\u00edcia que revisa benef\u00edcio"},"content":{"rendered":"<p>Os 94 mil benefici\u00e1rios de aux\u00edlio-doen\u00e7a e de aposentadoria por invalidez que foram\u00a0convocados no m\u00eas passado\u00a0pelo Instituto Nacional do Seguro Social (INSS) t\u00eam at\u00e9 hoje (13) para agendar a per\u00edcia de revis\u00e3o do benef\u00edcio. A marca\u00e7\u00e3o deve ser feita por meio do telefone 135.<\/p>\n<p>Caso a per\u00edcia n\u00e3o seja marcada, o pagamento ficar\u00e1 suspenso at\u00e9 o convocado regularizar sua situa\u00e7\u00e3o. A partir da suspens\u00e3o, o benefici\u00e1rio tem at\u00e9 60 dias para marcar o exame. Se n\u00e3o procurar o INSS nesse prazo, o pagamento ser\u00e1 cancelado.<\/p>\n<p>O edital com os nomes dos convocados foi publicado no\u00a0<em>Di\u00e1rio Oficial da Uni\u00e3o\u00a0<\/em>(se\u00e7\u00e3o 3, p\u00e1ginas de 121 a 367) em 23 de mar\u00e7o.\u00a0 No in\u00edcio do m\u00eas passado, o Minist\u00e9rio do Desenvolvimento Social (MDS) enviou cartas de convoca\u00e7\u00e3o para os benefici\u00e1rios de aux\u00edlio-doen\u00e7a que est\u00e3o h\u00e1 mais de dois anos sem passar por uma per\u00edcia m\u00e9dica e para os aposentados por invalidez com menos de 60 anos. Os convocados por edital n\u00e3o foram encontradas por alguma inconsist\u00eancia no endere\u00e7o ou n\u00e3o realizaram o agendamento no prazo determinado.<\/p>\n<p><strong>Nova convoca\u00e7\u00e3o<\/strong><\/p>\n<p>Ontem (12), mais 152,2 mil benefici\u00e1rios que n\u00e3o foram encontrados por carta ou n\u00e3o responderam ao chamado foram convocados. O edital com os nomes foi publicado no\u00a0<em>Di\u00e1rio Oficial da Uni\u00e3o\u00a0<\/em>(<a href=\"http:\/\/pesquisa.in.gov.br\/imprensa\/jsp\/visualiza\/index.jsp?data=12\/04\/2018&amp;jornal=530&amp;pagina=109&amp;totalArquivos=652\" target=\"_blank\" rel=\"noopener\">se\u00e7\u00e3o 3, p\u00e1ginas 109 a 506<\/a>).<\/p>\n<p>Ao todo, passar\u00e3o pelo pente-fino do governo federal mais de 1,5 milh\u00e3o de benef\u00edcios por incapacidade, 552.998 benef\u00edcios de aux\u00edlio-doen\u00e7a e 1.004.886 de aposentadoria por invalidez. O processo de revis\u00e3o come\u00e7ou em 2016. Na primeira fase, foram feitas 279.761 per\u00edcias de aux\u00edlio-doen\u00e7a e 10.073 de aposentadoria por invalidez.<\/p>\n<p>A meta agora \u00e9 revisar 1,2 milh\u00e3o de benef\u00edcios ao longo 2018, sendo 273.803 de aux\u00edlio-doen\u00e7a e 995.107 de aposentadoria por invalidez. Na segunda fase do pente-fino, iniciada em mar\u00e7o, j\u00e1 foram realizadas 191.449 per\u00edcias (49.570 de aux\u00edlio-doen\u00e7a e 141.879 de aposentadoria por invalidez). Do total, 36.970 aux\u00edlios-doen\u00e7a e 43.009 aposentadorias por invalidez foram cancelados at\u00e9 10 de abril.<\/p>\n<p><strong>CARIRI EM A\u00c7\u00c3O<\/strong><\/p>\n<p><em>Com EBC\/Foto: Reprodu\u00e7\u00e3o google<\/em><\/p>\n<p><strong>Leia mais not\u00edcias em\u00a0<\/strong><a href=\"http:\/\/www.caririemacao.com\/\"><strong>caririemacao.com<\/strong><\/a><strong>, siga nossa p\u00e1gina no\u00a0<\/strong><a href=\"https:\/\/www.facebook.com\/CaririEmAcao\/?ref=aymt_homepage_panel\"><strong>Facebook<\/strong><\/a>,<strong>\u00a0<\/strong><a href=\"https:\/\/www.instagram.com\/cariri_em_acao\/?hl=pt-br\"><strong>Instagram<\/strong><\/a><strong>\u00a0e\u00a0<\/strong><a href=\"https:\/\/www.youtube.com\/channel\/UCAptA0jQuYQy8vMhLt2m4qg\"><strong>Youtube<\/strong><\/a><strong>\u00a0e veja nossas mat\u00e9rias, v\u00eddeos e fotos. Voc\u00ea tamb\u00e9m pode enviar informa\u00e7\u00f5es \u00e0 Reda\u00e7\u00e3o do Portal Cariri em A\u00e7\u00e3o pelo WhatsApp (83) 9 9634.5791, (83) 9 9601-1162.<\/strong><\/p>\n","protected":false},"excerpt":{"rendered":"<p>Os 94 mil benefici\u00e1rios de aux\u00edlio-doen\u00e7a e de aposentadoria por invalidez que foram\u00a0convocados no m\u00eas passado\u00a0pelo Instituto Nacional do Seguro Social (INSS) t\u00eam at\u00e9 hoje&hellip; <\/p>\n","protected":false},"author":2,"featured_media":45072,"comment_status":"closed","ping_status":"closed","sticky":false,"template":"","format":"standard","meta":{"sfsi_plus_gutenberg_text_before_share":"","sfsi_plus_gutenberg_show_text_before_share":"","sfsi_plus_gutenberg_icon_type":"","sfsi_plus_gutenberg_icon_alignemt":"","sfsi_plus_gutenburg_max_per_row":"","footnotes":""},"categories":[2],"tags":[],"class_list":["post-47512","post","type-post","status-publish","format-standard","has-post-thumbnail","hentry","category-geral"],"_links":{"self":[{"href":"https:\/\/www.caririemacao.com\/1\/wp-json\/wp\/v2\/posts\/47512","targetHints":{"allow":["GET"]}}],"collection":[{"href":"https:\/\/www.caririemacao.com\/1\/wp-json\/wp\/v2\/posts"}],"about":[{"href":"https:\/\/www.caririemacao.com\/1\/wp-json\/wp\/v2\/types\/post"}],"author":[{"embeddable":true,"href":"https:\/\/www.caririemacao.com\/1\/wp-json\/wp\/v2\/users\/2"}],"replies":[{"embeddable":true,"href":"https:\/\/www.caririemacao.com\/1\/wp-json\/wp\/v2\/comments?post=47512"}],"version-history":[{"count":0,"href":"https:\/\/www.caririemacao.com\/1\/wp-json\/wp\/v2\/posts\/47512\/revisions"}],"wp:featuredmedia":[{"embeddable":true,"href":"https:\/\/www.caririemacao.com\/1\/wp-json\/wp\/v2\/media\/45072"}],"wp:attachment":[{"href":"https:\/\/www.caririemacao.com\/1\/wp-json\/wp\/v2\/media?parent=47512"}],"wp:term":[{"taxonomy":"category","embeddable":true,"href":"https:\/\/www.caririemacao.com\/1\/wp-json\/wp\/v2\/categories?post=47512"},{"taxonomy":"post_tag","embeddable":true,"href":"https:\/\/www.caririemacao.com\/1\/wp-json\/wp\/v2\/tags?post=47512"}],"curies":[{"name":"wp","href":"https:\/\/api.w.org\/{rel}","templated":true}]}}