{"id":47514,"date":"2018-04-13T14:49:16","date_gmt":"2018-04-13T17:49:16","guid":{"rendered":"http:\/\/caririemacao.com\/1\/?p=47514"},"modified":"2018-04-13T14:49:16","modified_gmt":"2018-04-13T17:49:16","slug":"psdb-oficializa-apoio-a-lucelio-cartaxo-para-a-disputa-do-governo","status":"publish","type":"post","link":"https:\/\/www.caririemacao.com\/1\/2018\/04\/13\/psdb-oficializa-apoio-a-lucelio-cartaxo-para-a-disputa-do-governo\/","title":{"rendered":"PSDB oficializa apoio a Luc\u00e9lio Cartaxo para a disputa do governo"},"content":{"rendered":"<p>Os tucanos fecharam quest\u00e3o em rela\u00e7\u00e3o ao apoio ao presidente estadual do PV, Luc\u00e9lio Cartaxo, para a disputa do governo. Esse \u00e9 o primeiro movimento das lideran\u00e7as das oposi\u00e7\u00f5es em busca de uma chapa de consenso. Havia cobran\u00e7a dos verdes por um gesto do bloco comandado pelo senador C\u00e1ssio Cunha Lima e o prefeito de Campina Grande, Romero Rodrigues. A demora por uma posi\u00e7\u00e3o, inclusive, fez o prefeito de Jo\u00e3o Pessoa, Luciano Cartaxo (PV), desistir da disputa. O passo seguinte agora \u00e9 conseguir apoio do PP de Aguinaldo Ribeiro e do PSC, de Marcondes Gadelha.<\/p>\n<p>O PP \u00e9 o partido que inspira maiores cuidados. O prefeito Luciano Cartaxo ficou encarregado de conversar com a fam\u00edlia Ribeiro. O presidente estadual da sigla, o vice-prefeito de Campina Grande Enivaldo Ribeiro chegou a lan\u00e7ar a deputada estadual Daniella Ribeira como candidata ao governo. O PDT da vice-governadora L\u00edgia Feliciano tamb\u00e9m est\u00e1 no radar. Os oposicionistas entendem que o momento \u00e9 de n\u00e3o fechar a composi\u00e7\u00e3o da chapa majorit\u00e1ria e trabalhar o consenso entre os partidos. O senador Jos\u00e9 Maranh\u00e3o, que se lan\u00e7ou para a disputa do governo, tamb\u00e9m ser\u00e1 procurado.<\/p>\n<p>Enquanto isso, o bloco comandado pelo governado Ricardo Coutinho (PSB) espera pelos dissidentes para compor a chapa encabe\u00e7ada pelo ex-secret\u00e1rio Jo\u00e3o Azevedo. Se os partidos de oposi\u00e7\u00e3o quiserem trabalhar uma unidade, v\u00e3o ter que trabalhar dobrado para isso.<\/p>\n<p>Confira a nota do PSDB<\/p>\n<p><strong>Uma agenda para o futuro da Para\u00edba.<\/strong><\/p>\n<p>Tendo em vista seus compromissos hist\u00f3ricos com o desenvolvimento da Para\u00edba, a Executiva estadual do PSDB vem a p\u00fablico comunicar o que segue:<\/p>\n<p>1) O partido defende, desde o ano passado, a unidade das oposi\u00e7\u00f5es no Estado por entender que este \u00e9 o caminho adequado para promover as transforma\u00e7\u00f5es que a popula\u00e7\u00e3o da Para\u00edba espera;<\/p>\n<p>2) Com essa compreens\u00e3o, em mais um gesto de desprendimento, o PSDB decidiu apoiar o nome de Luc\u00e9lio Cartaxo, do Partido Verde, ao governo do Estado, abrindo caminho para um entendimento mais amplo;<\/p>\n<p>3) O processo eleitoral marca o fim do ciclo de oito anos de um governo que deixa uma d\u00edvida de cuidados com as pessoas, sobretudo as que mais precisam, em \u00e1reas essenciais, como sa\u00fade, educa\u00e7\u00e3o, habita\u00e7\u00e3o e seguran\u00e7a p\u00fablica;<\/p>\n<p>4) Isso exige de todos n\u00f3s a uni\u00e3o de esfor\u00e7os em torno de uma agenda program\u00e1tica que recoloque o Estado na rota do crescimento, que estabele\u00e7a um novo padr\u00e3o de gest\u00e3o, com respeito aos recursos do contribuinte e a ado\u00e7\u00e3o de pol\u00edticas p\u00fablicas voltadas para transformar a vida das pessoas, gerando mais oportunidades, mais emprego e renda;<\/p>\n<p>5) O que nos une, portanto, s\u00e3o os pilares de uma agenda de futuro para os paraibanos e paraibanas: compromisso com a melhora da qualidade de vida da popula\u00e7\u00e3o; di\u00e1logo e respeito com todos os segmentos da sociedade; responsabilidade fiscal, fim do arrocho tribut\u00e1rio; planejamento e gest\u00e3o com desenvolvimento sustent\u00e1vel; al\u00e9m de pol\u00edticas p\u00fablicas eficazes nas \u00e1reas essenciais, voltadas para os mais pobres.<\/p>\n<p>6. Para o PSDB, \u00e9 fundamental que as for\u00e7as de oposi\u00e7\u00e3o, com maturidade e respeito, se mantenham unidas e aprofundem o di\u00e1logo em torno da constru\u00e7\u00e3o desse projeto de transforma\u00e7\u00e3o que queremos, juntos, oferecer \u00e0 Para\u00edba. Um projeto que permita a todos os paraibanos e paraibanas olhar para frente novamente com esperan\u00e7a e f\u00e9.<\/p>\n<p><strong>CARIRI EM A\u00c7\u00c3O<\/strong><\/p>\n<p><em>Com Blog do Suetoni\/Foto: Reprodu\u00e7\u00e3o google<\/em><\/p>\n<p><strong>Leia mais not\u00edcias em\u00a0<\/strong><a href=\"http:\/\/www.caririemacao.com\/\"><strong>caririemacao.com<\/strong><\/a><strong>, siga nossa p\u00e1gina no\u00a0<\/strong><a href=\"https:\/\/www.facebook.com\/CaririEmAcao\/?ref=aymt_homepage_panel\"><strong>Facebook<\/strong><\/a>,<strong>\u00a0<\/strong><a href=\"https:\/\/www.instagram.com\/cariri_em_acao\/?hl=pt-br\"><strong>Instagram<\/strong><\/a><strong>\u00a0e\u00a0<\/strong><a href=\"https:\/\/www.youtube.com\/channel\/UCAptA0jQuYQy8vMhLt2m4qg\"><strong>Youtube<\/strong><\/a><strong>\u00a0e veja nossas mat\u00e9rias, v\u00eddeos e fotos. Voc\u00ea tamb\u00e9m pode enviar informa\u00e7\u00f5es \u00e0 Reda\u00e7\u00e3o do Portal Cariri em A\u00e7\u00e3o pelo WhatsApp (83) 9 9634.5791, (83) 9 9601-1162.<\/strong><\/p>\n","protected":false},"excerpt":{"rendered":"<p>Os tucanos fecharam quest\u00e3o em rela\u00e7\u00e3o ao apoio ao presidente estadual do PV, Luc\u00e9lio Cartaxo, para a disputa do governo. Esse \u00e9 o primeiro movimento&hellip; <\/p>\n","protected":false},"author":2,"featured_media":47515,"comment_status":"closed","ping_status":"closed","sticky":false,"template":"","format":"standard","meta":{"sfsi_plus_gutenberg_text_before_share":"","sfsi_plus_gutenberg_show_text_before_share":"","sfsi_plus_gutenberg_icon_type":"","sfsi_plus_gutenberg_icon_alignemt":"","sfsi_plus_gutenburg_max_per_row":"","footnotes":""},"categories":[11],"tags":[],"class_list":["post-47514","post","type-post","status-publish","format-standard","has-post-thumbnail","hentry","category-politica"],"_links":{"self":[{"href":"https:\/\/www.caririemacao.com\/1\/wp-json\/wp\/v2\/posts\/47514","targetHints":{"allow":["GET"]}}],"collection":[{"href":"https:\/\/www.caririemacao.com\/1\/wp-json\/wp\/v2\/posts"}],"about":[{"href":"https:\/\/www.caririemacao.com\/1\/wp-json\/wp\/v2\/types\/post"}],"author":[{"embeddable":true,"href":"https:\/\/www.caririemacao.com\/1\/wp-json\/wp\/v2\/users\/2"}],"replies":[{"embeddable":true,"href":"https:\/\/www.caririemacao.com\/1\/wp-json\/wp\/v2\/comments?post=47514"}],"version-history":[{"count":0,"href":"https:\/\/www.caririemacao.com\/1\/wp-json\/wp\/v2\/posts\/47514\/revisions"}],"wp:featuredmedia":[{"embeddable":true,"href":"https:\/\/www.caririemacao.com\/1\/wp-json\/wp\/v2\/media\/47515"}],"wp:attachment":[{"href":"https:\/\/www.caririemacao.com\/1\/wp-json\/wp\/v2\/media?parent=47514"}],"wp:term":[{"taxonomy":"category","embeddable":true,"href":"https:\/\/www.caririemacao.com\/1\/wp-json\/wp\/v2\/categories?post=47514"},{"taxonomy":"post_tag","embeddable":true,"href":"https:\/\/www.caririemacao.com\/1\/wp-json\/wp\/v2\/tags?post=47514"}],"curies":[{"name":"wp","href":"https:\/\/api.w.org\/{rel}","templated":true}]}}