{"id":47521,"date":"2018-04-13T14:56:16","date_gmt":"2018-04-13T17:56:16","guid":{"rendered":"http:\/\/caririemacao.com\/1\/?p=47521"},"modified":"2018-04-13T14:56:16","modified_gmt":"2018-04-13T17:56:16","slug":"um-ano-apos-transposicao-moradores-do-cariri-da-pb-sofrem-sem-agua-nas-torneiras","status":"publish","type":"post","link":"https:\/\/www.caririemacao.com\/1\/2018\/04\/13\/um-ano-apos-transposicao-moradores-do-cariri-da-pb-sofrem-sem-agua-nas-torneiras\/","title":{"rendered":"Um ano ap\u00f3s transposi\u00e7\u00e3o, moradores do Cariri da PB sofrem sem \u00e1gua nas torneiras"},"content":{"rendered":"<p>Um ano ap\u00f3s a chegada das \u00e1guas do Rio S\u00e3o Francisco, os moradores do Cariri da Para\u00edba ainda n\u00e3o sentiram os efeitos da transposi\u00e7\u00e3o. O Minist\u00e9rio P\u00fablico Federal (MPF) visitou cidade de Monteiro, divisa com Pernambuco, e ouviu uma s\u00e9rie de queixas dos moradores do munic\u00edpio, que \u00e9 o \u2018ber\u00e7o\u2019 do Velho Chico em terras paraibanas. A principal reclama\u00e7\u00e3o \u00e9 a falta de \u00e1gua nas torneiras, apesar do volume em abund\u00e2ncia no canal. O material colhido pelo MPF foi transformado em um pequeno document\u00e1rio (confira no final da reportagem).<\/p>\n<p>A inspe\u00e7\u00e3o visual do MPF aconteceu no final de mar\u00e7o e contou com a participa\u00e7\u00e3o de engenheiros e de t\u00e9cnicos de seguran\u00e7a do \u00f3rg\u00e3o. Durante a visita foi constatado, por exemplo, que algumas condicionantes das licen\u00e7as pr\u00e9vias e de instala\u00e7\u00e3o da obra n\u00e3o v\u00eam sendo cumpridas na integralidade.<\/p>\n<p>O MPF averiguou a degrada\u00e7\u00e3o na \u00e1rea do Rio Para\u00edba, que recebe a carga do S\u00e3o Francisco, esgoto a c\u00e9u aberto nas proximidades do manancial e tamb\u00e9m pessoas tomando banho nas proximidades do canal, apesar das placas de risco de afogamento. O problema maior, no entanto, foi mesmo a falta de \u00e1gua nas torneiras.<\/p>\n<p>\u201c Cad\u00ea a \u00e1gua nossa, do S\u00e3o Francisco, que vinha para nos abastecer, para tirar a gente desse sufoco? Cad\u00ea a nossa \u00e1gua t\u00e3o prometida?\u201d, indaga no v\u00eddeo do MPF, o morador da Rua do Lim\u00e3o, identificado como Marcos. \u201cQuase nada n\u00e3o melhorou, a transposi\u00e7\u00e3o \u00e9 boa para muita gente, mas para a gente n\u00e3o mudou muito n\u00e3o\u201d, completa. Segundo Marcos, os moradores da \u00e1rea dependem h\u00e1 mais de 20 anos de um po\u00e7o. \u201cA gente pensou que a transposi\u00e7\u00e3o fosse uma coisa maravilhosa, mas infelizmente a dificuldade ficou. Trouxeram \u00e1gua para o reservat\u00f3rio, mas n\u00e3o chegou para a gente\u201d, completa.<\/p>\n<p>O morador Aguinaldo Freitas contou ao MPF que o processo da transposi\u00e7\u00e3o tamb\u00e9m afetou po\u00e7os na regi\u00e3o, gerando dificuldades econ\u00f4micas. \u201cOs po\u00e7os secaram. Eu criava animais, tinha planta\u00e7\u00e3o de palmas. Secaram 48 po\u00e7os, as fam\u00edlias [que faziam uso deles] viviam de agricultura familiar e hoje n\u00e3o vivem mais\u201d, ressaltou.<\/p>\n<p>O MPF disse que vai encaminhar o v\u00eddeo ao Instituto Brasileiro do Meio Ambiente e dos Recursos Naturais Renov\u00e1veis (Ibama), para que o \u00f3rg\u00e3o tome provid\u00eancias, seguindo um acordo firmado entre os \u00f3rg\u00e3os em fevereiro.<\/p>\n<p>A reportagem entrou em contato com o Minist\u00e9rio da Integra\u00e7\u00e3o Nacional e com a Ag\u00eancia Executiva de Gest\u00e3o das \u00c1guas da Para\u00edba (Aesa) para que os \u00f3rg\u00e3os comentassem o document\u00e1rio do MPF, mas nenhum dos dois deu retorno.<\/p>\n<p><strong>CARIRI EM A\u00c7\u00c3O<\/strong><\/p>\n<p><em>Com Jornal da Para\u00edba\/Foto: Reprodu\u00e7\u00e3o google<\/em><\/p>\n<p><strong>Leia mais not\u00edcias em\u00a0<\/strong><a href=\"http:\/\/www.caririemacao.com\/\"><strong>caririemacao.com<\/strong><\/a><strong>, siga nossa p\u00e1gina no\u00a0<\/strong><a href=\"https:\/\/www.facebook.com\/CaririEmAcao\/?ref=aymt_homepage_panel\"><strong>Facebook<\/strong><\/a>,<strong>\u00a0<\/strong><a href=\"https:\/\/www.instagram.com\/cariri_em_acao\/?hl=pt-br\"><strong>Instagram<\/strong><\/a><strong>\u00a0e\u00a0<\/strong><a href=\"https:\/\/www.youtube.com\/channel\/UCAptA0jQuYQy8vMhLt2m4qg\"><strong>Youtube<\/strong><\/a><strong>\u00a0e veja nossas mat\u00e9rias, v\u00eddeos e fotos. Voc\u00ea tamb\u00e9m pode enviar informa\u00e7\u00f5es \u00e0 Reda\u00e7\u00e3o do Portal Cariri em A\u00e7\u00e3o pelo WhatsApp (83) 9 9634.5791, (83) 9 9601-1162.<\/strong><\/p>\n","protected":false},"excerpt":{"rendered":"<p>Um ano ap\u00f3s a chegada das \u00e1guas do Rio S\u00e3o Francisco, os moradores do Cariri da Para\u00edba ainda n\u00e3o sentiram os efeitos da transposi\u00e7\u00e3o. O&hellip; <\/p>\n","protected":false},"author":2,"featured_media":47522,"comment_status":"closed","ping_status":"closed","sticky":false,"template":"","format":"standard","meta":{"sfsi_plus_gutenberg_text_before_share":"","sfsi_plus_gutenberg_show_text_before_share":"","sfsi_plus_gutenberg_icon_type":"","sfsi_plus_gutenberg_icon_alignemt":"","sfsi_plus_gutenburg_max_per_row":"","footnotes":""},"categories":[2],"tags":[],"class_list":["post-47521","post","type-post","status-publish","format-standard","has-post-thumbnail","hentry","category-geral"],"_links":{"self":[{"href":"https:\/\/www.caririemacao.com\/1\/wp-json\/wp\/v2\/posts\/47521","targetHints":{"allow":["GET"]}}],"collection":[{"href":"https:\/\/www.caririemacao.com\/1\/wp-json\/wp\/v2\/posts"}],"about":[{"href":"https:\/\/www.caririemacao.com\/1\/wp-json\/wp\/v2\/types\/post"}],"author":[{"embeddable":true,"href":"https:\/\/www.caririemacao.com\/1\/wp-json\/wp\/v2\/users\/2"}],"replies":[{"embeddable":true,"href":"https:\/\/www.caririemacao.com\/1\/wp-json\/wp\/v2\/comments?post=47521"}],"version-history":[{"count":0,"href":"https:\/\/www.caririemacao.com\/1\/wp-json\/wp\/v2\/posts\/47521\/revisions"}],"wp:featuredmedia":[{"embeddable":true,"href":"https:\/\/www.caririemacao.com\/1\/wp-json\/wp\/v2\/media\/47522"}],"wp:attachment":[{"href":"https:\/\/www.caririemacao.com\/1\/wp-json\/wp\/v2\/media?parent=47521"}],"wp:term":[{"taxonomy":"category","embeddable":true,"href":"https:\/\/www.caririemacao.com\/1\/wp-json\/wp\/v2\/categories?post=47521"},{"taxonomy":"post_tag","embeddable":true,"href":"https:\/\/www.caririemacao.com\/1\/wp-json\/wp\/v2\/tags?post=47521"}],"curies":[{"name":"wp","href":"https:\/\/api.w.org\/{rel}","templated":true}]}}