{"id":47524,"date":"2018-04-13T15:00:22","date_gmt":"2018-04-13T18:00:22","guid":{"rendered":"http:\/\/caririemacao.com\/1\/?p=47524"},"modified":"2018-04-13T15:00:22","modified_gmt":"2018-04-13T18:00:22","slug":"prisao-de-lula-une-pt-e-planalto-contra-2a-instancia","status":"publish","type":"post","link":"https:\/\/www.caririemacao.com\/1\/2018\/04\/13\/prisao-de-lula-une-pt-e-planalto-contra-2a-instancia\/","title":{"rendered":"Pris\u00e3o de Lula une PT e Planalto contra 2\u00aa inst\u00e2ncia"},"content":{"rendered":"<p>O PT e o Pal\u00e1cio do Planalto iniciaram uma aproxima\u00e7\u00e3o para tentar barrar a pris\u00e3o ap\u00f3s condena\u00e7\u00e3o em segunda inst\u00e2ncia no Supremo Tribunal Federal. Conversas preliminares ocorreram h\u00e1 algumas semanas, antes mesmo de a Corte negar o habeas corpus para o ex-presidente Luiz In\u00e1cio Lula da Silva, mas foram intensificadas depois da pris\u00e3o do petista, condenado na Opera\u00e7\u00e3o Lava Jato.<\/p>\n<p>Um dos objetivos \u00e9 pressionar o ministro Alexandre de Moraes, nomeado pelo presidente Michel Temer para o Supremo e que j\u00e1 se manifestou a favor do in\u00edcio da execu\u00e7\u00e3o penal ap\u00f3s a segunda inst\u00e2ncia. A investida est\u00e1 vinculada \u00e0 incerteza envolvendo o voto da ministra Rosa Weber. A expectativa \u00e9 se ela manteria, numa nova an\u00e1lise do assunto, a posi\u00e7\u00e3o pessoal contra a pris\u00e3o ap\u00f3s segundo grau.<\/p>\n<p>Nesta quarta-feira, 11, o presidente do PT-SP, Luiz Marinho, pr\u00e9-candidato ao governo paulista, e o ex-ministro Gilberto Carvalho \u2013 ambos do c\u00edrculo mais pr\u00f3ximo a Lula \u2013 estiveram com os ministros Alexandre de Moraes e Gilmar Mendes para falar sobre o julgamento das a\u00e7\u00f5es que tratam do tema no Supremo.<\/p>\n<p>Um dia antes, Gilmar, que virou o voto e agora \u00e9 favor\u00e1vel \u00e0 pris\u00e3o apenas ap\u00f3s o tr\u00e2nsito em julgado, almo\u00e7ou com Temer. No almo\u00e7o, o ministro brincou que ele deveria convidar Moraes para o Minist\u00e9rio da Defesa, o que o tiraria da Corte. Na avalia\u00e7\u00e3o de pessoas que estiveram recentemente com Temer, o presidente tem demonstrado arrependimento com a escolha. A cr\u00edtica \u00e9 que Moraes continua atuando no Supremo como chefe da Pol\u00edcia Federal. Antes de assumir vaga na Corte, ele foi ministro da Justi\u00e7a.<\/p>\n<p>Em manifesta\u00e7\u00e3o ao Supremo, a Advocacia-Geral da Uni\u00e3o (AGU) j\u00e1 defendeu a execu\u00e7\u00e3o da pena somente depois de esgotados todos os recursos.<\/p>\n<p>Para um interlocutor do ministro, o assunto com os petistas \u00e9 um s\u00f3: \u201csoltar Lula e dialogar\u201d. Marinho confirmou o objetivo. \u201cQueremos que as a\u00e7\u00f5es sejam julgadas.\u201d Apesar das tentativas, pol\u00edticos dizem que \u00e9 imposs\u00edvel dissuadir Moraes. Um tucano relatou que tentou falar com ele sobre a situa\u00e7\u00e3o de dois deputados do partido, mas n\u00e3o conseguiu nem iniciar a frase.<\/p>\n<p>Procurado nesta quinta-feira, 12, Moraes justificou a audi\u00eancia com os petistas alegando que suas agendas \u201cs\u00e3o todas p\u00fablicas\u201d. \u201cSe a gente recebe (<em>no gabinete<\/em>) quem entrou com a a\u00e7\u00e3o, para mim n\u00e3o tem problema nenhum receber o outro lado. Eles tamb\u00e9m t\u00eam o direito\u201d, disse. Questionado se se sente pressionado, ironizou: \u201cDemais, demais. Fico assim, eu acho que vou at\u00e9 mudar o voto agora&#8230;\u201d<\/p>\n<p>Carvalho esteve no Planalto antes do julgamento do HC. Segundo assessores de Temer, o petista disse ter ido visitar uma amiga, mas acabou se encontrando com o presidente. O teor da conversa n\u00e3o foi revelado.<\/p>\n<p>O ex-assessor de Temer Sandro Mabel tamb\u00e9m foi chamado a colaborar na busca de um acordo. Um pol\u00edtico que participa das conversa disse que h\u00e1 um temor no mundo pol\u00edtico do \u201cefeito Orloff\u201d (propaganda que tinha o slogan \u201ceu sou voc\u00ea amanh\u00e3\u201d) ap\u00f3s a pris\u00e3o de Lula.<\/p>\n<p><strong>\u2018Livre escolha\u2019.<\/strong>\u00a0Assessores palacianos afirmaram que Temer fez um aceno ao PT em nota divulgada em 29 de mar\u00e7o, quando seus amigos e ex-assessores Jos\u00e9 Yunes e coronel Jo\u00e3o Baptista Lima Filho foram presos. \u201cNo Brasil do s\u00e9culo XXI, alguns querem impedir candidatura. Busca-se impedir ao povo a livre escolha. Reinterpreta-se a Constitui\u00e7\u00e3o, as leis e os decretos ao sabor do momento. V\u00ea-se crimes em atos de absoluto respeito \u00e0s leis e total obedi\u00eancia aos princ\u00edpios democr\u00e1ticos\u201d, diz a nota.<\/p>\n<p>Dias antes, o pr\u00f3prio Lula havia feito um afago em Temer ao elogiar a postura do presidente durante a crise provocada pelos \u00e1udios do empres\u00e1rio Joesley Batista, do Grupo J&amp;F. \u201cSejamos francos: o que tentaram fazer com Temer&#8230; A sordidez da mentira inventada, a troco de conseguir mais um mandato para (<em>Rodrigo<\/em>) Janot e de levar o atual presidente da C\u00e2mara a ser presidente da Rep\u00fablica foi uma coisa s\u00f3rdida. E ali sou obrigado a reconhecer historicamente que o Temer soube se impor\u201d, disse Lula em entrevista para o livro A verdade vencer\u00e1, lan\u00e7ado uma semana antes da pris\u00e3o dos amigos de Temer.<\/p>\n<p>Em outra frente, emiss\u00e1rios petistas tentam convencer parlamentares a se posicionar contra a pris\u00e3o em segunda inst\u00e2ncia (mais informa\u00e7\u00f5es nesta p\u00e1gina). Um dos articuladores \u00e9 o deputado Vicente C\u00e2ndido (PT-SP), mas alguns oposicionistas ao PT t\u00eam ajudado sob o argumento de que, ap\u00f3s a pris\u00e3o de Lula, a Lava Jato deve se voltar contra outras siglas para evitar a pecha de que atua de forma seletiva.\u00a0<strong>\/ <\/strong>COLABORARAM RAFAEL MORAES, AMANDA PUPO, ISADORA PERON, DAIANE CARDOSO, NAIRA TRINDADE e LEONEL ROCHA<\/p>\n<p><strong>CARIRI EM A\u00c7\u00c3O<\/strong><\/p>\n<p><em>Com Estad\u00e3o\/Foto: Reprodu\u00e7\u00e3o google<\/em><\/p>\n<p><strong>Leia mais not\u00edcias em\u00a0<\/strong><a href=\"http:\/\/www.caririemacao.com\/\"><strong>caririemacao.com<\/strong><\/a><strong>, siga nossa p\u00e1gina no\u00a0<\/strong><a href=\"https:\/\/www.facebook.com\/CaririEmAcao\/?ref=aymt_homepage_panel\"><strong>Facebook<\/strong><\/a>,<strong>\u00a0<\/strong><a href=\"https:\/\/www.instagram.com\/cariri_em_acao\/?hl=pt-br\"><strong>Instagram<\/strong><\/a><strong>\u00a0e\u00a0<\/strong><a href=\"https:\/\/www.youtube.com\/channel\/UCAptA0jQuYQy8vMhLt2m4qg\"><strong>Youtube<\/strong><\/a><strong>\u00a0e veja nossas mat\u00e9rias, v\u00eddeos e fotos. Voc\u00ea tamb\u00e9m pode enviar informa\u00e7\u00f5es \u00e0 Reda\u00e7\u00e3o do Portal Cariri em A\u00e7\u00e3o pelo WhatsApp (83) 9 9634.5791, (83) 9 9601-1162.<\/strong><\/p>\n","protected":false},"excerpt":{"rendered":"<p>O PT e o Pal\u00e1cio do Planalto iniciaram uma aproxima\u00e7\u00e3o para tentar barrar a pris\u00e3o ap\u00f3s condena\u00e7\u00e3o em segunda inst\u00e2ncia no Supremo Tribunal Federal. Conversas&hellip; <\/p>\n","protected":false},"author":2,"featured_media":38645,"comment_status":"closed","ping_status":"closed","sticky":false,"template":"","format":"standard","meta":{"sfsi_plus_gutenberg_text_before_share":"","sfsi_plus_gutenberg_show_text_before_share":"","sfsi_plus_gutenberg_icon_type":"","sfsi_plus_gutenberg_icon_alignemt":"","sfsi_plus_gutenburg_max_per_row":"","footnotes":""},"categories":[11],"tags":[],"class_list":["post-47524","post","type-post","status-publish","format-standard","has-post-thumbnail","hentry","category-politica"],"_links":{"self":[{"href":"https:\/\/www.caririemacao.com\/1\/wp-json\/wp\/v2\/posts\/47524","targetHints":{"allow":["GET"]}}],"collection":[{"href":"https:\/\/www.caririemacao.com\/1\/wp-json\/wp\/v2\/posts"}],"about":[{"href":"https:\/\/www.caririemacao.com\/1\/wp-json\/wp\/v2\/types\/post"}],"author":[{"embeddable":true,"href":"https:\/\/www.caririemacao.com\/1\/wp-json\/wp\/v2\/users\/2"}],"replies":[{"embeddable":true,"href":"https:\/\/www.caririemacao.com\/1\/wp-json\/wp\/v2\/comments?post=47524"}],"version-history":[{"count":0,"href":"https:\/\/www.caririemacao.com\/1\/wp-json\/wp\/v2\/posts\/47524\/revisions"}],"wp:featuredmedia":[{"embeddable":true,"href":"https:\/\/www.caririemacao.com\/1\/wp-json\/wp\/v2\/media\/38645"}],"wp:attachment":[{"href":"https:\/\/www.caririemacao.com\/1\/wp-json\/wp\/v2\/media?parent=47524"}],"wp:term":[{"taxonomy":"category","embeddable":true,"href":"https:\/\/www.caririemacao.com\/1\/wp-json\/wp\/v2\/categories?post=47524"},{"taxonomy":"post_tag","embeddable":true,"href":"https:\/\/www.caririemacao.com\/1\/wp-json\/wp\/v2\/tags?post=47524"}],"curies":[{"name":"wp","href":"https:\/\/api.w.org\/{rel}","templated":true}]}}