{"id":47547,"date":"2018-04-13T19:51:14","date_gmt":"2018-04-13T22:51:14","guid":{"rendered":"http:\/\/caririemacao.com\/1\/?p=47547"},"modified":"2018-04-13T19:51:14","modified_gmt":"2018-04-13T22:51:14","slug":"projeto-informacao-e-cidadania-digital-reabre-inscricoes-para-cursos-de-informatica-em-sume","status":"publish","type":"post","link":"https:\/\/www.caririemacao.com\/1\/2018\/04\/13\/projeto-informacao-e-cidadania-digital-reabre-inscricoes-para-cursos-de-informatica-em-sume\/","title":{"rendered":"Projeto Informa\u00e7\u00e3o e Cidadania Digital reabre inscri\u00e7\u00f5es para cursos de inform\u00e1tica em Sum\u00e9"},"content":{"rendered":"<p>O Projeto Informa\u00e7\u00e3o e Cidadania Digital (INCID) do Centro de Desenvolvimento Sustent\u00e1vel do Semi\u00e1rido da UFCG informa \u00e0 comunidade do Cariri, a reabertura das inscri\u00e7\u00f5es para os cursos de inform\u00e1tica aplicada.<\/p>\n<p>A inscri\u00e7\u00e3o ser\u00e1 no dia 19 de abril, das 8 \u00e0s 20h, na Secretaria da Unidade Acad\u00eamica de Educa\u00e7\u00e3o do Campo (UAEDUC).<\/p>\n<p>Hor\u00e1rios dos cursos:<\/p>\n<p>Segunda-feira<\/p>\n<p>19h \u2013 Inform\u00e1tica avan\u00e7ada<\/p>\n<p>19h \u2013 Inform\u00e1tica intermedi\u00e1rio<\/p>\n<p>Ter\u00e7a-feira<\/p>\n<p>08h \u2013 Inform\u00e1tica para idosos<\/p>\n<p>10h \u2013 Inform\u00e1tica avan\u00e7ada<\/p>\n<p>15h \u2013 Inform\u00e1tica avan\u00e7ada<\/p>\n<p>Sexta-feira<\/p>\n<p>10h \u2013 Inform\u00e1tica iniciantes<\/p>\n<p>19h \u2013 Inform\u00e1tica para iniciantes<\/p>\n<p>S\u00e1bado<\/p>\n<p>09h \u2013 Inform\u00e1tica para iniciantes<\/p>\n<p>10h30 \u2013 Inform\u00e1tica para iniciantes<\/p>\n<p>16h \u2013 Inform\u00e1tica avan\u00e7ada<\/p>\n<p><strong>CARIRI EM A\u00c7\u00c3O<\/strong><\/p>\n<p><em>Com Vitrine do Cariri\/Foto: Reprodu\u00e7\u00e3o google<\/em><\/p>\n<p><strong>Leia mais not\u00edcias em\u00a0<\/strong><a href=\"http:\/\/www.caririemacao.com\/\"><strong>caririemacao.com<\/strong><\/a><strong>, siga nossa p\u00e1gina no\u00a0<\/strong><a href=\"https:\/\/www.facebook.com\/CaririEmAcao\/?ref=aymt_homepage_panel\"><strong>Facebook<\/strong><\/a>,<strong>\u00a0<\/strong><a href=\"https:\/\/www.instagram.com\/cariri_em_acao\/?hl=pt-br\"><strong>Instagram<\/strong><\/a><strong>\u00a0e\u00a0<\/strong><a href=\"https:\/\/www.youtube.com\/channel\/UCAptA0jQuYQy8vMhLt2m4qg\"><strong>Youtube<\/strong><\/a><strong>\u00a0e veja nossas mat\u00e9rias, v\u00eddeos e fotos. Voc\u00ea tamb\u00e9m pode enviar informa\u00e7\u00f5es \u00e0 Reda\u00e7\u00e3o do Portal Cariri em A\u00e7\u00e3o pelo WhatsApp (83) 9 9634.5791, (83) 9 9601-1162.<\/strong><\/p>\n","protected":false},"excerpt":{"rendered":"<p>O Projeto Informa\u00e7\u00e3o e Cidadania Digital (INCID) do Centro de Desenvolvimento Sustent\u00e1vel do Semi\u00e1rido da UFCG informa \u00e0 comunidade do Cariri, a reabertura das inscri\u00e7\u00f5es&hellip; <\/p>\n","protected":false},"author":2,"featured_media":47548,"comment_status":"closed","ping_status":"closed","sticky":false,"template":"","format":"standard","meta":{"sfsi_plus_gutenberg_text_before_share":"","sfsi_plus_gutenberg_show_text_before_share":"","sfsi_plus_gutenberg_icon_type":"","sfsi_plus_gutenberg_icon_alignemt":"","sfsi_plus_gutenburg_max_per_row":"","footnotes":""},"categories":[6],"tags":[],"class_list":["post-47547","post","type-post","status-publish","format-standard","has-post-thumbnail","hentry","category-cidades"],"_links":{"self":[{"href":"https:\/\/www.caririemacao.com\/1\/wp-json\/wp\/v2\/posts\/47547","targetHints":{"allow":["GET"]}}],"collection":[{"href":"https:\/\/www.caririemacao.com\/1\/wp-json\/wp\/v2\/posts"}],"about":[{"href":"https:\/\/www.caririemacao.com\/1\/wp-json\/wp\/v2\/types\/post"}],"author":[{"embeddable":true,"href":"https:\/\/www.caririemacao.com\/1\/wp-json\/wp\/v2\/users\/2"}],"replies":[{"embeddable":true,"href":"https:\/\/www.caririemacao.com\/1\/wp-json\/wp\/v2\/comments?post=47547"}],"version-history":[{"count":0,"href":"https:\/\/www.caririemacao.com\/1\/wp-json\/wp\/v2\/posts\/47547\/revisions"}],"wp:featuredmedia":[{"embeddable":true,"href":"https:\/\/www.caririemacao.com\/1\/wp-json\/wp\/v2\/media\/47548"}],"wp:attachment":[{"href":"https:\/\/www.caririemacao.com\/1\/wp-json\/wp\/v2\/media?parent=47547"}],"wp:term":[{"taxonomy":"category","embeddable":true,"href":"https:\/\/www.caririemacao.com\/1\/wp-json\/wp\/v2\/categories?post=47547"},{"taxonomy":"post_tag","embeddable":true,"href":"https:\/\/www.caririemacao.com\/1\/wp-json\/wp\/v2\/tags?post=47547"}],"curies":[{"name":"wp","href":"https:\/\/api.w.org\/{rel}","templated":true}]}}