{"id":47552,"date":"2018-04-13T20:00:15","date_gmt":"2018-04-13T23:00:15","guid":{"rendered":"http:\/\/caririemacao.com\/1\/?p=47552"},"modified":"2018-04-13T20:00:15","modified_gmt":"2018-04-13T23:00:15","slug":"prefeitos-de-s-s-do-umbuzeiro-e-sao-joao-do-tigre-se-reunem-com-joao-azevedo","status":"publish","type":"post","link":"https:\/\/www.caririemacao.com\/1\/2018\/04\/13\/prefeitos-de-s-s-do-umbuzeiro-e-sao-joao-do-tigre-se-reunem-com-joao-azevedo\/","title":{"rendered":"Prefeitos de S. S. do Umbuzeiro e S\u00e3o Jo\u00e3o do Tigre se re\u00fanem com Jo\u00e3o Az\u00eavedo"},"content":{"rendered":"<p>O Prefeito de S\u00e3o Sebasti\u00e3o do Umbuzeiro, Adriano Wolff (DEM), e o prefeito de S\u00e3o Jo\u00e3o do Tigre, C\u00e9lio Barbosa (PSB), se reuniram nesta sexta-feira, 13, com o ex-secret\u00e1rio e pr\u00e9-candidato ao governo pelo PSB, Jo\u00e3o Az\u00eavedo Lins, em Jo\u00e3o Pessoa. O deputado estadual Adriano Galdino, e o presidente da C\u00e2mara de S\u00e3o Jo\u00e3o do Tigre, Arnobio, tamb\u00e9m participaram da reuni\u00e3o.<\/p>\n<p>Na oportunidade, os prefeitos caririzeiros solicitaram ao pr\u00e9-candidato do Governador Ricardo Coutinho a instala\u00e7\u00e3o de uma UTI no Hospital Regional Santa Filomena, em Monteiro, que beneficiar\u00e1 toda regi\u00e3o do Cariri paraibano.<\/p>\n<p>Para o prefeito Adriano Wolff, a instala\u00e7\u00e3o da UTI no Hospital Regional de Monteiro \u00e9 de extrema import\u00e2ncia, e destacou que a unidade de sa\u00fade j\u00e1 conta com um espa\u00e7o designado para a UTI, faltando apenas \u00e0 instala\u00e7\u00e3o e funcionamento. \u201cRecebemos um sinal positivo de Jo\u00e3o, e o instala\u00e7\u00e3o e funcionamento dessa UTI \u00e9 de extrema import\u00e2ncia para nossa regi\u00e3o, pois s\u00f3 temos UTI em Campina Grande\u201d, afirmou.<\/p>\n<p>O pr\u00e9-candidato Jo\u00e3o Az\u00eavedo disse que a instala\u00e7\u00e3o dessa UTI ser\u00e1 uma de suas prioridades de governo, e reafirmou o seu compromisso de atender os pleitos da regi\u00e3o do Cariri, uma regi\u00e3o que muito avan\u00e7ou com os investimentos e programas do governo Ricardo.<\/p>\n<p>O prefeito de S\u00e3o Jo\u00e3o do Tigre, C\u00e9lio, afirmou que a continuidade do projeto do PSB, \u00e9 a garantia de uma gest\u00e3o real, que a popula\u00e7\u00e3o confia, e que j\u00e1 mostrou para que veio. \u201cA popula\u00e7\u00e3o confia no governador Ricardo Coutinho, que tem cr\u00e9dito com o povo, pois ele promete e faz, e Jo\u00e3o Az\u00eavedo \u00e9 a garantia que temos da continuidade de um projeto que mudou a vida dos paraibanos\u201d, disse.<\/p>\n<p><strong>CARIRI EM A\u00c7\u00c3O<\/strong><\/p>\n<p><em>Com Blog do Didi\/Foto:\u00a0Blog do Didi<\/em><\/p>\n<p><strong>Leia mais not\u00edcias em\u00a0<\/strong><a href=\"http:\/\/www.caririemacao.com\/\"><strong>caririemacao.com<\/strong><\/a><strong>, siga nossa p\u00e1gina no\u00a0<\/strong><a href=\"https:\/\/www.facebook.com\/CaririEmAcao\/?ref=aymt_homepage_panel\"><strong>Facebook<\/strong><\/a>,<strong>\u00a0<\/strong><a href=\"https:\/\/www.instagram.com\/cariri_em_acao\/?hl=pt-br\"><strong>Instagram<\/strong><\/a><strong>\u00a0e\u00a0<\/strong><a href=\"https:\/\/www.youtube.com\/channel\/UCAptA0jQuYQy8vMhLt2m4qg\"><strong>Youtube<\/strong><\/a><strong>\u00a0e veja nossas mat\u00e9rias, v\u00eddeos e fotos. Voc\u00ea tamb\u00e9m pode enviar informa\u00e7\u00f5es \u00e0 Reda\u00e7\u00e3o do Portal Cariri em A\u00e7\u00e3o pelo WhatsApp (83) 9 9634.5791, (83) 9 9601-1162.<\/strong><\/p>\n<div><\/div>\n","protected":false},"excerpt":{"rendered":"<p>O Prefeito de S\u00e3o Sebasti\u00e3o do Umbuzeiro, Adriano Wolff (DEM), e o prefeito de S\u00e3o Jo\u00e3o do Tigre, C\u00e9lio Barbosa (PSB), se reuniram nesta sexta-feira,&hellip; <\/p>\n","protected":false},"author":2,"featured_media":47553,"comment_status":"closed","ping_status":"closed","sticky":false,"template":"","format":"standard","meta":{"sfsi_plus_gutenberg_text_before_share":"","sfsi_plus_gutenberg_show_text_before_share":"","sfsi_plus_gutenberg_icon_type":"","sfsi_plus_gutenberg_icon_alignemt":"","sfsi_plus_gutenburg_max_per_row":"","footnotes":""},"categories":[2],"tags":[],"class_list":["post-47552","post","type-post","status-publish","format-standard","has-post-thumbnail","hentry","category-geral"],"_links":{"self":[{"href":"https:\/\/www.caririemacao.com\/1\/wp-json\/wp\/v2\/posts\/47552","targetHints":{"allow":["GET"]}}],"collection":[{"href":"https:\/\/www.caririemacao.com\/1\/wp-json\/wp\/v2\/posts"}],"about":[{"href":"https:\/\/www.caririemacao.com\/1\/wp-json\/wp\/v2\/types\/post"}],"author":[{"embeddable":true,"href":"https:\/\/www.caririemacao.com\/1\/wp-json\/wp\/v2\/users\/2"}],"replies":[{"embeddable":true,"href":"https:\/\/www.caririemacao.com\/1\/wp-json\/wp\/v2\/comments?post=47552"}],"version-history":[{"count":0,"href":"https:\/\/www.caririemacao.com\/1\/wp-json\/wp\/v2\/posts\/47552\/revisions"}],"wp:featuredmedia":[{"embeddable":true,"href":"https:\/\/www.caririemacao.com\/1\/wp-json\/wp\/v2\/media\/47553"}],"wp:attachment":[{"href":"https:\/\/www.caririemacao.com\/1\/wp-json\/wp\/v2\/media?parent=47552"}],"wp:term":[{"taxonomy":"category","embeddable":true,"href":"https:\/\/www.caririemacao.com\/1\/wp-json\/wp\/v2\/categories?post=47552"},{"taxonomy":"post_tag","embeddable":true,"href":"https:\/\/www.caririemacao.com\/1\/wp-json\/wp\/v2\/tags?post=47552"}],"curies":[{"name":"wp","href":"https:\/\/api.w.org\/{rel}","templated":true}]}}