{"id":47555,"date":"2018-04-13T20:02:50","date_gmt":"2018-04-13T23:02:50","guid":{"rendered":"http:\/\/caririemacao.com\/1\/?p=47555"},"modified":"2018-04-13T20:02:50","modified_gmt":"2018-04-13T23:02:50","slug":"com-chuva-volume-aumenta-e-acude-de-boqueirao-atinge-2516-da-capacidade","status":"publish","type":"post","link":"https:\/\/www.caririemacao.com\/1\/2018\/04\/13\/com-chuva-volume-aumenta-e-acude-de-boqueirao-atinge-2516-da-capacidade\/","title":{"rendered":"Com chuva, volume aumenta e a\u00e7ude de Boqueir\u00e3o atinge 25,16% da capacidade"},"content":{"rendered":"<p>O a\u00e7ude Epit\u00e1cio Pessoa, em Boqueir\u00e3o, atingiu nesta sexta-feira (13) 25,16% de sua capacidade. As informa\u00e7\u00f5es s\u00e3o da Ag\u00eancia Estadual de Dados da Ag\u00eancia Executiva de Gest\u00e3o das \u00c1guas da Para\u00edba (Aesa).<\/p>\n<p>De acordo com dados atualizados da Aesa, hoje o reservat\u00f3rio est\u00e1 com 103.593.212 de metros c\u00fabicos de \u00e1gua armazenada.\u00a0O volume de \u00e1gua do a\u00e7ude tem aumentado\u00a0 com maior velocidade em virtude das fortes chuvas registradas na regi\u00e3o.<\/p>\n<p>Al\u00e9m das chuvas, o a\u00e7ude recebeu \u00e1guas da transposi\u00e7\u00e3o do Rio S\u00e3o Francisco, que chegaram a bacia do manancial h\u00e1 um ano.<\/p>\n<p>Antes da transposi\u00e7\u00e3o, o a\u00e7ude que abastece Campina Grande e outras 18 cidades da regi\u00e3o atingiu o volume morto com menos de 3% de sua capacidade levando os munic\u00edpios a passarem por um per\u00edodo de racionamento.<\/p>\n<p><strong>CARIRI EM A\u00c7\u00c3O<\/strong><\/p>\n<p><em>Com Mais PB\/Foto: Reprodu\u00e7\u00e3o google<\/em><\/p>\n<p><strong>Leia mais not\u00edcias em\u00a0<\/strong><a href=\"http:\/\/www.caririemacao.com\/\"><strong>caririemacao.com<\/strong><\/a><strong>, siga nossa p\u00e1gina no\u00a0<\/strong><a href=\"https:\/\/www.facebook.com\/CaririEmAcao\/?ref=aymt_homepage_panel\"><strong>Facebook<\/strong><\/a>,<strong>\u00a0<\/strong><a href=\"https:\/\/www.instagram.com\/cariri_em_acao\/?hl=pt-br\"><strong>Instagram<\/strong><\/a><strong>\u00a0e\u00a0<\/strong><a href=\"https:\/\/www.youtube.com\/channel\/UCAptA0jQuYQy8vMhLt2m4qg\"><strong>Youtube<\/strong><\/a><strong>\u00a0e veja nossas mat\u00e9rias, v\u00eddeos e fotos. Voc\u00ea tamb\u00e9m pode enviar informa\u00e7\u00f5es \u00e0 Reda\u00e7\u00e3o do Portal Cariri em A\u00e7\u00e3o pelo WhatsApp (83) 9 9634.5791, (83) 9 9601-1162.<\/strong><\/p>\n","protected":false},"excerpt":{"rendered":"<p>O a\u00e7ude Epit\u00e1cio Pessoa, em Boqueir\u00e3o, atingiu nesta sexta-feira (13) 25,16% de sua capacidade. As informa\u00e7\u00f5es s\u00e3o da Ag\u00eancia Estadual de Dados da Ag\u00eancia Executiva&hellip; <\/p>\n","protected":false},"author":2,"featured_media":47556,"comment_status":"closed","ping_status":"closed","sticky":false,"template":"","format":"standard","meta":{"sfsi_plus_gutenberg_text_before_share":"","sfsi_plus_gutenberg_show_text_before_share":"","sfsi_plus_gutenberg_icon_type":"","sfsi_plus_gutenberg_icon_alignemt":"","sfsi_plus_gutenburg_max_per_row":"","footnotes":""},"categories":[2],"tags":[],"class_list":["post-47555","post","type-post","status-publish","format-standard","has-post-thumbnail","hentry","category-geral"],"_links":{"self":[{"href":"https:\/\/www.caririemacao.com\/1\/wp-json\/wp\/v2\/posts\/47555","targetHints":{"allow":["GET"]}}],"collection":[{"href":"https:\/\/www.caririemacao.com\/1\/wp-json\/wp\/v2\/posts"}],"about":[{"href":"https:\/\/www.caririemacao.com\/1\/wp-json\/wp\/v2\/types\/post"}],"author":[{"embeddable":true,"href":"https:\/\/www.caririemacao.com\/1\/wp-json\/wp\/v2\/users\/2"}],"replies":[{"embeddable":true,"href":"https:\/\/www.caririemacao.com\/1\/wp-json\/wp\/v2\/comments?post=47555"}],"version-history":[{"count":0,"href":"https:\/\/www.caririemacao.com\/1\/wp-json\/wp\/v2\/posts\/47555\/revisions"}],"wp:featuredmedia":[{"embeddable":true,"href":"https:\/\/www.caririemacao.com\/1\/wp-json\/wp\/v2\/media\/47556"}],"wp:attachment":[{"href":"https:\/\/www.caririemacao.com\/1\/wp-json\/wp\/v2\/media?parent=47555"}],"wp:term":[{"taxonomy":"category","embeddable":true,"href":"https:\/\/www.caririemacao.com\/1\/wp-json\/wp\/v2\/categories?post=47555"},{"taxonomy":"post_tag","embeddable":true,"href":"https:\/\/www.caririemacao.com\/1\/wp-json\/wp\/v2\/tags?post=47555"}],"curies":[{"name":"wp","href":"https:\/\/api.w.org\/{rel}","templated":true}]}}