{"id":47595,"date":"2018-04-13T21:26:38","date_gmt":"2018-04-14T00:26:38","guid":{"rendered":"http:\/\/caririemacao.com\/1\/?p=47595"},"modified":"2018-04-13T21:26:38","modified_gmt":"2018-04-14T00:26:38","slug":"tce-proibe-contratacao-para-guarda-pessoal-de-ex-governadores","status":"publish","type":"post","link":"https:\/\/www.caririemacao.com\/1\/2018\/04\/13\/tce-proibe-contratacao-para-guarda-pessoal-de-ex-governadores\/","title":{"rendered":"TCE pro\u00edbe contrata\u00e7\u00e3o para guarda pessoal de ex-governadores"},"content":{"rendered":"<p>O conselheiro do Tribunal de Contas do Estado, Arn\u00f3bio Viana, encaminhou ao governador Ricardo Coutinho (PSB) e \u00e0 presid\u00eancia da Funda\u00e7\u00e3o Casa de Jos\u00e9 Am\u00e9rico, determina\u00e7\u00e3o que impede a nomea\u00e7\u00e3o, posse ou qualquer gasto com servidores que possam vir a ser contratados para ocupar cargo na guarda pessoal de ex-governadores. Com isso, nenhum ex-gestor paraibano pode ser valer, ao menos por enquanto, da nova lei para ter seguran\u00e7a privativa at\u00e9 o julgamento do m\u00e9rito da\u00a0A\u00e7\u00e3o Direta de Inconstitucionalidade (Adin), j\u00e1 impetrada junto ao Tribunal de Justi\u00e7a.<\/p>\n<p>Essa recomenda\u00e7\u00e3o aconteceu ap\u00f3s indeferimento do pedido\u00a0de uma medida cautelar, requerida pelo Minist\u00e9rio P\u00fablico de Contas, para que o Governo do Estado n\u00e3o possa ter gastos p\u00fablicos com a cria\u00e7\u00e3o de uma guarda pessoal para ex-governadores. Ao rejeitar o pedido, Arn\u00f3bio Viana deixou claro que a quest\u00e3o j\u00e1 est\u00e1 judicializada.<\/p>\n<p>Segundo o entendimento do conselheiro, que acompanhou a an\u00e1lise da auditoria do TCE-PB, no caso examinado, n\u00e3o h\u00e1 risco de decis\u00e3o tardia ou perigo em raz\u00e3o da demora (<em>periculum in mora<\/em>) que justifique a necessidade urgente da cautelar.<\/p>\n<p>O conselheiro, no entanto, decidiu encaminhar ao governador do Estado e \u00e0 presid\u00eancia da Funda\u00e7\u00e3o Casa de Jos\u00e9 Am\u00e9rico, no sentido de n\u00e3o nomearem, n\u00e3o empossarem e n\u00e3o efetuarem gastos com servidores para esses cargos, at\u00e9 o julgamento do m\u00e9rito da mat\u00e9ria pelo Poder Judici\u00e1rio.<\/p>\n<p>A representa\u00e7\u00e3o, protocolada pelo subprocurador-geral do MP de Contas, Manoel Ant\u00f4nio dos Santos \u00a0Neto, observa, entre outros pontos, que a cria\u00e7\u00e3o dessa guarda fere a Lei de Responsabilidade Fiscal e \u00e9 inconstitucional.<\/p>\n<p>Arn\u00f3bio Viana pede ainda que o \u00a0governador, por meio da Procuradoria Geral do Estado, apresente \u201cesclarecimentos acerca da representa\u00e7\u00e3o constantes dos presentes autos ou comunicar \u00a0a esta \u00a0Corte a ado\u00e7\u00e3o de iniciativa para afastar os v\u00edcios de constitucionalidade preliminarmente observados\u201d.<\/p>\n<p>O conselheiro ainda encaminhou os autos para que sejam anexados ao Processo de Acompanhamento da Gest\u00e3o Governamental, exerc\u00edcio de 2018.<\/p>\n<p><strong>CARIRI EM A\u00c7\u00c3O<\/strong><\/p>\n<p><em>Com Portal\u00a0 Correio\/Foto: Reprodu\u00e7\u00e3o google<\/em><\/p>\n<p><strong>Leia mais not\u00edcias em\u00a0<\/strong><a href=\"http:\/\/www.caririemacao.com\/\"><strong>caririemacao.com<\/strong><\/a><strong>, siga nossa p\u00e1gina no\u00a0<\/strong><a href=\"https:\/\/www.facebook.com\/CaririEmAcao\/?ref=aymt_homepage_panel\"><strong>Facebook<\/strong><\/a>,<strong>\u00a0<\/strong><a href=\"https:\/\/www.instagram.com\/cariri_em_acao\/?hl=pt-br\"><strong>Instagram<\/strong><\/a><strong>\u00a0e\u00a0<\/strong><a href=\"https:\/\/www.youtube.com\/channel\/UCAptA0jQuYQy8vMhLt2m4qg\"><strong>Youtube<\/strong><\/a><strong>\u00a0e veja nossas mat\u00e9rias, v\u00eddeos e fotos. Voc\u00ea tamb\u00e9m pode enviar informa\u00e7\u00f5es \u00e0 Reda\u00e7\u00e3o do Portal Cariri em A\u00e7\u00e3o pelo WhatsApp (83) 9 9634.5791, (83) 9 9601-1162.<\/strong><\/p>\n","protected":false},"excerpt":{"rendered":"<p>O conselheiro do Tribunal de Contas do Estado, Arn\u00f3bio Viana, encaminhou ao governador Ricardo Coutinho (PSB) e \u00e0 presid\u00eancia da Funda\u00e7\u00e3o Casa de Jos\u00e9 Am\u00e9rico,&hellip; <\/p>\n","protected":false},"author":2,"featured_media":47596,"comment_status":"closed","ping_status":"closed","sticky":false,"template":"","format":"standard","meta":{"sfsi_plus_gutenberg_text_before_share":"","sfsi_plus_gutenberg_show_text_before_share":"","sfsi_plus_gutenberg_icon_type":"","sfsi_plus_gutenberg_icon_alignemt":"","sfsi_plus_gutenburg_max_per_row":"","footnotes":""},"categories":[2],"tags":[],"class_list":["post-47595","post","type-post","status-publish","format-standard","has-post-thumbnail","hentry","category-geral"],"_links":{"self":[{"href":"https:\/\/www.caririemacao.com\/1\/wp-json\/wp\/v2\/posts\/47595","targetHints":{"allow":["GET"]}}],"collection":[{"href":"https:\/\/www.caririemacao.com\/1\/wp-json\/wp\/v2\/posts"}],"about":[{"href":"https:\/\/www.caririemacao.com\/1\/wp-json\/wp\/v2\/types\/post"}],"author":[{"embeddable":true,"href":"https:\/\/www.caririemacao.com\/1\/wp-json\/wp\/v2\/users\/2"}],"replies":[{"embeddable":true,"href":"https:\/\/www.caririemacao.com\/1\/wp-json\/wp\/v2\/comments?post=47595"}],"version-history":[{"count":0,"href":"https:\/\/www.caririemacao.com\/1\/wp-json\/wp\/v2\/posts\/47595\/revisions"}],"wp:featuredmedia":[{"embeddable":true,"href":"https:\/\/www.caririemacao.com\/1\/wp-json\/wp\/v2\/media\/47596"}],"wp:attachment":[{"href":"https:\/\/www.caririemacao.com\/1\/wp-json\/wp\/v2\/media?parent=47595"}],"wp:term":[{"taxonomy":"category","embeddable":true,"href":"https:\/\/www.caririemacao.com\/1\/wp-json\/wp\/v2\/categories?post=47595"},{"taxonomy":"post_tag","embeddable":true,"href":"https:\/\/www.caririemacao.com\/1\/wp-json\/wp\/v2\/tags?post=47595"}],"curies":[{"name":"wp","href":"https:\/\/api.w.org\/{rel}","templated":true}]}}