{"id":47598,"date":"2018-04-13T21:39:26","date_gmt":"2018-04-14T00:39:26","guid":{"rendered":"http:\/\/caririemacao.com\/1\/?p=47598"},"modified":"2018-04-13T21:40:30","modified_gmt":"2018-04-14T00:40:30","slug":"a-prefeitura-municipal-de-gurjao-realizara-o-lancamento-da-19a-edicao-da-festa-bode-na-rua-no-proximo-sabado-14-as-1000-na-creche-municipal-maria-graciete-ramos-castro","status":"publish","type":"post","link":"https:\/\/www.caririemacao.com\/1\/2018\/04\/13\/a-prefeitura-municipal-de-gurjao-realizara-o-lancamento-da-19a-edicao-da-festa-bode-na-rua-no-proximo-sabado-14-as-1000-na-creche-municipal-maria-graciete-ramos-castro\/","title":{"rendered":"A Prefeitura Municipal de Gurj\u00e3o realizar\u00e1 o lan\u00e7amento da 19\u00aa edi\u00e7\u00e3o da festa Bode na Rua"},"content":{"rendered":"<p>A Prefeitura Municipal de Gurj\u00e3o realizar\u00e1 o lan\u00e7amento da 19\u00aa edi\u00e7\u00e3o da festa Bode na Rua, no pr\u00f3ximo s\u00e1bado, 14 as 10:00, na Creche Municipal Maria Graciete Ramos Castro, o Prefeito Ronaldo Queiroz esse ano antecipou mais ainda a divulga\u00e7\u00e3o da programa\u00e7\u00e3o.<\/p>\n<p>A Festa que \u00e9 considerada um dos mais tradicionais eventos de caprinovinocultura do Brasil faz parte do calend\u00e1rio tur\u00edstico da Para\u00edba e acontece entre os dias 26 e 29 d<span class=\"text_exposed_show\">e julho, esse ano de 2018 ser\u00e1 um ano de inova\u00e7\u00f5es, o Prefeito Ronaldo pretende junto com a gest\u00e3o amor de cidade fazer o melhor Bode na Rua da hist\u00f3ria de Gurj\u00e3o.<br \/>\n<\/span><\/p>\n<p><span class=\"text_exposed_show\">Para o prefeito Ronaldo Queiroz, o evento de lan\u00e7amento do Bode na Rua \u00e9 aguardado com muita expectativa, visto que \u00e9 o an\u00fancio oficial da festa e quando todos ficam sabendo das atra\u00e7\u00f5es, al\u00e9m das inova\u00e7\u00f5es. \u201cPara n\u00f3s, esse \u00e9 um momento de muita expectativa. Trabalhamos o ano inteiro buscando melhorias para nosso munic\u00edpio e n\u00e3o poderia ser diferente com o Bode na Rua,este ano vamos surpreender com uma festa que ser\u00e1 ainda mais sucesso\u201d.<\/span><\/p>\n<p><strong>CARIRI EM A\u00c7\u00c3O<\/strong><\/p>\n<p><em>Com Ascom<\/em><\/p>\n<p><strong>Leia mais not\u00edcias em\u00a0<\/strong><a href=\"http:\/\/www.caririemacao.com\/\"><strong>caririemacao.com<\/strong><\/a><strong>, siga nossa p\u00e1gina no\u00a0<\/strong><a href=\"https:\/\/www.facebook.com\/CaririEmAcao\/?ref=aymt_homepage_panel\"><strong>Facebook<\/strong><\/a>,<strong>\u00a0<\/strong><a href=\"https:\/\/www.instagram.com\/cariri_em_acao\/?hl=pt-br\"><strong>Instagram<\/strong><\/a><strong>\u00a0e\u00a0<\/strong><a href=\"https:\/\/www.youtube.com\/channel\/UCAptA0jQuYQy8vMhLt2m4qg\"><strong>Youtube<\/strong><\/a><strong>\u00a0e veja nossas mat\u00e9rias, v\u00eddeos e fotos. Voc\u00ea tamb\u00e9m pode enviar informa\u00e7\u00f5es \u00e0 Reda\u00e7\u00e3o do Portal Cariri em A\u00e7\u00e3o pelo WhatsApp (83) 9 9634.5791, (83) 9 9601-1162.<\/strong><\/p>\n","protected":false},"excerpt":{"rendered":"<p>A Prefeitura Municipal de Gurj\u00e3o realizar\u00e1 o lan\u00e7amento da 19\u00aa edi\u00e7\u00e3o da festa Bode na Rua, no pr\u00f3ximo s\u00e1bado, 14 as 10:00, na Creche Municipal&hellip; <\/p>\n","protected":false},"author":2,"featured_media":24224,"comment_status":"closed","ping_status":"closed","sticky":false,"template":"","format":"standard","meta":{"sfsi_plus_gutenberg_text_before_share":"","sfsi_plus_gutenberg_show_text_before_share":"","sfsi_plus_gutenberg_icon_type":"","sfsi_plus_gutenberg_icon_alignemt":"","sfsi_plus_gutenburg_max_per_row":"","footnotes":""},"categories":[6],"tags":[],"class_list":["post-47598","post","type-post","status-publish","format-standard","has-post-thumbnail","hentry","category-cidades"],"_links":{"self":[{"href":"https:\/\/www.caririemacao.com\/1\/wp-json\/wp\/v2\/posts\/47598","targetHints":{"allow":["GET"]}}],"collection":[{"href":"https:\/\/www.caririemacao.com\/1\/wp-json\/wp\/v2\/posts"}],"about":[{"href":"https:\/\/www.caririemacao.com\/1\/wp-json\/wp\/v2\/types\/post"}],"author":[{"embeddable":true,"href":"https:\/\/www.caririemacao.com\/1\/wp-json\/wp\/v2\/users\/2"}],"replies":[{"embeddable":true,"href":"https:\/\/www.caririemacao.com\/1\/wp-json\/wp\/v2\/comments?post=47598"}],"version-history":[{"count":0,"href":"https:\/\/www.caririemacao.com\/1\/wp-json\/wp\/v2\/posts\/47598\/revisions"}],"wp:featuredmedia":[{"embeddable":true,"href":"https:\/\/www.caririemacao.com\/1\/wp-json\/wp\/v2\/media\/24224"}],"wp:attachment":[{"href":"https:\/\/www.caririemacao.com\/1\/wp-json\/wp\/v2\/media?parent=47598"}],"wp:term":[{"taxonomy":"category","embeddable":true,"href":"https:\/\/www.caririemacao.com\/1\/wp-json\/wp\/v2\/categories?post=47598"},{"taxonomy":"post_tag","embeddable":true,"href":"https:\/\/www.caririemacao.com\/1\/wp-json\/wp\/v2\/tags?post=47598"}],"curies":[{"name":"wp","href":"https:\/\/api.w.org\/{rel}","templated":true}]}}