{"id":47605,"date":"2018-04-13T23:26:58","date_gmt":"2018-04-14T02:26:58","guid":{"rendered":"http:\/\/caririemacao.com\/1\/?p=47605"},"modified":"2018-04-13T23:26:58","modified_gmt":"2018-04-14T02:26:58","slug":"camara-de-sume-discute-demandas-do-municipio","status":"publish","type":"post","link":"https:\/\/www.caririemacao.com\/1\/2018\/04\/13\/camara-de-sume-discute-demandas-do-municipio\/","title":{"rendered":"C\u00e2mara de Sum\u00e9 discute demandas do munic\u00edpio"},"content":{"rendered":"<p>A C\u00e2mara de Sum\u00e9 esteve reunida na noite desta sexta-feira, dia 13, e debateu e aprovou diversas demandas da popula\u00e7\u00e3o. Estavam presentes os 11 vereadores: Z\u00e9 Antonio (Presidente), Br\u00edgida Xavier, Jefferson, Antonio Carlos, Sabugo, Branco, Juan, Bonilson, Nilson, Daniel e Bomba.<\/p>\n<p><a href=\"http:\/\/caririemacao.com\/1\/?attachment_id=47624\" rel=\"attachment wp-att-47624\"><img fetchpriority=\"high\" decoding=\"async\" class=\"aligncenter size-full wp-image-47624\" src=\"http:\/\/caririemacao.com\/1\/wp-content\/uploads\/2018\/04\/DSC_0160.jpg\" alt=\"\" width=\"1000\" height=\"667\" srcset=\"https:\/\/www.caririemacao.com\/1\/wp-content\/uploads\/2018\/04\/DSC_0160.jpg 1000w, https:\/\/www.caririemacao.com\/1\/wp-content\/uploads\/2018\/04\/DSC_0160-300x200.jpg 300w, https:\/\/www.caririemacao.com\/1\/wp-content\/uploads\/2018\/04\/DSC_0160-768x512.jpg 768w\" sizes=\"(max-width: 1000px) 100vw, 1000px\" \/><\/a><\/p>\n<p>Durante a reuni\u00e3o, foram aprovados um Projeto de Lei, de iniciativa do Poder Executivo, e 03 requerimentos, sendo dois do vereador Antonio Carlos e um de Daniel L\u00eala.<\/p>\n<p><a href=\"http:\/\/caririemacao.com\/1\/?attachment_id=47609\" rel=\"attachment wp-att-47609\"><img decoding=\"async\" class=\"aligncenter size-full wp-image-47609 lazyload\" data-src=\"http:\/\/caririemacao.com\/1\/wp-content\/uploads\/2018\/04\/cc-8.jpg\" alt=\"\" width=\"1000\" height=\"667\" data-srcset=\"https:\/\/www.caririemacao.com\/1\/wp-content\/uploads\/2018\/04\/cc-8.jpg 1000w, https:\/\/www.caririemacao.com\/1\/wp-content\/uploads\/2018\/04\/cc-8-300x200.jpg 300w, https:\/\/www.caririemacao.com\/1\/wp-content\/uploads\/2018\/04\/cc-8-768x512.jpg 768w\" data-sizes=\"(max-width: 1000px) 100vw, 1000px\" src=\"data:image\/svg+xml;base64,PHN2ZyB3aWR0aD0iMSIgaGVpZ2h0PSIxIiB4bWxucz0iaHR0cDovL3d3dy53My5vcmcvMjAwMC9zdmciPjwvc3ZnPg==\" style=\"--smush-placeholder-width: 1000px; --smush-placeholder-aspect-ratio: 1000\/667;\" \/><\/a><\/p>\n<p>O vereador Daniel L\u00eala requereu que o prefeito \u00c9den Duarte pavimentasse as ruas localizadas no bairro Renascer. Segundo Daniel, o bairro \u00e9 bastante populoso e os moradores t\u00eam solicitado ao parlamentar esta importante obra que ir\u00e1 melhorar a infraestrutura daquele bairro.<\/p>\n<p><a href=\"http:\/\/caririemacao.com\/1\/?attachment_id=47606\" rel=\"attachment wp-att-47606\"><img decoding=\"async\" class=\"aligncenter size-full wp-image-47606 lazyload\" data-src=\"http:\/\/caririemacao.com\/1\/wp-content\/uploads\/2018\/04\/cc-1.jpg\" alt=\"\" width=\"1000\" height=\"667\" data-srcset=\"https:\/\/www.caririemacao.com\/1\/wp-content\/uploads\/2018\/04\/cc-1.jpg 1000w, https:\/\/www.caririemacao.com\/1\/wp-content\/uploads\/2018\/04\/cc-1-300x200.jpg 300w, https:\/\/www.caririemacao.com\/1\/wp-content\/uploads\/2018\/04\/cc-1-768x512.jpg 768w\" data-sizes=\"(max-width: 1000px) 100vw, 1000px\" src=\"data:image\/svg+xml;base64,PHN2ZyB3aWR0aD0iMSIgaGVpZ2h0PSIxIiB4bWxucz0iaHR0cDovL3d3dy53My5vcmcvMjAwMC9zdmciPjwvc3ZnPg==\" style=\"--smush-placeholder-width: 1000px; --smush-placeholder-aspect-ratio: 1000\/667;\" \/><\/a><\/p>\n<p>O primeiro requerimento do vereador Antonio Carlos tratou do pedido de recupera\u00e7\u00e3o das estradas das comunidades de Carna\u00faba de Cima, Carna\u00faba de Baixo, V\u00e1rzea, Formigueiro, Volta do Rio, Angico Torto, V\u00e1rzea da Ro\u00e7a, Macambira, Santa Rosa, Bananeira e Greg\u00f3rio.<\/p>\n<p>J\u00e1 na segunda propositura, Antonio Carlos pediu o recapeamento das estradas iniciando na BR 412 ligando as localidades de seu Abdias, Fazenda Oriente, Riacho do Curtume, Beira do Rio, Jurema, Aroeiras, Macambira, Pedra Comprida, Mato do Pasto e Corredor do Agreste.<\/p>\n<p><a href=\"http:\/\/caririemacao.com\/1\/?attachment_id=47610\" rel=\"attachment wp-att-47610\"><img decoding=\"async\" class=\"aligncenter size-full wp-image-47610 lazyload\" data-src=\"http:\/\/caririemacao.com\/1\/wp-content\/uploads\/2018\/04\/cc-9.jpg\" alt=\"\" width=\"1000\" height=\"667\" data-srcset=\"https:\/\/www.caririemacao.com\/1\/wp-content\/uploads\/2018\/04\/cc-9.jpg 1000w, https:\/\/www.caririemacao.com\/1\/wp-content\/uploads\/2018\/04\/cc-9-300x200.jpg 300w, https:\/\/www.caririemacao.com\/1\/wp-content\/uploads\/2018\/04\/cc-9-768x512.jpg 768w\" data-sizes=\"(max-width: 1000px) 100vw, 1000px\" src=\"data:image\/svg+xml;base64,PHN2ZyB3aWR0aD0iMSIgaGVpZ2h0PSIxIiB4bWxucz0iaHR0cDovL3d3dy53My5vcmcvMjAwMC9zdmciPjwvc3ZnPg==\" style=\"--smush-placeholder-width: 1000px; --smush-placeholder-aspect-ratio: 1000\/667;\" \/><\/a><\/p>\n<p>O l\u00edder do governo na C\u00e2mara Municipal, vereador Bomba, defendeu o projeto de Lei apresentado de autoria do Poder Executivo solicitando autoriza\u00e7\u00e3o dos vereadores para a abertura de cr\u00e9ditos adicionais especiais destinos a preservar a manuten\u00e7\u00e3o do equil\u00edbrio das contas do er\u00e1rio do Poder Executivo. O projeto foi aprovado por unanimidade.<\/p>\n<p><a href=\"http:\/\/caririemacao.com\/1\/?attachment_id=47613\" rel=\"attachment wp-att-47613\"><img decoding=\"async\" class=\"aligncenter size-full wp-image-47613 lazyload\" data-src=\"http:\/\/caririemacao.com\/1\/wp-content\/uploads\/2018\/04\/DSC_0101.jpg\" alt=\"\" width=\"1000\" height=\"667\" data-srcset=\"https:\/\/www.caririemacao.com\/1\/wp-content\/uploads\/2018\/04\/DSC_0101.jpg 1000w, https:\/\/www.caririemacao.com\/1\/wp-content\/uploads\/2018\/04\/DSC_0101-300x200.jpg 300w, https:\/\/www.caririemacao.com\/1\/wp-content\/uploads\/2018\/04\/DSC_0101-768x512.jpg 768w\" data-sizes=\"(max-width: 1000px) 100vw, 1000px\" src=\"data:image\/svg+xml;base64,PHN2ZyB3aWR0aD0iMSIgaGVpZ2h0PSIxIiB4bWxucz0iaHR0cDovL3d3dy53My5vcmcvMjAwMC9zdmciPjwvc3ZnPg==\" style=\"--smush-placeholder-width: 1000px; --smush-placeholder-aspect-ratio: 1000\/667;\" \/><\/a><\/p>\n<p>Na tribuna, o representante da Uni\u00e3o da Juventude Socialista, Andr\u00e9, falou da Plen\u00e1ria Estadual da UJS Para\u00edba e do Curso de Forma\u00e7\u00e3o para dezenas de representantes da entidade de diversas cidades paraibanas. Ele lembrou que o evento acontece na cidade de Sum\u00e9 e foi iniciado nesta sexta-feira, dia 13 e se estende at\u00e9 domingo, 15. A realiza\u00e7\u00e3o \u00e9 da Uni\u00e3o da Juventude Socialista na Para\u00edba.<\/p>\n<p><a href=\"http:\/\/caririemacao.com\/1\/?attachment_id=47611\" rel=\"attachment wp-att-47611\"><img decoding=\"async\" class=\"aligncenter size-full wp-image-47611 lazyload\" data-src=\"http:\/\/caririemacao.com\/1\/wp-content\/uploads\/2018\/04\/DSC_0084.jpg\" alt=\"\" width=\"1000\" height=\"667\" data-srcset=\"https:\/\/www.caririemacao.com\/1\/wp-content\/uploads\/2018\/04\/DSC_0084.jpg 1000w, https:\/\/www.caririemacao.com\/1\/wp-content\/uploads\/2018\/04\/DSC_0084-300x200.jpg 300w, https:\/\/www.caririemacao.com\/1\/wp-content\/uploads\/2018\/04\/DSC_0084-768x512.jpg 768w\" data-sizes=\"(max-width: 1000px) 100vw, 1000px\" src=\"data:image\/svg+xml;base64,PHN2ZyB3aWR0aD0iMSIgaGVpZ2h0PSIxIiB4bWxucz0iaHR0cDovL3d3dy53My5vcmcvMjAwMC9zdmciPjwvc3ZnPg==\" style=\"--smush-placeholder-width: 1000px; --smush-placeholder-aspect-ratio: 1000\/667;\" \/><\/a><\/p>\n<p>Ainda na sess\u00e3o, foi apresentada a Emenda Modificativa ao projeto de Resolu\u00e7\u00e3o n.\u00ba 66\/2018, que altera a reda\u00e7\u00e3o do artigo 215, par\u00e1grafo \u00fanico e art. 224 do Regimento Interno da C\u00e2mara Municipal apresentado pelo vereador Antonio Carlos, e mais uma vez teve pedido de vista apresentado pelo vereador Juan Pereira. A emenda ser\u00e1 apresentada na pr\u00f3xima reuni\u00e3o.<\/p>\n<p><a href=\"http:\/\/caririemacao.com\/1\/?attachment_id=47620\" rel=\"attachment wp-att-47620\"><img decoding=\"async\" class=\"aligncenter size-full wp-image-47620 lazyload\" data-src=\"http:\/\/caririemacao.com\/1\/wp-content\/uploads\/2018\/04\/DSC_0133.jpg\" alt=\"\" width=\"1000\" height=\"667\" data-srcset=\"https:\/\/www.caririemacao.com\/1\/wp-content\/uploads\/2018\/04\/DSC_0133.jpg 1000w, https:\/\/www.caririemacao.com\/1\/wp-content\/uploads\/2018\/04\/DSC_0133-300x200.jpg 300w, https:\/\/www.caririemacao.com\/1\/wp-content\/uploads\/2018\/04\/DSC_0133-768x512.jpg 768w\" data-sizes=\"(max-width: 1000px) 100vw, 1000px\" src=\"data:image\/svg+xml;base64,PHN2ZyB3aWR0aD0iMSIgaGVpZ2h0PSIxIiB4bWxucz0iaHR0cDovL3d3dy53My5vcmcvMjAwMC9zdmciPjwvc3ZnPg==\" style=\"--smush-placeholder-width: 1000px; --smush-placeholder-aspect-ratio: 1000\/667;\" \/><\/a><\/p>\n<p>No final, o presidente Z\u00e9 Ant\u00f4nio (PR) comunicou que a reuni\u00e3o da pr\u00f3xima semana ser\u00e1 realizada na quarta-feira, dia 18.<\/p>\n<p><a href=\"http:\/\/caririemacao.com\/1\/?attachment_id=47612\" rel=\"attachment wp-att-47612\"><img decoding=\"async\" class=\"aligncenter size-full wp-image-47612 lazyload\" data-src=\"http:\/\/caririemacao.com\/1\/wp-content\/uploads\/2018\/04\/DSC_0095-1.jpg\" alt=\"\" width=\"1000\" height=\"667\" data-srcset=\"https:\/\/www.caririemacao.com\/1\/wp-content\/uploads\/2018\/04\/DSC_0095-1.jpg 1000w, https:\/\/www.caririemacao.com\/1\/wp-content\/uploads\/2018\/04\/DSC_0095-1-300x200.jpg 300w, https:\/\/www.caririemacao.com\/1\/wp-content\/uploads\/2018\/04\/DSC_0095-1-768x512.jpg 768w\" data-sizes=\"(max-width: 1000px) 100vw, 1000px\" src=\"data:image\/svg+xml;base64,PHN2ZyB3aWR0aD0iMSIgaGVpZ2h0PSIxIiB4bWxucz0iaHR0cDovL3d3dy53My5vcmcvMjAwMC9zdmciPjwvc3ZnPg==\" style=\"--smush-placeholder-width: 1000px; --smush-placeholder-aspect-ratio: 1000\/667;\" \/><\/a><\/p>\n<p>Vale destacar que a reuni\u00e3o foi secretariada pela vereadora Br\u00edgida Xavier.<\/p>\n<p><a href=\"https:\/\/www.facebook.com\/pg\/CaririEmAcao\/photos\/?tab=album&amp;album_id=1222627411206613\">CLIQUE NO LINK E VEJA FOTOS DA REUNI\u00c3O DESTA SEXTA-FEIRA (13).<\/a><\/p>\n<p><a href=\"http:\/\/caririemacao.com\/1\/?attachment_id=47622\" rel=\"attachment wp-att-47622\"><img decoding=\"async\" class=\"aligncenter size-full wp-image-47622 lazyload\" data-src=\"http:\/\/caririemacao.com\/1\/wp-content\/uploads\/2018\/04\/DSC_0139.jpg\" alt=\"\" width=\"1000\" height=\"667\" data-srcset=\"https:\/\/www.caririemacao.com\/1\/wp-content\/uploads\/2018\/04\/DSC_0139.jpg 1000w, https:\/\/www.caririemacao.com\/1\/wp-content\/uploads\/2018\/04\/DSC_0139-300x200.jpg 300w, https:\/\/www.caririemacao.com\/1\/wp-content\/uploads\/2018\/04\/DSC_0139-768x512.jpg 768w\" data-sizes=\"(max-width: 1000px) 100vw, 1000px\" src=\"data:image\/svg+xml;base64,PHN2ZyB3aWR0aD0iMSIgaGVpZ2h0PSIxIiB4bWxucz0iaHR0cDovL3d3dy53My5vcmcvMjAwMC9zdmciPjwvc3ZnPg==\" style=\"--smush-placeholder-width: 1000px; --smush-placeholder-aspect-ratio: 1000\/667;\" \/><\/a> <a href=\"http:\/\/caririemacao.com\/1\/?attachment_id=47619\" rel=\"attachment wp-att-47619\"><img decoding=\"async\" class=\"aligncenter size-full wp-image-47619 lazyload\" data-src=\"http:\/\/caririemacao.com\/1\/wp-content\/uploads\/2018\/04\/DSC_0124.jpg\" alt=\"\" width=\"1000\" height=\"667\" data-srcset=\"https:\/\/www.caririemacao.com\/1\/wp-content\/uploads\/2018\/04\/DSC_0124.jpg 1000w, https:\/\/www.caririemacao.com\/1\/wp-content\/uploads\/2018\/04\/DSC_0124-300x200.jpg 300w, https:\/\/www.caririemacao.com\/1\/wp-content\/uploads\/2018\/04\/DSC_0124-768x512.jpg 768w\" data-sizes=\"(max-width: 1000px) 100vw, 1000px\" src=\"data:image\/svg+xml;base64,PHN2ZyB3aWR0aD0iMSIgaGVpZ2h0PSIxIiB4bWxucz0iaHR0cDovL3d3dy53My5vcmcvMjAwMC9zdmciPjwvc3ZnPg==\" style=\"--smush-placeholder-width: 1000px; --smush-placeholder-aspect-ratio: 1000\/667;\" \/><\/a> <a href=\"http:\/\/caririemacao.com\/1\/?attachment_id=47617\" rel=\"attachment wp-att-47617\"><img decoding=\"async\" class=\"aligncenter size-full wp-image-47617 lazyload\" data-src=\"http:\/\/caririemacao.com\/1\/wp-content\/uploads\/2018\/04\/DSC_0120.jpg\" alt=\"\" width=\"1000\" height=\"667\" data-srcset=\"https:\/\/www.caririemacao.com\/1\/wp-content\/uploads\/2018\/04\/DSC_0120.jpg 1000w, https:\/\/www.caririemacao.com\/1\/wp-content\/uploads\/2018\/04\/DSC_0120-300x200.jpg 300w, https:\/\/www.caririemacao.com\/1\/wp-content\/uploads\/2018\/04\/DSC_0120-768x512.jpg 768w\" data-sizes=\"(max-width: 1000px) 100vw, 1000px\" src=\"data:image\/svg+xml;base64,PHN2ZyB3aWR0aD0iMSIgaGVpZ2h0PSIxIiB4bWxucz0iaHR0cDovL3d3dy53My5vcmcvMjAwMC9zdmciPjwvc3ZnPg==\" style=\"--smush-placeholder-width: 1000px; --smush-placeholder-aspect-ratio: 1000\/667;\" \/><\/a> <a href=\"http:\/\/caririemacao.com\/1\/?attachment_id=47616\" rel=\"attachment wp-att-47616\"><img decoding=\"async\" class=\"aligncenter size-full wp-image-47616 lazyload\" data-src=\"http:\/\/caririemacao.com\/1\/wp-content\/uploads\/2018\/04\/DSC_0119-1.jpg\" alt=\"\" width=\"1000\" height=\"667\" data-srcset=\"https:\/\/www.caririemacao.com\/1\/wp-content\/uploads\/2018\/04\/DSC_0119-1.jpg 1000w, https:\/\/www.caririemacao.com\/1\/wp-content\/uploads\/2018\/04\/DSC_0119-1-300x200.jpg 300w, https:\/\/www.caririemacao.com\/1\/wp-content\/uploads\/2018\/04\/DSC_0119-1-768x512.jpg 768w\" data-sizes=\"(max-width: 1000px) 100vw, 1000px\" src=\"data:image\/svg+xml;base64,PHN2ZyB3aWR0aD0iMSIgaGVpZ2h0PSIxIiB4bWxucz0iaHR0cDovL3d3dy53My5vcmcvMjAwMC9zdmciPjwvc3ZnPg==\" style=\"--smush-placeholder-width: 1000px; --smush-placeholder-aspect-ratio: 1000\/667;\" \/><\/a> <a href=\"http:\/\/caririemacao.com\/1\/?attachment_id=47615\" rel=\"attachment wp-att-47615\"><img decoding=\"async\" class=\"aligncenter size-full wp-image-47615 lazyload\" data-src=\"http:\/\/caririemacao.com\/1\/wp-content\/uploads\/2018\/04\/DSC_0110.jpg\" alt=\"\" width=\"1000\" height=\"667\" data-srcset=\"https:\/\/www.caririemacao.com\/1\/wp-content\/uploads\/2018\/04\/DSC_0110.jpg 1000w, https:\/\/www.caririemacao.com\/1\/wp-content\/uploads\/2018\/04\/DSC_0110-300x200.jpg 300w, https:\/\/www.caririemacao.com\/1\/wp-content\/uploads\/2018\/04\/DSC_0110-768x512.jpg 768w\" data-sizes=\"(max-width: 1000px) 100vw, 1000px\" src=\"data:image\/svg+xml;base64,PHN2ZyB3aWR0aD0iMSIgaGVpZ2h0PSIxIiB4bWxucz0iaHR0cDovL3d3dy53My5vcmcvMjAwMC9zdmciPjwvc3ZnPg==\" style=\"--smush-placeholder-width: 1000px; --smush-placeholder-aspect-ratio: 1000\/667;\" \/><\/a> <a href=\"http:\/\/caririemacao.com\/1\/?attachment_id=47608\" rel=\"attachment wp-att-47608\"><img decoding=\"async\" class=\"aligncenter size-full wp-image-47608 lazyload\" data-src=\"http:\/\/caririemacao.com\/1\/wp-content\/uploads\/2018\/04\/cc-7.jpg\" alt=\"\" width=\"1000\" height=\"667\" data-srcset=\"https:\/\/www.caririemacao.com\/1\/wp-content\/uploads\/2018\/04\/cc-7.jpg 1000w, https:\/\/www.caririemacao.com\/1\/wp-content\/uploads\/2018\/04\/cc-7-300x200.jpg 300w, https:\/\/www.caririemacao.com\/1\/wp-content\/uploads\/2018\/04\/cc-7-768x512.jpg 768w\" data-sizes=\"(max-width: 1000px) 100vw, 1000px\" src=\"data:image\/svg+xml;base64,PHN2ZyB3aWR0aD0iMSIgaGVpZ2h0PSIxIiB4bWxucz0iaHR0cDovL3d3dy53My5vcmcvMjAwMC9zdmciPjwvc3ZnPg==\" style=\"--smush-placeholder-width: 1000px; --smush-placeholder-aspect-ratio: 1000\/667;\" \/><\/a> <a href=\"http:\/\/caririemacao.com\/1\/?attachment_id=47607\" rel=\"attachment wp-att-47607\"><img decoding=\"async\" class=\"aligncenter size-full wp-image-47607 lazyload\" data-src=\"http:\/\/caririemacao.com\/1\/wp-content\/uploads\/2018\/04\/cc-5.jpg\" alt=\"\" width=\"1000\" height=\"667\" data-srcset=\"https:\/\/www.caririemacao.com\/1\/wp-content\/uploads\/2018\/04\/cc-5.jpg 1000w, https:\/\/www.caririemacao.com\/1\/wp-content\/uploads\/2018\/04\/cc-5-300x200.jpg 300w, https:\/\/www.caririemacao.com\/1\/wp-content\/uploads\/2018\/04\/cc-5-768x512.jpg 768w\" data-sizes=\"(max-width: 1000px) 100vw, 1000px\" src=\"data:image\/svg+xml;base64,PHN2ZyB3aWR0aD0iMSIgaGVpZ2h0PSIxIiB4bWxucz0iaHR0cDovL3d3dy53My5vcmcvMjAwMC9zdmciPjwvc3ZnPg==\" style=\"--smush-placeholder-width: 1000px; --smush-placeholder-aspect-ratio: 1000\/667;\" \/><\/a> <a href=\"http:\/\/caririemacao.com\/1\/?attachment_id=47606\" rel=\"attachment wp-att-47606\"><img decoding=\"async\" class=\"aligncenter size-full wp-image-47606 lazyload\" data-src=\"http:\/\/caririemacao.com\/1\/wp-content\/uploads\/2018\/04\/cc-1.jpg\" alt=\"\" width=\"1000\" height=\"667\" data-srcset=\"https:\/\/www.caririemacao.com\/1\/wp-content\/uploads\/2018\/04\/cc-1.jpg 1000w, https:\/\/www.caririemacao.com\/1\/wp-content\/uploads\/2018\/04\/cc-1-300x200.jpg 300w, https:\/\/www.caririemacao.com\/1\/wp-content\/uploads\/2018\/04\/cc-1-768x512.jpg 768w\" data-sizes=\"(max-width: 1000px) 100vw, 1000px\" src=\"data:image\/svg+xml;base64,PHN2ZyB3aWR0aD0iMSIgaGVpZ2h0PSIxIiB4bWxucz0iaHR0cDovL3d3dy53My5vcmcvMjAwMC9zdmciPjwvc3ZnPg==\" style=\"--smush-placeholder-width: 1000px; --smush-placeholder-aspect-ratio: 1000\/667;\" \/><\/a><\/p>\n<p><strong>CARIRI EM A\u00c7\u00c3O<\/strong><\/p>\n<p><strong style=\"font-style: inherit;\">Leia mais not\u00edcias em\u00a0<\/strong><a style=\"font-style: inherit; font-weight: inherit;\" href=\"http:\/\/www.caririemacao.com\/\"><strong style=\"font-style: inherit;\">caririemacao.com<\/strong><\/a><strong style=\"font-style: inherit;\">, siga nossa p\u00e1gina no\u00a0<\/strong><a style=\"font-style: inherit; font-weight: inherit;\" href=\"https:\/\/www.facebook.com\/CaririEmAcao\/?ref=aymt_homepage_panel\"><strong style=\"font-style: inherit;\">Facebook<\/strong><\/a>,<strong style=\"font-style: inherit;\">\u00a0<\/strong><a style=\"font-style: inherit; font-weight: inherit;\" href=\"https:\/\/www.instagram.com\/cariri_em_acao\/?hl=pt-br\"><strong style=\"font-style: inherit;\">Instagram<\/strong><\/a><strong style=\"font-style: inherit;\">\u00a0e\u00a0<\/strong><a style=\"font-style: inherit; font-weight: inherit;\" href=\"https:\/\/www.youtube.com\/channel\/UCAptA0jQuYQy8vMhLt2m4qg\"><strong style=\"font-style: inherit;\">Youtube<\/strong><\/a><strong style=\"font-style: inherit;\">\u00a0e veja nossas mat\u00e9rias, v\u00eddeos e fotos. Voc\u00ea tamb\u00e9m pode enviar informa\u00e7\u00f5es \u00e0 Reda\u00e7\u00e3o do Portal Cariri em A\u00e7\u00e3o pelo WhatsApp (83) 9 9634.5791, (83) 9 9601-1162.<\/strong><\/p>\n","protected":false},"excerpt":{"rendered":"<p>A C\u00e2mara de Sum\u00e9 esteve reunida na noite desta sexta-feira, dia 13, e debateu e aprovou diversas demandas da popula\u00e7\u00e3o. Estavam presentes os 11 vereadores:&hellip; <\/p>\n","protected":false},"author":2,"featured_media":47625,"comment_status":"closed","ping_status":"closed","sticky":false,"template":"","format":"standard","meta":{"sfsi_plus_gutenberg_text_before_share":"","sfsi_plus_gutenberg_show_text_before_share":"","sfsi_plus_gutenberg_icon_type":"","sfsi_plus_gutenberg_icon_alignemt":"","sfsi_plus_gutenburg_max_per_row":"","footnotes":""},"categories":[2],"tags":[],"class_list":["post-47605","post","type-post","status-publish","format-standard","has-post-thumbnail","hentry","category-geral"],"_links":{"self":[{"href":"https:\/\/www.caririemacao.com\/1\/wp-json\/wp\/v2\/posts\/47605","targetHints":{"allow":["GET"]}}],"collection":[{"href":"https:\/\/www.caririemacao.com\/1\/wp-json\/wp\/v2\/posts"}],"about":[{"href":"https:\/\/www.caririemacao.com\/1\/wp-json\/wp\/v2\/types\/post"}],"author":[{"embeddable":true,"href":"https:\/\/www.caririemacao.com\/1\/wp-json\/wp\/v2\/users\/2"}],"replies":[{"embeddable":true,"href":"https:\/\/www.caririemacao.com\/1\/wp-json\/wp\/v2\/comments?post=47605"}],"version-history":[{"count":0,"href":"https:\/\/www.caririemacao.com\/1\/wp-json\/wp\/v2\/posts\/47605\/revisions"}],"wp:featuredmedia":[{"embeddable":true,"href":"https:\/\/www.caririemacao.com\/1\/wp-json\/wp\/v2\/media\/47625"}],"wp:attachment":[{"href":"https:\/\/www.caririemacao.com\/1\/wp-json\/wp\/v2\/media?parent=47605"}],"wp:term":[{"taxonomy":"category","embeddable":true,"href":"https:\/\/www.caririemacao.com\/1\/wp-json\/wp\/v2\/categories?post=47605"},{"taxonomy":"post_tag","embeddable":true,"href":"https:\/\/www.caririemacao.com\/1\/wp-json\/wp\/v2\/tags?post=47605"}],"curies":[{"name":"wp","href":"https:\/\/api.w.org\/{rel}","templated":true}]}}