{"id":47627,"date":"2018-04-14T20:17:46","date_gmt":"2018-04-14T23:17:46","guid":{"rendered":"http:\/\/caririemacao.com\/1\/?p=47627"},"modified":"2018-04-14T21:55:20","modified_gmt":"2018-04-15T00:55:20","slug":"camara-de-gurjao-se-reune-em-sessao-ordinaria-nesta-sexta-feira","status":"publish","type":"post","link":"https:\/\/www.caririemacao.com\/1\/2018\/04\/14\/camara-de-gurjao-se-reune-em-sessao-ordinaria-nesta-sexta-feira\/","title":{"rendered":"C\u00e2mara de Gurj\u00e3o se re\u00fane em sess\u00e3o ordin\u00e1ria nesta sexta-feira"},"content":{"rendered":"<p>A C\u00e2mara de Vereadores de Gurj\u00e3o realizou nesta sexta-feira (13), mais uma sess\u00e3o ordin\u00e1ria do bi\u00eanio 2017-2018. A sess\u00e3o foi conduzida pelo presidente Adailson Luiz de Queiroz Coutinho Filho (PSB). Durante a sess\u00e3o, foram aprovados requerimentos, projetos de lei e um projeto de resolu\u00e7\u00e3o.<\/p>\n<p><a href=\"http:\/\/caririemacao.com\/1\/?attachment_id=47628\" rel=\"attachment wp-att-47628\"><img fetchpriority=\"high\" decoding=\"async\" class=\"aligncenter size-full wp-image-47628\" src=\"http:\/\/caririemacao.com\/1\/wp-content\/uploads\/2018\/04\/IMG_1964.jpg\" alt=\"\" width=\"800\" height=\"533\" srcset=\"https:\/\/www.caririemacao.com\/1\/wp-content\/uploads\/2018\/04\/IMG_1964.jpg 800w, https:\/\/www.caririemacao.com\/1\/wp-content\/uploads\/2018\/04\/IMG_1964-300x200.jpg 300w, https:\/\/www.caririemacao.com\/1\/wp-content\/uploads\/2018\/04\/IMG_1964-768x512.jpg 768w\" sizes=\"(max-width: 800px) 100vw, 800px\" \/><\/a><\/p>\n<p><strong>Adailson Queiroz<\/strong> solicitou da gest\u00e3o municipal a possibilidade de revitaliza\u00e7\u00e3o da travessa Olinto Teixeira de Castro conhecida como &#8220;Travessa da Alegria&#8221;, no requerimento, o vereador ainda pediu que a gest\u00e3o fizesse um melhoramento nas cal\u00e7adas, banheiros e bancos, instala\u00e7\u00e3o de TV, al\u00e9m da disponibiliza\u00e7\u00e3o de atra\u00e7\u00f5es musicais aos s\u00e1bados no hor\u00e1rio das 20 horas a meia-noite. A propositura foi justificada pela grande necessidade de prover de \u00e1reas de lazer no munic\u00edpio.<\/p>\n<p><a href=\"http:\/\/caririemacao.com\/1\/?attachment_id=47629\" rel=\"attachment wp-att-47629\"><img decoding=\"async\" class=\"aligncenter size-full wp-image-47629 lazyload\" data-src=\"http:\/\/caririemacao.com\/1\/wp-content\/uploads\/2018\/04\/IMG_1974.jpg\" alt=\"\" width=\"800\" height=\"533\" data-srcset=\"https:\/\/www.caririemacao.com\/1\/wp-content\/uploads\/2018\/04\/IMG_1974.jpg 800w, https:\/\/www.caririemacao.com\/1\/wp-content\/uploads\/2018\/04\/IMG_1974-300x200.jpg 300w, https:\/\/www.caririemacao.com\/1\/wp-content\/uploads\/2018\/04\/IMG_1974-768x512.jpg 768w\" data-sizes=\"(max-width: 800px) 100vw, 800px\" src=\"data:image\/svg+xml;base64,PHN2ZyB3aWR0aD0iMSIgaGVpZ2h0PSIxIiB4bWxucz0iaHR0cDovL3d3dy53My5vcmcvMjAwMC9zdmciPjwvc3ZnPg==\" style=\"--smush-placeholder-width: 800px; --smush-placeholder-aspect-ratio: 800\/533;\" \/><\/a><\/p>\n<p><strong>Diogo Coutinho (PSD)<\/strong> apresentou um voto de pesar aos familiares de J\u00falio Rom\u00e3 Noto da Silva, pelo falecimento do mesmo ocorrido no munic\u00edpio. O Parlamentar ainda apresentou um voto de aplauso ao prefeito do munic\u00edpio Ronaldo Queiroz pelas obras de reforma do pr\u00e9dio da Prefeitura Municipal. Diogo destacou em sua justificativa o zelo com a coisa p\u00fablica que o gestor tem mantido. \u00a0<a href=\"http:\/\/caririemacao.com\/1\/?attachment_id=47630\" rel=\"attachment wp-att-47630\"><img decoding=\"async\" class=\"aligncenter size-full wp-image-47630 lazyload\" data-src=\"http:\/\/caririemacao.com\/1\/wp-content\/uploads\/2018\/04\/IMG_3901.jpg\" alt=\"\" width=\"800\" height=\"533\" data-srcset=\"https:\/\/www.caririemacao.com\/1\/wp-content\/uploads\/2018\/04\/IMG_3901.jpg 800w, https:\/\/www.caririemacao.com\/1\/wp-content\/uploads\/2018\/04\/IMG_3901-300x200.jpg 300w, https:\/\/www.caririemacao.com\/1\/wp-content\/uploads\/2018\/04\/IMG_3901-768x512.jpg 768w\" data-sizes=\"(max-width: 800px) 100vw, 800px\" src=\"data:image\/svg+xml;base64,PHN2ZyB3aWR0aD0iMSIgaGVpZ2h0PSIxIiB4bWxucz0iaHR0cDovL3d3dy53My5vcmcvMjAwMC9zdmciPjwvc3ZnPg==\" style=\"--smush-placeholder-width: 800px; --smush-placeholder-aspect-ratio: 800\/533;\" \/><\/a><\/p>\n<p><strong>Junior de Morais (PSC) s<\/strong>olicitou a constru\u00e7\u00e3o de redutores de velocidade na Rua Severino Benjamin,\u00a0 localizada no conjunto Jos\u00e9 Borges Coutinho.<\/p>\n<p><a href=\"http:\/\/caririemacao.com\/1\/?attachment_id=47631\" rel=\"attachment wp-att-47631\"><img decoding=\"async\" class=\"aligncenter size-full wp-image-47631 lazyload\" data-src=\"http:\/\/caririemacao.com\/1\/wp-content\/uploads\/2018\/04\/IMG_3931.jpg\" alt=\"\" width=\"800\" height=\"533\" data-srcset=\"https:\/\/www.caririemacao.com\/1\/wp-content\/uploads\/2018\/04\/IMG_3931.jpg 800w, https:\/\/www.caririemacao.com\/1\/wp-content\/uploads\/2018\/04\/IMG_3931-300x200.jpg 300w, https:\/\/www.caririemacao.com\/1\/wp-content\/uploads\/2018\/04\/IMG_3931-768x512.jpg 768w\" data-sizes=\"(max-width: 800px) 100vw, 800px\" src=\"data:image\/svg+xml;base64,PHN2ZyB3aWR0aD0iMSIgaGVpZ2h0PSIxIiB4bWxucz0iaHR0cDovL3d3dy53My5vcmcvMjAwMC9zdmciPjwvc3ZnPg==\" style=\"--smush-placeholder-width: 800px; --smush-placeholder-aspect-ratio: 800\/533;\" \/><\/a><\/p>\n<p>J\u00e1 a vereadora <strong>Niselma Martins (PMDB)<\/strong>\u00a0apresentou solicita\u00e7\u00e3o a Secretaria de Infraestrutura pedindo as m\u00e1quinas a fim de ceder horas de trator para os agricultores preparar suas terras para o plantio, como aragem e gradea\u00e7\u00e3o. Selminha tamb\u00e9m pediu que a gest\u00e3o municipal estudasse a possibilidade de contrata\u00e7\u00e3o de um m\u00e9dico plantonista para os finais de semana.<\/p>\n<p><a href=\"http:\/\/caririemacao.com\/1\/?attachment_id=47632\" rel=\"attachment wp-att-47632\"><img decoding=\"async\" class=\"aligncenter size-full wp-image-47632 lazyload\" data-src=\"http:\/\/caririemacao.com\/1\/wp-content\/uploads\/2018\/04\/IMG_3933.jpg\" alt=\"\" width=\"800\" height=\"533\" data-srcset=\"https:\/\/www.caririemacao.com\/1\/wp-content\/uploads\/2018\/04\/IMG_3933.jpg 800w, https:\/\/www.caririemacao.com\/1\/wp-content\/uploads\/2018\/04\/IMG_3933-300x200.jpg 300w, https:\/\/www.caririemacao.com\/1\/wp-content\/uploads\/2018\/04\/IMG_3933-768x512.jpg 768w\" data-sizes=\"(max-width: 800px) 100vw, 800px\" src=\"data:image\/svg+xml;base64,PHN2ZyB3aWR0aD0iMSIgaGVpZ2h0PSIxIiB4bWxucz0iaHR0cDovL3d3dy53My5vcmcvMjAwMC9zdmciPjwvc3ZnPg==\" style=\"--smush-placeholder-width: 800px; --smush-placeholder-aspect-ratio: 800\/533;\" \/><\/a><\/p>\n<p>A vereadora <strong>Maria Elizete (PSD)<\/strong> apresentou um requerimento endere\u00e7ado ao presidente do DER-PB, Carlos Pereira, solicitando o recapeamento da PB 202, trecho que liga a cidade de Gurj\u00e3o ao munic\u00edpio de Santo Andr\u00e9.<\/p>\n<p><a href=\"http:\/\/caririemacao.com\/1\/?attachment_id=47634\" rel=\"attachment wp-att-47634\"><img decoding=\"async\" class=\"aligncenter size-full wp-image-47634 lazyload\" data-src=\"http:\/\/caririemacao.com\/1\/wp-content\/uploads\/2018\/04\/28056267_1184928941643127_3661234439009709140_n.jpg\" alt=\"\" width=\"800\" height=\"533\" data-srcset=\"https:\/\/www.caririemacao.com\/1\/wp-content\/uploads\/2018\/04\/28056267_1184928941643127_3661234439009709140_n.jpg 800w, https:\/\/www.caririemacao.com\/1\/wp-content\/uploads\/2018\/04\/28056267_1184928941643127_3661234439009709140_n-300x200.jpg 300w, https:\/\/www.caririemacao.com\/1\/wp-content\/uploads\/2018\/04\/28056267_1184928941643127_3661234439009709140_n-768x512.jpg 768w\" data-sizes=\"(max-width: 800px) 100vw, 800px\" src=\"data:image\/svg+xml;base64,PHN2ZyB3aWR0aD0iMSIgaGVpZ2h0PSIxIiB4bWxucz0iaHR0cDovL3d3dy53My5vcmcvMjAwMC9zdmciPjwvc3ZnPg==\" style=\"--smush-placeholder-width: 800px; --smush-placeholder-aspect-ratio: 800\/533;\" \/><\/a><\/p>\n<p>O Parlamentar <strong>Gilberto Oliveira (PT)<\/strong> solicitou do prefeito Ronaldo a constru\u00e7\u00e3o de mata-burros na estrada que liga as comunidades de Estreito as do Riacho do Padre e Riacho dos Reis. O petista ainda pediu ao prefeito que fosse comprado ou definido uma \u00e1rea destinada constru\u00e7\u00e3o de abrigos para frota veicular do munic\u00edpio.<\/p>\n<p><a href=\"http:\/\/caririemacao.com\/1\/?attachment_id=47633\" rel=\"attachment wp-att-47633\"><img decoding=\"async\" class=\"aligncenter size-full wp-image-47633 lazyload\" data-src=\"http:\/\/caririemacao.com\/1\/wp-content\/uploads\/2018\/04\/IMG_3903.jpg\" alt=\"\" width=\"800\" height=\"533\" data-srcset=\"https:\/\/www.caririemacao.com\/1\/wp-content\/uploads\/2018\/04\/IMG_3903.jpg 800w, https:\/\/www.caririemacao.com\/1\/wp-content\/uploads\/2018\/04\/IMG_3903-300x200.jpg 300w, https:\/\/www.caririemacao.com\/1\/wp-content\/uploads\/2018\/04\/IMG_3903-768x512.jpg 768w\" data-sizes=\"(max-width: 800px) 100vw, 800px\" src=\"data:image\/svg+xml;base64,PHN2ZyB3aWR0aD0iMSIgaGVpZ2h0PSIxIiB4bWxucz0iaHR0cDovL3d3dy53My5vcmcvMjAwMC9zdmciPjwvc3ZnPg==\" style=\"--smush-placeholder-width: 800px; --smush-placeholder-aspect-ratio: 800\/533;\" \/><\/a><\/p>\n<p>O vereador <strong>Alexsandro Cavalcante (PT)\u00a0<\/strong>requereu da gest\u00e3o municipal que seja estudada a possibilidade de confec\u00e7\u00e3o e instala\u00e7\u00e3o de placas nas estradas vicinais do munic\u00edpio, contendo informa\u00e7\u00f5es da localidade a exemplo de quilometragem entre outras informa\u00e7\u00f5es.<\/p>\n<p>Ainda foi aprovado durante a sess\u00e3o desta sexta-feira o projeto de resolu\u00e7\u00e3o de n\u00famero 01\/2018, que altera o artigo 81\u00ba do regimento interno C\u00e2mara. O parlamento gurj\u00e3oense tamb\u00e9m aprovou o PL de autoria do executivo que cria e regulamenta o Programa Intensivo ao Est\u00e1gio no ambito do Poder Executivo Municipal.<\/p>\n<p>O presidente Adailsinho tamb\u00e9m usou da tribuna para parabenizar e agradecer ao governo do Estado pelo trabalho executado em Gurj\u00e3o, a exemplo de perfura\u00e7\u00e3o de po\u00e7os e tantas outras a\u00e7\u00f5es, que atrav\u00e9s de pedidos de sua autoria tem ajudando a popula\u00e7\u00e3o do munic\u00edpio, principalmente os que mais precisam.<\/p>\n<p><strong>CARIRI EM A\u00c7\u00c3O<\/strong><\/p>\n<p><strong>Leia mais not\u00edcias em\u00a0<\/strong><a href=\"http:\/\/www.caririemacao.com\/\"><strong>caririemacao.com<\/strong><\/a><strong>, siga nossa p\u00e1gina no\u00a0<\/strong><a href=\"https:\/\/www.facebook.com\/CaririEmAcao\/?ref=aymt_homepage_panel\"><strong>Facebook<\/strong><\/a>,<strong>\u00a0<\/strong><a href=\"https:\/\/www.instagram.com\/cariri_em_acao\/?hl=pt-br\"><strong>Instagram<\/strong><\/a><strong>\u00a0e\u00a0<\/strong><a href=\"https:\/\/www.youtube.com\/channel\/UCAptA0jQuYQy8vMhLt2m4qg\"><strong>Youtube<\/strong><\/a><strong>\u00a0e veja nossas mat\u00e9rias, v\u00eddeos e fotos. Voc\u00ea tamb\u00e9m pode enviar informa\u00e7\u00f5es \u00e0 Reda\u00e7\u00e3o do Portal Cariri em A\u00e7\u00e3o pelo WhatsApp (83) 9 9634.5791, (83) 9 9601-1162.<\/strong><\/p>\n","protected":false},"excerpt":{"rendered":"<p>A C\u00e2mara de Vereadores de Gurj\u00e3o realizou nesta sexta-feira (13), mais uma sess\u00e3o ordin\u00e1ria do bi\u00eanio 2017-2018. A sess\u00e3o foi conduzida pelo presidente Adailson Luiz&hellip; <\/p>\n","protected":false},"author":2,"featured_media":29724,"comment_status":"closed","ping_status":"closed","sticky":false,"template":"","format":"standard","meta":{"sfsi_plus_gutenberg_text_before_share":"","sfsi_plus_gutenberg_show_text_before_share":"","sfsi_plus_gutenberg_icon_type":"","sfsi_plus_gutenberg_icon_alignemt":"","sfsi_plus_gutenburg_max_per_row":"","footnotes":""},"categories":[11],"tags":[],"class_list":["post-47627","post","type-post","status-publish","format-standard","has-post-thumbnail","hentry","category-politica"],"_links":{"self":[{"href":"https:\/\/www.caririemacao.com\/1\/wp-json\/wp\/v2\/posts\/47627","targetHints":{"allow":["GET"]}}],"collection":[{"href":"https:\/\/www.caririemacao.com\/1\/wp-json\/wp\/v2\/posts"}],"about":[{"href":"https:\/\/www.caririemacao.com\/1\/wp-json\/wp\/v2\/types\/post"}],"author":[{"embeddable":true,"href":"https:\/\/www.caririemacao.com\/1\/wp-json\/wp\/v2\/users\/2"}],"replies":[{"embeddable":true,"href":"https:\/\/www.caririemacao.com\/1\/wp-json\/wp\/v2\/comments?post=47627"}],"version-history":[{"count":0,"href":"https:\/\/www.caririemacao.com\/1\/wp-json\/wp\/v2\/posts\/47627\/revisions"}],"wp:featuredmedia":[{"embeddable":true,"href":"https:\/\/www.caririemacao.com\/1\/wp-json\/wp\/v2\/media\/29724"}],"wp:attachment":[{"href":"https:\/\/www.caririemacao.com\/1\/wp-json\/wp\/v2\/media?parent=47627"}],"wp:term":[{"taxonomy":"category","embeddable":true,"href":"https:\/\/www.caririemacao.com\/1\/wp-json\/wp\/v2\/categories?post=47627"},{"taxonomy":"post_tag","embeddable":true,"href":"https:\/\/www.caririemacao.com\/1\/wp-json\/wp\/v2\/tags?post=47627"}],"curies":[{"name":"wp","href":"https:\/\/api.w.org\/{rel}","templated":true}]}}