{"id":47653,"date":"2018-04-14T21:00:57","date_gmt":"2018-04-15T00:00:57","guid":{"rendered":"http:\/\/caririemacao.com\/1\/?p=47653"},"modified":"2018-04-14T21:00:57","modified_gmt":"2018-04-15T00:00:57","slug":"prefeito-jefferson-roberto-solicita-melhorias-em-estradas-durante-reuniao-no-der","status":"publish","type":"post","link":"https:\/\/www.caririemacao.com\/1\/2018\/04\/14\/prefeito-jefferson-roberto-solicita-melhorias-em-estradas-durante-reuniao-no-der\/","title":{"rendered":"Prefeito Jefferson Roberto solicita melhorias em estradas durante reuni\u00e3o no DER"},"content":{"rendered":"<article>\n<section class=\"post-date\"><\/section>\n<div class=\"clear\">\u00a0O prefeito de S\u00e3o Jos\u00e9 dos Cordeiros, Jefferson Roberto, participou na manh\u00e3 desta sexta-feira, 13, de uma reuni\u00e3o no Departamento de Estradas de Rodagem (DER), onde na oportunidade apresentou alguns pleitos do munic\u00edpio ao diretor regional do Cariri, Lamartine Vieira, e tamb\u00e9m junto ao superintendente da institui\u00e7\u00e3o, Dr\u00ba Carlos Pereira.<\/div>\n<div class=\"contentPost\">\n<p>Jefferson disse que solicitou um patrolamento da estrada que liga Sum\u00e9 \u00e0 Tapero\u00e1, e da estrada que liga S\u00e3o Jos\u00e9 dos Cordeiros \u00e0 Livramento, em vista que as \u00faltimas chuvas danificaram a estrada de terra, fazendo com o trajeto por aqueles trechos fiquem de dif\u00edcil acesso.<\/p>\n<p>Jefferson tamb\u00e9m solicitou que seja realizado um rou\u00e7o na PB-148 e PB-200, entre S\u00e3o Jos\u00e9 dos Cordeiros a Serra Branca, al\u00e9m de pedi alguns redutores de velocidade. \u201cA gente solicitou alguns redutores de velocidade na estrada que liga S\u00e3o Jos\u00e9 dos Cordeiros a Serra Branca onde existem duas escolas em uma igreja, com essa a\u00e7\u00e3o pretendemos conscientizar os motoristas para que eles tenham mais cuidado com alunos e populares que transitam naquela localidade\u201d, afirmou o prefeito Jefferson.<\/p>\n<p><strong>CARIRI EM A\u00c7\u00c3O<\/strong><\/p>\n<p><em>Com Cariri Ligado\/Foto:\u00a0Cariri Ligado<\/em><\/p>\n<p><strong>Leia mais not\u00edcias em\u00a0<\/strong><a href=\"http:\/\/www.caririemacao.com\/\"><strong>caririemacao.com<\/strong><\/a><strong>, siga nossa p\u00e1gina no\u00a0<\/strong><a href=\"https:\/\/www.facebook.com\/CaririEmAcao\/?ref=aymt_homepage_panel\"><strong>Facebook<\/strong><\/a>,<strong>\u00a0<\/strong><a href=\"https:\/\/www.instagram.com\/cariri_em_acao\/?hl=pt-br\"><strong>Instagram<\/strong><\/a><strong>\u00a0e\u00a0<\/strong><a href=\"https:\/\/www.youtube.com\/channel\/UCAptA0jQuYQy8vMhLt2m4qg\"><strong>Youtube<\/strong><\/a><strong>\u00a0e veja nossas mat\u00e9rias, v\u00eddeos e fotos. Voc\u00ea tamb\u00e9m pode enviar informa\u00e7\u00f5es \u00e0 Reda\u00e7\u00e3o do Portal Cariri em A\u00e7\u00e3o pelo WhatsApp (83) 9 9634.5791, (83) 9 9601-1162.<\/strong><\/p>\n<\/div>\n<\/article>\n","protected":false},"excerpt":{"rendered":"<p>\u00a0O prefeito de S\u00e3o Jos\u00e9 dos Cordeiros, Jefferson Roberto, participou na manh\u00e3 desta sexta-feira, 13, de uma reuni\u00e3o no Departamento de Estradas de Rodagem (DER),&hellip; <\/p>\n","protected":false},"author":2,"featured_media":47655,"comment_status":"closed","ping_status":"closed","sticky":false,"template":"","format":"standard","meta":{"sfsi_plus_gutenberg_text_before_share":"","sfsi_plus_gutenberg_show_text_before_share":"","sfsi_plus_gutenberg_icon_type":"","sfsi_plus_gutenberg_icon_alignemt":"","sfsi_plus_gutenburg_max_per_row":"","footnotes":""},"categories":[2],"tags":[],"class_list":["post-47653","post","type-post","status-publish","format-standard","has-post-thumbnail","hentry","category-geral"],"_links":{"self":[{"href":"https:\/\/www.caririemacao.com\/1\/wp-json\/wp\/v2\/posts\/47653","targetHints":{"allow":["GET"]}}],"collection":[{"href":"https:\/\/www.caririemacao.com\/1\/wp-json\/wp\/v2\/posts"}],"about":[{"href":"https:\/\/www.caririemacao.com\/1\/wp-json\/wp\/v2\/types\/post"}],"author":[{"embeddable":true,"href":"https:\/\/www.caririemacao.com\/1\/wp-json\/wp\/v2\/users\/2"}],"replies":[{"embeddable":true,"href":"https:\/\/www.caririemacao.com\/1\/wp-json\/wp\/v2\/comments?post=47653"}],"version-history":[{"count":0,"href":"https:\/\/www.caririemacao.com\/1\/wp-json\/wp\/v2\/posts\/47653\/revisions"}],"wp:featuredmedia":[{"embeddable":true,"href":"https:\/\/www.caririemacao.com\/1\/wp-json\/wp\/v2\/media\/47655"}],"wp:attachment":[{"href":"https:\/\/www.caririemacao.com\/1\/wp-json\/wp\/v2\/media?parent=47653"}],"wp:term":[{"taxonomy":"category","embeddable":true,"href":"https:\/\/www.caririemacao.com\/1\/wp-json\/wp\/v2\/categories?post=47653"},{"taxonomy":"post_tag","embeddable":true,"href":"https:\/\/www.caririemacao.com\/1\/wp-json\/wp\/v2\/tags?post=47653"}],"curies":[{"name":"wp","href":"https:\/\/api.w.org\/{rel}","templated":true}]}}