{"id":47675,"date":"2018-04-14T21:07:16","date_gmt":"2018-04-15T00:07:16","guid":{"rendered":"http:\/\/caririemacao.com\/1\/?p=47675"},"modified":"2018-04-14T21:07:16","modified_gmt":"2018-04-15T00:07:16","slug":"prefeitura-de-sume-realiza-semana-de-mobilizacao-em-combate-ao-aedes-aegypti","status":"publish","type":"post","link":"https:\/\/www.caririemacao.com\/1\/2018\/04\/14\/prefeitura-de-sume-realiza-semana-de-mobilizacao-em-combate-ao-aedes-aegypti\/","title":{"rendered":"Prefeitura de Sum\u00e9 realiza Semana de Mobiliza\u00e7\u00e3o em Combate ao Aedes Aegypti"},"content":{"rendered":"<p>A Prefeitura de Sum\u00e9 realizou esta semana uma ampla Mobiliza\u00e7\u00e3o de Conscientiza\u00e7\u00e3o, Preven\u00e7\u00e3o e Combate ao Aedes Aegypti. Um trabalho realizado em conjunto com as equipes das Secretarias de Sa\u00fade e de Educa\u00e7\u00e3o.<\/p>\n<p>As a\u00e7\u00f5es foram realizadas nas escolas da rede municipal de ensino com a participa\u00e7\u00e3o de alunos, professores, diretores, equipe da Vigil\u00e2ncia Epidemiol\u00f3gica e as equipes do Estrat\u00e9gia Sa\u00fade da Fam\u00edlia.<\/p>\n<p>Palestras, caminhadas, panfletagens, distribui\u00e7\u00e3o de peixes que comem a larva do mosquito foram algumas das a\u00e7\u00f5es.<\/p>\n<p>O momento tamb\u00e9m serviu para as atividades do Programa Sa\u00fade na Escola nas Escolas Z\u00e9lia Braz e Jos\u00e9 Bonif\u00e1cio de Andrade que receberam a\u00e7\u00f5es de avalia\u00e7\u00e3o antropom\u00e9trica, escova\u00e7\u00e3o supervisionada, aplica\u00e7\u00e3o de t\u00f3pico de fl\u00faor, vacina\u00e7\u00e3o contra HPV e Meningite, informa\u00e7\u00f5es sobre higiene pessoal e ainda atendimento com a m\u00e9dica pedi\u00e1trica no munic\u00edpio e o m\u00e9dico do Programa Sa\u00fade na Fam\u00edlia.<\/p>\n<p><strong>CARIRI EM A\u00c7\u00c3O<\/strong><\/p>\n<p><em>Com Ascom\/Foto:\u00a0Ascom<\/em><\/p>\n<p><strong>Leia mais not\u00edcias em\u00a0<\/strong><a href=\"http:\/\/www.caririemacao.com\/\"><strong>caririemacao.com<\/strong><\/a><strong>, siga nossa p\u00e1gina no\u00a0<\/strong><a href=\"https:\/\/www.facebook.com\/CaririEmAcao\/?ref=aymt_homepage_panel\"><strong>Facebook<\/strong><\/a>,<strong>\u00a0<\/strong><a href=\"https:\/\/www.instagram.com\/cariri_em_acao\/?hl=pt-br\"><strong>Instagram<\/strong><\/a><strong>\u00a0e\u00a0<\/strong><a href=\"https:\/\/www.youtube.com\/channel\/UCAptA0jQuYQy8vMhLt2m4qg\"><strong>Youtube<\/strong><\/a><strong>\u00a0e veja nossas mat\u00e9rias, v\u00eddeos e fotos. Voc\u00ea tamb\u00e9m pode enviar informa\u00e7\u00f5es \u00e0 Reda\u00e7\u00e3o do Portal Cariri em A\u00e7\u00e3o pelo WhatsApp (83) 9 9634.5791, (83) 9 9601-1162.<\/strong><\/p>\n","protected":false},"excerpt":{"rendered":"<p>A Prefeitura de Sum\u00e9 realizou esta semana uma ampla Mobiliza\u00e7\u00e3o de Conscientiza\u00e7\u00e3o, Preven\u00e7\u00e3o e Combate ao Aedes Aegypti. Um trabalho realizado em conjunto com as&hellip; <\/p>\n","protected":false},"author":2,"featured_media":47683,"comment_status":"closed","ping_status":"closed","sticky":false,"template":"","format":"standard","meta":{"sfsi_plus_gutenberg_text_before_share":"","sfsi_plus_gutenberg_show_text_before_share":"","sfsi_plus_gutenberg_icon_type":"","sfsi_plus_gutenberg_icon_alignemt":"","sfsi_plus_gutenburg_max_per_row":"","footnotes":""},"categories":[6],"tags":[],"class_list":["post-47675","post","type-post","status-publish","format-standard","has-post-thumbnail","hentry","category-cidades"],"_links":{"self":[{"href":"https:\/\/www.caririemacao.com\/1\/wp-json\/wp\/v2\/posts\/47675","targetHints":{"allow":["GET"]}}],"collection":[{"href":"https:\/\/www.caririemacao.com\/1\/wp-json\/wp\/v2\/posts"}],"about":[{"href":"https:\/\/www.caririemacao.com\/1\/wp-json\/wp\/v2\/types\/post"}],"author":[{"embeddable":true,"href":"https:\/\/www.caririemacao.com\/1\/wp-json\/wp\/v2\/users\/2"}],"replies":[{"embeddable":true,"href":"https:\/\/www.caririemacao.com\/1\/wp-json\/wp\/v2\/comments?post=47675"}],"version-history":[{"count":0,"href":"https:\/\/www.caririemacao.com\/1\/wp-json\/wp\/v2\/posts\/47675\/revisions"}],"wp:featuredmedia":[{"embeddable":true,"href":"https:\/\/www.caririemacao.com\/1\/wp-json\/wp\/v2\/media\/47683"}],"wp:attachment":[{"href":"https:\/\/www.caririemacao.com\/1\/wp-json\/wp\/v2\/media?parent=47675"}],"wp:term":[{"taxonomy":"category","embeddable":true,"href":"https:\/\/www.caririemacao.com\/1\/wp-json\/wp\/v2\/categories?post=47675"},{"taxonomy":"post_tag","embeddable":true,"href":"https:\/\/www.caririemacao.com\/1\/wp-json\/wp\/v2\/tags?post=47675"}],"curies":[{"name":"wp","href":"https:\/\/api.w.org\/{rel}","templated":true}]}}