{"id":47695,"date":"2018-04-14T21:10:42","date_gmt":"2018-04-15T00:10:42","guid":{"rendered":"http:\/\/caririemacao.com\/1\/?p=47695"},"modified":"2018-04-14T21:10:42","modified_gmt":"2018-04-15T00:10:42","slug":"divulgado-resultado-dos-processos-seletivos-do-projovem-com-vagas-para-o-cariri","status":"publish","type":"post","link":"https:\/\/www.caririemacao.com\/1\/2018\/04\/14\/divulgado-resultado-dos-processos-seletivos-do-projovem-com-vagas-para-o-cariri\/","title":{"rendered":"Divulgado resultado dos processos seletivos do Projovem com vagas para o Cariri"},"content":{"rendered":"<p>Foi divulgado, no Di\u00e1rio Oficial do Estado desta sexta-feira (13), o resultado dos processos seletivos para o Programa Nacional de Inclus\u00e3o de Jovens (Projovem), nas edi\u00e7\u00f5es Urbana e Campo. Foram oferecidas 242 vagas em dois editais, sendo 167 para o Projovem Urbano, e 75 para o Projovem Campo.<\/p>\n<p><a href=\"http:\/\/static.paraiba.pb.gov.br\/2018\/04\/Diario-Oficial-13-04-2018-PORTAL.pdf\">Clique aqui para conferir o resultado.\u00a0<\/a><\/p>\n<p>No Projovem Urbano, as vagas ser\u00e3o distribu\u00eddas dentre as cidades de Jo\u00e3o Pessoa, Bayeux, Cabedelo, Rio Tinto,\u00a0Boqueir\u00e3o,\u00a0Umbuzeiro, Campina Grande,\u00a0Cabaceiras, Picu\u00ed, Cuit\u00e9, Itaporanga, Ibiara, Juru, Princesa Isabel, Uira\u00fana, S\u00e3o Jos\u00e9 de Piranhas e Cajazeiras. Os sal\u00e1rios variam entre R$ 1.700 e R$ 1.950.<\/p>\n<p>J\u00e1 no Projovem Campo, os selecionados v\u00e3o trabalhar em polos nas cidades de Santa Rita, Sap\u00e9, Bananeiras, Cacimba de Dentro, Bel\u00e9m, Ara\u00e7agi, Arara, Queimadas, Esperan\u00e7a, Patos, Santa Terezinha, S\u00e3o Mamede, Peras de Fogo, Juripiranga e Salgado de S\u00e3o F\u00e9lix. Os sal\u00e1rios variam de R$ 1 mil a R$ 1.700.<\/p>\n<p><strong>CARIRI EM A\u00c7\u00c3O<\/strong><\/p>\n<p><em>Com Jornal da Para\u00edbaFoto: Reprodu\u00e7\u00e3o google<\/em><\/p>\n<p><strong>Leia mais not\u00edcias em\u00a0<\/strong><a href=\"http:\/\/www.caririemacao.com\/\"><strong>caririemacao.com<\/strong><\/a><strong>, siga nossa p\u00e1gina no\u00a0<\/strong><a href=\"https:\/\/www.facebook.com\/CaririEmAcao\/?ref=aymt_homepage_panel\"><strong>Facebook<\/strong><\/a>,<strong>\u00a0<\/strong><a href=\"https:\/\/www.instagram.com\/cariri_em_acao\/?hl=pt-br\"><strong>Instagram<\/strong><\/a><strong>\u00a0e\u00a0<\/strong><a href=\"https:\/\/www.youtube.com\/channel\/UCAptA0jQuYQy8vMhLt2m4qg\"><strong>Youtube<\/strong><\/a><strong>\u00a0e veja nossas mat\u00e9rias, v\u00eddeos e fotos. Voc\u00ea tamb\u00e9m pode enviar informa\u00e7\u00f5es \u00e0 Reda\u00e7\u00e3o do Portal Cariri em A\u00e7\u00e3o pelo WhatsApp (83) 9 9634.5791, (83) 9 9601-1162.<\/strong><\/p>\n","protected":false},"excerpt":{"rendered":"<p>Foi divulgado, no Di\u00e1rio Oficial do Estado desta sexta-feira (13), o resultado dos processos seletivos para o Programa Nacional de Inclus\u00e3o de Jovens (Projovem), nas&hellip; <\/p>\n","protected":false},"author":2,"featured_media":39464,"comment_status":"closed","ping_status":"closed","sticky":false,"template":"","format":"standard","meta":{"sfsi_plus_gutenberg_text_before_share":"","sfsi_plus_gutenberg_show_text_before_share":"","sfsi_plus_gutenberg_icon_type":"","sfsi_plus_gutenberg_icon_alignemt":"","sfsi_plus_gutenburg_max_per_row":"","footnotes":""},"categories":[14],"tags":[],"class_list":["post-47695","post","type-post","status-publish","format-standard","has-post-thumbnail","hentry","category-educacao"],"_links":{"self":[{"href":"https:\/\/www.caririemacao.com\/1\/wp-json\/wp\/v2\/posts\/47695","targetHints":{"allow":["GET"]}}],"collection":[{"href":"https:\/\/www.caririemacao.com\/1\/wp-json\/wp\/v2\/posts"}],"about":[{"href":"https:\/\/www.caririemacao.com\/1\/wp-json\/wp\/v2\/types\/post"}],"author":[{"embeddable":true,"href":"https:\/\/www.caririemacao.com\/1\/wp-json\/wp\/v2\/users\/2"}],"replies":[{"embeddable":true,"href":"https:\/\/www.caririemacao.com\/1\/wp-json\/wp\/v2\/comments?post=47695"}],"version-history":[{"count":0,"href":"https:\/\/www.caririemacao.com\/1\/wp-json\/wp\/v2\/posts\/47695\/revisions"}],"wp:featuredmedia":[{"embeddable":true,"href":"https:\/\/www.caririemacao.com\/1\/wp-json\/wp\/v2\/media\/39464"}],"wp:attachment":[{"href":"https:\/\/www.caririemacao.com\/1\/wp-json\/wp\/v2\/media?parent=47695"}],"wp:term":[{"taxonomy":"category","embeddable":true,"href":"https:\/\/www.caririemacao.com\/1\/wp-json\/wp\/v2\/categories?post=47695"},{"taxonomy":"post_tag","embeddable":true,"href":"https:\/\/www.caririemacao.com\/1\/wp-json\/wp\/v2\/tags?post=47695"}],"curies":[{"name":"wp","href":"https:\/\/api.w.org\/{rel}","templated":true}]}}