{"id":47700,"date":"2018-04-14T21:15:30","date_gmt":"2018-04-15T00:15:30","guid":{"rendered":"http:\/\/caririemacao.com\/1\/?p=47700"},"modified":"2018-04-14T21:16:50","modified_gmt":"2018-04-15T00:16:50","slug":"ricardo-veta-isencao-de-taxa-para-aquisicao-e-renovacao-de-cnh-para-militares","status":"publish","type":"post","link":"https:\/\/www.caririemacao.com\/1\/2018\/04\/14\/ricardo-veta-isencao-de-taxa-para-aquisicao-e-renovacao-de-cnh-para-militares\/","title":{"rendered":"Ricardo veta isen\u00e7\u00e3o de taxa para aquisi\u00e7\u00e3o e renova\u00e7\u00e3o de CNH para militares"},"content":{"rendered":"<p>O governador Ricardo Coutinho vetou o projeto de lei, aprovado na Assembleia Legislativa, de autoria do deputado Tr\u00f3colli J\u00fanior (Podemos), da base aliada do Pal\u00e1cio da Reden\u00e7\u00e3o. De acordo com a propositura, ficam regulamentados os procedimentos para a isen\u00e7\u00e3o do pagamento de taxa para aquisi\u00e7\u00e3o, renova\u00e7\u00e3o, adi\u00e7\u00e3o e\/ou mudan\u00e7a de categoria da Carteira Nacional de Habilita\u00e7\u00e3o ( CNH) aos policiais e bombeiros militares estaduais em efetivo exerc\u00edcio no Sistema Operacional de Seguran\u00e7a P\u00fablica.<\/p>\n<p>Conforme o projeto, \u201centende-se por efetivo exerc\u00edcio no Sistema Operacional de Seguran\u00e7a\u00a0P\u00fablica: os policiais militares no exerc\u00edcio da fun\u00e7\u00e3o nas opera\u00e7\u00f5es de prote\u00e7\u00e3o e defesa\u00a0do cidad\u00e3o e os militares do Corpo de Bombeiros no exerc\u00edcio da fun\u00e7\u00e3o no atendimento de\u00a0ocorr\u00eancias e de socorro \u00e0s v\u00edtimas\u201d.<\/p>\n<p>Ainda de acordo com o projeto, os servi\u00e7os para aquisi\u00e7\u00e3o, troca da Permiss\u00e3o Para Dirigir \u2013 PPD pela CNH, renova\u00e7\u00e3o, adi\u00e7\u00e3o e\/ou mudan\u00e7a de categoria dever\u00e3o ser\u00a0requeridos junto \u00e0s unidades de atendimento\/habilita\u00e7\u00e3o do Detran-PB, devendo ser informada pelo\u00a0interessado, no momento em que a atendente efetiva a abertura do servi\u00e7o, a pretens\u00e3o pela isen\u00e7\u00e3o da lei.<\/p>\n<h4>Raz\u00f5es do veto<\/h4>\n<p>Ao justificar o veto, Ricardo Coutinho explica que \u201cficam feridos os princ\u00edpios constitucionais da razoabilidade e isonomia a partir do momento em que se beneficia \u2014 sem uma justificativa plaus\u00edvel \u2014 uma categoria profissional e detrimento das demais, como s\u00e3o os casos dos policiais civis, agentes penitenci\u00e1rios, motoristas de ambul\u00e2ncias, professores, etc\u201d.<\/p>\n<p>Acrescenta que, se sancionasse o projeto, o governo estaria abrindo m\u00e3o de uma arrecada\u00e7\u00e3o importante na receita do Detran sem o devido estudo de impacto financeiro nos cofres do tesouro estadual.<\/p>\n<p><strong>CARIRI EM A\u00c7\u00c3O<\/strong><\/p>\n<p><em>Com Jornal da Para\u00edba\/Foto: Reprodu\u00e7\u00e3o google<\/em><\/p>\n<p><strong>Leia mais not\u00edcias em\u00a0<\/strong><a href=\"http:\/\/www.caririemacao.com\/\"><strong>caririemacao.com<\/strong><\/a><strong>, siga nossa p\u00e1gina no\u00a0<\/strong><a href=\"https:\/\/www.facebook.com\/CaririEmAcao\/?ref=aymt_homepage_panel\"><strong>Facebook<\/strong><\/a>,<strong>\u00a0<\/strong><a href=\"https:\/\/www.instagram.com\/cariri_em_acao\/?hl=pt-br\"><strong>Instagram<\/strong><\/a><strong>\u00a0e\u00a0<\/strong><a href=\"https:\/\/www.youtube.com\/channel\/UCAptA0jQuYQy8vMhLt2m4qg\"><strong>Youtube<\/strong><\/a><strong>\u00a0e veja nossas mat\u00e9rias, v\u00eddeos e fotos. Voc\u00ea tamb\u00e9m pode enviar informa\u00e7\u00f5es \u00e0 Reda\u00e7\u00e3o do Portal Cariri em A\u00e7\u00e3o pelo WhatsApp (83) 9 9634.5791, (83) 9 9601-1162.<\/strong><\/p>\n","protected":false},"excerpt":{"rendered":"<p>O governador Ricardo Coutinho vetou o projeto de lei, aprovado na Assembleia Legislativa, de autoria do deputado Tr\u00f3colli J\u00fanior (Podemos), da base aliada do Pal\u00e1cio&hellip; <\/p>\n","protected":false},"author":2,"featured_media":43251,"comment_status":"closed","ping_status":"closed","sticky":false,"template":"","format":"standard","meta":{"sfsi_plus_gutenberg_text_before_share":"","sfsi_plus_gutenberg_show_text_before_share":"","sfsi_plus_gutenberg_icon_type":"","sfsi_plus_gutenberg_icon_alignemt":"","sfsi_plus_gutenburg_max_per_row":"","footnotes":""},"categories":[11],"tags":[],"class_list":["post-47700","post","type-post","status-publish","format-standard","has-post-thumbnail","hentry","category-politica"],"_links":{"self":[{"href":"https:\/\/www.caririemacao.com\/1\/wp-json\/wp\/v2\/posts\/47700","targetHints":{"allow":["GET"]}}],"collection":[{"href":"https:\/\/www.caririemacao.com\/1\/wp-json\/wp\/v2\/posts"}],"about":[{"href":"https:\/\/www.caririemacao.com\/1\/wp-json\/wp\/v2\/types\/post"}],"author":[{"embeddable":true,"href":"https:\/\/www.caririemacao.com\/1\/wp-json\/wp\/v2\/users\/2"}],"replies":[{"embeddable":true,"href":"https:\/\/www.caririemacao.com\/1\/wp-json\/wp\/v2\/comments?post=47700"}],"version-history":[{"count":0,"href":"https:\/\/www.caririemacao.com\/1\/wp-json\/wp\/v2\/posts\/47700\/revisions"}],"wp:featuredmedia":[{"embeddable":true,"href":"https:\/\/www.caririemacao.com\/1\/wp-json\/wp\/v2\/media\/43251"}],"wp:attachment":[{"href":"https:\/\/www.caririemacao.com\/1\/wp-json\/wp\/v2\/media?parent=47700"}],"wp:term":[{"taxonomy":"category","embeddable":true,"href":"https:\/\/www.caririemacao.com\/1\/wp-json\/wp\/v2\/categories?post=47700"},{"taxonomy":"post_tag","embeddable":true,"href":"https:\/\/www.caririemacao.com\/1\/wp-json\/wp\/v2\/tags?post=47700"}],"curies":[{"name":"wp","href":"https:\/\/api.w.org\/{rel}","templated":true}]}}