{"id":47704,"date":"2018-04-14T21:20:43","date_gmt":"2018-04-15T00:20:43","guid":{"rendered":"http:\/\/caririemacao.com\/1\/?p=47704"},"modified":"2018-04-14T21:20:43","modified_gmt":"2018-04-15T00:20:43","slug":"presidente-em-exercicio-do-senado-prioriza-pauta-de-seguranca-e-investimento-no-ne","status":"publish","type":"post","link":"https:\/\/www.caririemacao.com\/1\/2018\/04\/14\/presidente-em-exercicio-do-senado-prioriza-pauta-de-seguranca-e-investimento-no-ne\/","title":{"rendered":"Presidente em exerc\u00edcio do Senado prioriza pauta de seguran\u00e7a e investimento no NE"},"content":{"rendered":"<p>Na presid\u00eancia em exerc\u00edcio do Senado at\u00e9 o dia 20, o senador C\u00e1ssio Cunha Lima (PSDB), informou que dar\u00e1 continuidade \u00e0 pauta priorit\u00e1ria de seguran\u00e7a p\u00fablica, de\u00a0desenvolvimento econ\u00f4mico e investimentos no Nordeste, na pr\u00f3xima semana. O representante da Para\u00edba substitui o presidente Eun\u00edcio Oliveira, que participa, de 14 a 20 de abril, de um interc\u00e2mbio parlamentar no\u00a0Jap\u00e3o, a convite do governo japon\u00eas.<\/p>\n<p>\u201cVamos manter o ritmo de trabalho do presidente Eun\u00edcio, principalmente no que diz respeito a vota\u00e7\u00f5es relacionadas \u00e0 seguran\u00e7a e \u00e0s\u00a0reformas microecon\u00f4micas\u201d,\u00a0 afirmou o senador paraibano.<\/p>\n<p>C\u00e1ssio disse que n\u00e3o haver\u00e1 tempo, no entanto, para que o Senado vote na pr\u00f3xima semana o projeto que cria o\u00a0Sistema \u00danico de Seguran\u00e7a (PLC 19\/2018), aprovado no \u00faltimo dia 11 pela C\u00e2mara dos Deputados.<\/p>\n<p>\u201cAguardaremos o envio da proposta aprovada na C\u00e2mara, mas n\u00e3o acredito que seja poss\u00edvel votar. Para a pr\u00f3xima semana, vamos convocar a Mesa para uma reuni\u00e3o na ter\u00e7a-feira, com temas represados h\u00e1 algum tempo e vamos tratar de assuntos relativos ao Nordeste\u201d, informou o tucano.<\/p>\n<p><strong>CARIRI EM A\u00c7\u00c3O<\/strong><\/p>\n<p><em>Com Jornal da Para\u00edba\/Foto: Reprodu\u00e7\u00e3o google<\/em><\/p>\n<p><strong>Leia mais not\u00edcias em\u00a0<\/strong><a href=\"http:\/\/www.caririemacao.com\/\"><strong>caririemacao.com<\/strong><\/a><strong>, siga nossa p\u00e1gina no\u00a0<\/strong><a href=\"https:\/\/www.facebook.com\/CaririEmAcao\/?ref=aymt_homepage_panel\"><strong>Facebook<\/strong><\/a>,<strong>\u00a0<\/strong><a href=\"https:\/\/www.instagram.com\/cariri_em_acao\/?hl=pt-br\"><strong>Instagram<\/strong><\/a><strong>\u00a0e\u00a0<\/strong><a href=\"https:\/\/www.youtube.com\/channel\/UCAptA0jQuYQy8vMhLt2m4qg\"><strong>Youtube<\/strong><\/a><strong>\u00a0e veja nossas mat\u00e9rias, v\u00eddeos e fotos. Voc\u00ea tamb\u00e9m pode enviar informa\u00e7\u00f5es \u00e0 Reda\u00e7\u00e3o do Portal Cariri em A\u00e7\u00e3o pelo WhatsApp (83) 9 9634.5791, (83) 9 9601-1162.<\/strong><\/p>\n","protected":false},"excerpt":{"rendered":"<p>Na presid\u00eancia em exerc\u00edcio do Senado at\u00e9 o dia 20, o senador C\u00e1ssio Cunha Lima (PSDB), informou que dar\u00e1 continuidade \u00e0 pauta priorit\u00e1ria de seguran\u00e7a&hellip; <\/p>\n","protected":false},"author":2,"featured_media":23210,"comment_status":"closed","ping_status":"closed","sticky":false,"template":"","format":"standard","meta":{"sfsi_plus_gutenberg_text_before_share":"","sfsi_plus_gutenberg_show_text_before_share":"","sfsi_plus_gutenberg_icon_type":"","sfsi_plus_gutenberg_icon_alignemt":"","sfsi_plus_gutenburg_max_per_row":"","footnotes":""},"categories":[11],"tags":[],"class_list":["post-47704","post","type-post","status-publish","format-standard","has-post-thumbnail","hentry","category-politica"],"_links":{"self":[{"href":"https:\/\/www.caririemacao.com\/1\/wp-json\/wp\/v2\/posts\/47704","targetHints":{"allow":["GET"]}}],"collection":[{"href":"https:\/\/www.caririemacao.com\/1\/wp-json\/wp\/v2\/posts"}],"about":[{"href":"https:\/\/www.caririemacao.com\/1\/wp-json\/wp\/v2\/types\/post"}],"author":[{"embeddable":true,"href":"https:\/\/www.caririemacao.com\/1\/wp-json\/wp\/v2\/users\/2"}],"replies":[{"embeddable":true,"href":"https:\/\/www.caririemacao.com\/1\/wp-json\/wp\/v2\/comments?post=47704"}],"version-history":[{"count":0,"href":"https:\/\/www.caririemacao.com\/1\/wp-json\/wp\/v2\/posts\/47704\/revisions"}],"wp:featuredmedia":[{"embeddable":true,"href":"https:\/\/www.caririemacao.com\/1\/wp-json\/wp\/v2\/media\/23210"}],"wp:attachment":[{"href":"https:\/\/www.caririemacao.com\/1\/wp-json\/wp\/v2\/media?parent=47704"}],"wp:term":[{"taxonomy":"category","embeddable":true,"href":"https:\/\/www.caririemacao.com\/1\/wp-json\/wp\/v2\/categories?post=47704"},{"taxonomy":"post_tag","embeddable":true,"href":"https:\/\/www.caririemacao.com\/1\/wp-json\/wp\/v2\/tags?post=47704"}],"curies":[{"name":"wp","href":"https:\/\/api.w.org\/{rel}","templated":true}]}}