{"id":47705,"date":"2018-04-14T21:21:29","date_gmt":"2018-04-15T00:21:29","guid":{"rendered":"http:\/\/caririemacao.com\/1\/?p=47705"},"modified":"2018-04-14T21:21:29","modified_gmt":"2018-04-15T00:21:29","slug":"paraibano-que-criou-tornozeleira-eletronica-inventa-nova-ferramenta","status":"publish","type":"post","link":"https:\/\/www.caririemacao.com\/1\/2018\/04\/14\/paraibano-que-criou-tornozeleira-eletronica-inventa-nova-ferramenta\/","title":{"rendered":"Paraibano que criou tornozeleira eletr\u00f4nica inventa nova ferramenta"},"content":{"rendered":"<p>Mais uma novidade \u00e9 lan\u00e7ada na terra que inovou com a tornozeleira eletr\u00f4nica. O juiz Bruno C\u00e9sar, que tamb\u00e9m foi respons\u00e1vel por trazer o uso de tornozeleira ao Brasil, apresentou uma ferramenta que monitora detentos que cumprem pena em regime semi-aberto. O aplicativo realiza comandos como leitura facial, reconhecimento de voz, e detec\u00e7\u00e3o de digital.<\/p>\n<p>O aplicativo vai ser implantando nos celulares dos pr\u00f3prios detentos, e o manuseio ser\u00e1 pr\u00e1tico e com linguagem simples. Enquanto n\u00e3o estiver no pres\u00eddio, o albergado deve obedecer aos comandos enviados pela ferramenta.<br \/>\nO projeto nasceu em uma parceria do Tribunal de Justi\u00e7a da Para\u00edba com uma turma de Direito da Universidade Estadual da Para\u00edba (UEPB). No fim do m\u00eas de abril, o projeto vai ser implantado em modo de teste e promete atualizar o campo do monitoramento tecnol\u00f3gico.<\/p>\n<p>\u201cTivemos a oportunidade de divulgar ao Brasil h\u00e1 10 anos a tornozeleira, e agora vimos a necessidade de uma maior evolu\u00e7\u00e3o, j\u00e1 que tecnologia \u00e9 algo que est\u00e1 em constante mudan\u00e7a\u201d, conta ao\u00a0<strong>Portal MaisPB<\/strong>\u00a0o juiz Bruno C\u00e9sar, que tamb\u00e9m \u00e9 professor universit\u00e1rio.<\/p>\n<p>O detento que utilizar a ferramenta, n\u00e3o vai precisar usar a tornozeleira. As duas ferramentas fazem a mesma fun\u00e7\u00e3o, mas o primeiro acess\u00f3rio n\u00e3o vai entrar em desuso. \u201c\u00c9 a mesma coisa dos modelos de carro: um tem mais tecnologia, ou \u00e9 mais confort\u00e1vel, mas todos t\u00eam a mesma fun\u00e7\u00e3o\u201d, explica o professor.<\/p>\n<p>O uso do chip inserido na pele para identificar e monitorar os presidi\u00e1rios j\u00e1 foi considerado uma op\u00e7\u00e3o, mas atualmente n\u00e3o se leva mais em conta essa possibilidade. O juiz explica que o m\u00e9todo n\u00e3o foi \u00e0 frente por ser invasivo. Isso geraria um grau de resist\u00eancia jur\u00eddica, al\u00e9m de movimentar quest\u00f5es religiosas.<\/p>\n<p>Acess\u00edvel, mas nem tanto. O aplicativo n\u00e3o vai ser para todos os grupos de presidi\u00e1rios. Fatores como confiabilidade, grau de periculosidade ser\u00e3o levados em conta na hora de escolher os usu\u00e1rios.<\/p>\n<p>A fase de testes come\u00e7a no dia 30 de abril, e deve durar cerca de dois meses. Caso seja aprovado, passa a valer imediatamente na Para\u00edba. Para ser usado em todos pa\u00eds, \u00e9 necess\u00e1rio que os estados tenham interesse em utilizar o servi\u00e7o e fa\u00e7am a implementa\u00e7\u00e3o, assim como foi com a tornozeleira eletr\u00f4nica.<\/p>\n<p>O Brasil \u00e9 o terceiro pa\u00eds com maior n\u00famero de pessoas presas. Em 2016, o Levantamento Nacional de Informa\u00e7\u00f5es Penitenci\u00e1rias (Infopen) revelou que mais 720 mil pessoas vivem encarceradas. Atualmente, o n\u00famero j\u00e1 ultrapassa os 800 mil. A nova ferramenta \u00e9 mais um passo de evolu\u00e7\u00e3o.<\/p>\n<p>\u201c\u00c9 uma nova ferramenta pra demonstrar outros caminhos de aplica\u00e7\u00e3o de medidas, j\u00e1 que o estado brasileiro est\u00e1 tentando implementar medidas alternativas \u00e0 popula\u00e7\u00e3o carcer\u00e1ria\u201d, explicou o professor.<\/p>\n<p><strong>\u00a0<\/strong><strong>CARIRI EM A\u00c7\u00c3O<\/strong><\/p>\n<p><em>Com <strong>MaisPB<\/strong> \/Foto: Reprodu\u00e7\u00e3o Internet<\/em><\/p>\n<p><strong>Leia mais not\u00edcias em\u00a0<\/strong><a href=\"http:\/\/www.caririemacao.com\/\"><strong>caririemacao.com<\/strong><\/a><strong>, siga nossa p\u00e1gina no\u00a0<\/strong><a href=\"https:\/\/www.facebook.com\/CaririEmAcao\/?ref=aymt_homepage_panel\"><strong>Facebook<\/strong><\/a>,<strong>\u00a0<\/strong><a href=\"https:\/\/www.instagram.com\/cariri_em_acao\/?hl=pt-br\"><strong>Instagram<\/strong><\/a><strong>\u00a0e <\/strong><a href=\"https:\/\/www.youtube.com\/channel\/UCAptA0jQuYQy8vMhLt2m4qg\"><strong>Youtube<\/strong><\/a><strong>\u00a0e veja nossas mat\u00e9rias, v\u00eddeos e fotos. Voc\u00ea tamb\u00e9m pode enviar informa\u00e7\u00f5es \u00e0 Reda\u00e7\u00e3o do Portal Cariri em A\u00e7\u00e3o pelo WhatsApp (83) 9 9634.5791, (83) 9 9601-1162.<\/strong><\/p>\n","protected":false},"excerpt":{"rendered":"<p>Mais uma novidade \u00e9 lan\u00e7ada na terra que inovou com a tornozeleira eletr\u00f4nica. O juiz Bruno C\u00e9sar, que tamb\u00e9m foi respons\u00e1vel por trazer o uso&hellip; <\/p>\n","protected":false},"author":2,"featured_media":47706,"comment_status":"closed","ping_status":"closed","sticky":false,"template":"","format":"standard","meta":{"sfsi_plus_gutenberg_text_before_share":"","sfsi_plus_gutenberg_show_text_before_share":"","sfsi_plus_gutenberg_icon_type":"","sfsi_plus_gutenberg_icon_alignemt":"","sfsi_plus_gutenburg_max_per_row":"","footnotes":""},"categories":[2],"tags":[],"class_list":["post-47705","post","type-post","status-publish","format-standard","has-post-thumbnail","hentry","category-geral"],"_links":{"self":[{"href":"https:\/\/www.caririemacao.com\/1\/wp-json\/wp\/v2\/posts\/47705","targetHints":{"allow":["GET"]}}],"collection":[{"href":"https:\/\/www.caririemacao.com\/1\/wp-json\/wp\/v2\/posts"}],"about":[{"href":"https:\/\/www.caririemacao.com\/1\/wp-json\/wp\/v2\/types\/post"}],"author":[{"embeddable":true,"href":"https:\/\/www.caririemacao.com\/1\/wp-json\/wp\/v2\/users\/2"}],"replies":[{"embeddable":true,"href":"https:\/\/www.caririemacao.com\/1\/wp-json\/wp\/v2\/comments?post=47705"}],"version-history":[{"count":0,"href":"https:\/\/www.caririemacao.com\/1\/wp-json\/wp\/v2\/posts\/47705\/revisions"}],"wp:featuredmedia":[{"embeddable":true,"href":"https:\/\/www.caririemacao.com\/1\/wp-json\/wp\/v2\/media\/47706"}],"wp:attachment":[{"href":"https:\/\/www.caririemacao.com\/1\/wp-json\/wp\/v2\/media?parent=47705"}],"wp:term":[{"taxonomy":"category","embeddable":true,"href":"https:\/\/www.caririemacao.com\/1\/wp-json\/wp\/v2\/categories?post=47705"},{"taxonomy":"post_tag","embeddable":true,"href":"https:\/\/www.caririemacao.com\/1\/wp-json\/wp\/v2\/tags?post=47705"}],"curies":[{"name":"wp","href":"https:\/\/api.w.org\/{rel}","templated":true}]}}