{"id":47713,"date":"2018-04-15T10:29:03","date_gmt":"2018-04-15T13:29:03","guid":{"rendered":"http:\/\/caririemacao.com\/1\/?p=47713"},"modified":"2018-04-15T12:45:02","modified_gmt":"2018-04-15T15:45:02","slug":"termina-amanha-prazo-para-pedir-isencao-na-taxa-de-inscricao-do-enem","status":"publish","type":"post","link":"https:\/\/www.caririemacao.com\/1\/2018\/04\/15\/termina-amanha-prazo-para-pedir-isencao-na-taxa-de-inscricao-do-enem\/","title":{"rendered":"Termina hoje o prazo para pedir isen\u00e7\u00e3o na taxa de inscri\u00e7\u00e3o do Enem"},"content":{"rendered":"<p>Carlos Alexandre Carneiro Vaz, morador do Distrito Federal, trabalha como zelador durante o dia e pizzaiolo \u00e0 noite. Ele tem um sonho antigo: fazer faculdade de enfermagem. Para isso, vai fazer neste ano o Exame Nacional do Ensino M\u00e9dio (Enem) para tentar uma vaga no ensino superior.<\/p>\n<p>\u201cIsso j\u00e1 vem dos meus pais, que n\u00e3o conseguiram e tentaram que eu fizesse, mas n\u00e3o dei conta tamb\u00e9m quando era jovem, por que as oportunidades foram poucas. Mas agora surgiu essa oportunidade, e estou agarrando com unhas e dentes\u201d, disse Carlos.<\/p>\n<p>Por ter estudado em escola p\u00fablica e ter renda familiar per capita de menos de um sal\u00e1rio m\u00ednimo e meio, ele j\u00e1 pediu a isen\u00e7\u00e3o da taxa de inscri\u00e7\u00e3o no Enem, que custa R$ 82. \u201cPara mim ia ficar caro pagar essa taxa. Tenho tr\u00eas filhos, a\u00ed fica pesado\u201d, diz.<\/p>\n<p>O prazo para pedir a isen\u00e7\u00e3o da taxa de inscri\u00e7\u00e3o no Enem termina \u00e0s 23h59 de hoje (15), pelo hor\u00e1rio de Bras\u00edlia. O benef\u00edcio pode ser solicitado na\u00a0p\u00e1gina do Enem.<\/p>\n<p>O resultado da solicita\u00e7\u00e3o ser\u00e1 divulgado no dia 23 de abril, e os candidatos que tiverem o pedido negado ter\u00e3o at\u00e9 o dia 29 de abril para apresentar recurso da decis\u00e3o. Quem teve isen\u00e7\u00e3o concedida no ano passado e faltou aos dois dias de prova ter\u00e1 que justificar a aus\u00eancia para ter a gratuidade novamente.<\/p>\n<p>Mas aten\u00e7\u00e3o: o pedido de isen\u00e7\u00e3o n\u00e3o garante a inscri\u00e7\u00e3o no exame. Todos os interessados em fazer o Enem 2018, isentos ou n\u00e3o, tamb\u00e9m dever\u00e3o fazer a inscri\u00e7\u00e3o entre os dias 7 e 18 de maio.<\/p>\n<p>Quem tem direito \u00e0 isen\u00e7\u00e3o:<\/p>\n<p>&#8211; Quem est\u00e1 cursando a \u00faltima s\u00e9rie do ensino m\u00e9dio neste ano em escola da rede p\u00fablica<\/p>\n<p>&#8211; Quem cursou todo o ensino m\u00e9dio em escola da rede p\u00fablica ou como bolsista integral na rede privada e tenha renda per capita igual ou inferior a um sal\u00e1rio m\u00ednimo e meio<\/p>\n<p>&#8211; Quem declarar situa\u00e7\u00e3o de vulnerabilidade socioecon\u00f4mica, por ser membro de fam\u00edlia de baixa renda, e que esteja inscrito no Cadastro \u00danico para Programas Sociais do Governo Federal (Cad\u00danico)<\/p>\n<p>&#8211; Quem fez o Exame Nacional para Certifica\u00e7\u00e3o de Compet\u00eancias de Jovens e Adultos (Encceja) do ano passado, que tenha atingido a nota m\u00ednima.<\/p>\n<p><strong>CARIRI EM A\u00c7\u00c3O<\/strong><\/p>\n<p><em>Com Ag\u00eancia Brasil\/Foto: Reprodu\u00e7\u00e3o google<\/em><\/p>\n<p><strong>Leia mais not\u00edcias em\u00a0<\/strong><a href=\"http:\/\/www.caririemacao.com\/\"><strong>caririemacao.com<\/strong><\/a><strong>, siga nossa p\u00e1gina no\u00a0<\/strong><a href=\"https:\/\/www.facebook.com\/CaririEmAcao\/?ref=aymt_homepage_panel\"><strong>Facebook<\/strong><\/a>,<strong>\u00a0<\/strong><a href=\"https:\/\/www.instagram.com\/cariri_em_acao\/?hl=pt-br\"><strong>Instagram<\/strong><\/a><strong>\u00a0e\u00a0<\/strong><a href=\"https:\/\/www.youtube.com\/channel\/UCAptA0jQuYQy8vMhLt2m4qg\"><strong>Youtube<\/strong><\/a><strong>\u00a0e veja nossas mat\u00e9rias, v\u00eddeos e fotos. Voc\u00ea tamb\u00e9m pode enviar informa\u00e7\u00f5es \u00e0 Reda\u00e7\u00e3o do Portal Cariri em A\u00e7\u00e3o pelo WhatsApp (83) 9 9634.5791, (83) 9 9601-1162.<\/strong><\/p>\n","protected":false},"excerpt":{"rendered":"<p>Carlos Alexandre Carneiro Vaz, morador do Distrito Federal, trabalha como zelador durante o dia e pizzaiolo \u00e0 noite. Ele tem um sonho antigo: fazer faculdade&hellip; <\/p>\n","protected":false},"author":2,"featured_media":37373,"comment_status":"closed","ping_status":"closed","sticky":false,"template":"","format":"standard","meta":{"sfsi_plus_gutenberg_text_before_share":"","sfsi_plus_gutenberg_show_text_before_share":"","sfsi_plus_gutenberg_icon_type":"","sfsi_plus_gutenberg_icon_alignemt":"","sfsi_plus_gutenburg_max_per_row":"","footnotes":""},"categories":[14],"tags":[],"class_list":["post-47713","post","type-post","status-publish","format-standard","has-post-thumbnail","hentry","category-educacao"],"_links":{"self":[{"href":"https:\/\/www.caririemacao.com\/1\/wp-json\/wp\/v2\/posts\/47713","targetHints":{"allow":["GET"]}}],"collection":[{"href":"https:\/\/www.caririemacao.com\/1\/wp-json\/wp\/v2\/posts"}],"about":[{"href":"https:\/\/www.caririemacao.com\/1\/wp-json\/wp\/v2\/types\/post"}],"author":[{"embeddable":true,"href":"https:\/\/www.caririemacao.com\/1\/wp-json\/wp\/v2\/users\/2"}],"replies":[{"embeddable":true,"href":"https:\/\/www.caririemacao.com\/1\/wp-json\/wp\/v2\/comments?post=47713"}],"version-history":[{"count":0,"href":"https:\/\/www.caririemacao.com\/1\/wp-json\/wp\/v2\/posts\/47713\/revisions"}],"wp:featuredmedia":[{"embeddable":true,"href":"https:\/\/www.caririemacao.com\/1\/wp-json\/wp\/v2\/media\/37373"}],"wp:attachment":[{"href":"https:\/\/www.caririemacao.com\/1\/wp-json\/wp\/v2\/media?parent=47713"}],"wp:term":[{"taxonomy":"category","embeddable":true,"href":"https:\/\/www.caririemacao.com\/1\/wp-json\/wp\/v2\/categories?post=47713"},{"taxonomy":"post_tag","embeddable":true,"href":"https:\/\/www.caririemacao.com\/1\/wp-json\/wp\/v2\/tags?post=47713"}],"curies":[{"name":"wp","href":"https:\/\/api.w.org\/{rel}","templated":true}]}}