{"id":47720,"date":"2018-04-14T21:38:00","date_gmt":"2018-04-15T00:38:00","guid":{"rendered":"http:\/\/caririemacao.com\/1\/?p=47720"},"modified":"2018-04-14T21:38:00","modified_gmt":"2018-04-15T00:38:00","slug":"petista-sugere-fechar-stf-e-diz-que-barroso-pratica-idiotices","status":"publish","type":"post","link":"https:\/\/www.caririemacao.com\/1\/2018\/04\/14\/petista-sugere-fechar-stf-e-diz-que-barroso-pratica-idiotices\/","title":{"rendered":"Petista sugere fechar STF e diz que Barroso pratica \u201cidiotices\u201d"},"content":{"rendered":"<p>Ex-presidente da Ordem dos Advogados do Brasil no Rio de Janeiro (OAB-RJ), o deputado federal Wadih Damous (PT-RJ) gravou um v\u00eddeo e o veiculou no YouTube com duras cr\u00edticas ao Supremo Tribunal Federal (STF) e, particularmente, ao ministro Lu\u00eds Roberto Barroso, que tem tomado decis\u00f5es na corte desfavor\u00e1veis ao ex-presidente Lula, preso desde s\u00e1bado (7). Um dos membros do PT que mais se envolvem em assuntos jur\u00eddicos, devido \u00e0 sua forma\u00e7\u00e3o, Wadih chega a sugerir o fechamento do STF e faz men\u00e7\u00e3o a \u201cidiotices\u201d de Barroso como juiz.<\/p>\n<p>\u201cLu\u00eds Roberto Barroso \u00e9, seguramente, o pior ministro do Supremo Tribunal Federal dos \u00faltimos tempos. \u00c9 um mal para a democracia, um mal para o Direito, um mal para o Supremo. \u00c9 uma mal para o povo brasileiro\u201d, diz o deputado, no v\u00eddeo de menos de dois minutos.<\/p>\n<p>A queixa do deputado \u00e9 relativa \u00e0 tese defendida pelo PT a respeito da execu\u00e7\u00e3o antecipada da pena condenat\u00f3ria. O partido menciona a cl\u00e1usula p\u00e9trea referente \u00e0 presun\u00e7\u00e3o de inoc\u00eancia para defender que investigados s\u00f3 sejam presos em \u00faltima inst\u00e2ncia, ou seja, depois de esgotadas todas as possibilidades de recurso. Nesse sentido, Wadih lembra que Barroso \u00e9 um dos cr\u00edticos recorrentes desse entendimento, que assegura ao condenado permanecer livre enquanto os lentos tr\u00e2mites judiciais transcorrem nas diversas inst\u00e2ncias judiciais. Foi de Barroso um dos seis votos que, no \u00faltimo dia 5, negou a concess\u00e3o de habeas corpus que teria evitado a pris\u00e3o de Lula.<\/p>\n<p>\u201cA \u00faltima do Lu\u00eds Roberto Barroso, entre tantas idiotices que ele \u00e9 capaz de produzir, \u00e9 a de que \u00e9 papel do Supremo corrigir as escolhas do povo e escolher pelo povo brasileiro. O que ele disse, literalmente: \u2018O Supremo j\u00e1 est\u00e1 separando o trigo, mas tem gente que insiste no joio\u2019. \u00c9 com base nesse tido de sentimento, de entendimento, que ele ajudou a colocar o presidente Lula atr\u00e1s das grandes\u201d, acrescentou o deputado.<\/p>\n<p>Para Wadih, o pr\u00f3prio STF deveria trocar de composi\u00e7\u00e3o e ser remodelado. \u201cN\u00f3s temos que redesenhar o Judici\u00e1rio e o papel do Supremo Tribunal Federal. Tem que fechar o Supremo Tribunal Federal. N\u00f3s temos que criar uma corte constitucional, de guarda exclusiva da Constitui\u00e7\u00e3o, com seus membros detentores da mandato. N\u00f3s temos que evitar que gente como Roberto Barroso tenha o poder de ditar os rumos do processo eleitoral, da escolha popular, da democracia brasileira\u201d, sugere o parlamentar.<\/p>\n<p>\u201cN\u00e3o foi para isso que essa turma foi colocada l\u00e1\u201d, acrescentou Wadih, que estudou com Barroso na faculdade de Direito da Universidade do Estado do Rio de Janeiro (Uerj), mas sempre esteve em campo pol\u00edtico oposto ao do ministro.A assessoria de Barroso disse ao Congresso em Foco que o ministro est\u00e1 fora de Bras\u00edlia e que seu gabinete no STF n\u00e3o comentaria as declara\u00e7\u00f5es de Wadih.<\/p>\n<p><strong>CARIRI EM A\u00c7\u00c3O<\/strong><\/p>\n<p><em>Com Pol\u00eamica Para\u00edba\/Foto: Reprodu\u00e7\u00e3o Internet<\/em><\/p>\n<p><strong>Leia mais not\u00edcias em\u00a0<\/strong><a href=\"http:\/\/www.caririemacao.com\/\"><strong>caririemacao.com<\/strong><\/a><strong>, siga nossa p\u00e1gina no\u00a0<\/strong><a href=\"https:\/\/www.facebook.com\/CaririEmAcao\/?ref=aymt_homepage_panel\"><strong>Facebook<\/strong><\/a>,<strong>\u00a0<\/strong><a href=\"https:\/\/www.instagram.com\/cariri_em_acao\/?hl=pt-br\"><strong>Instagram<\/strong><\/a><strong>\u00a0e <\/strong><a href=\"https:\/\/www.youtube.com\/channel\/UCAptA0jQuYQy8vMhLt2m4qg\"><strong>Youtube<\/strong><\/a><strong>\u00a0e veja nossas mat\u00e9rias, v\u00eddeos e fotos. Voc\u00ea tamb\u00e9m pode enviar informa\u00e7\u00f5es \u00e0 Reda\u00e7\u00e3o do Portal Cariri em A\u00e7\u00e3o pelo WhatsApp (83) 9 9634.5791, (83) 9 9601-1162.<\/strong><\/p>\n","protected":false},"excerpt":{"rendered":"<p>Ex-presidente da Ordem dos Advogados do Brasil no Rio de Janeiro (OAB-RJ), o deputado federal Wadih Damous (PT-RJ) gravou um v\u00eddeo e o veiculou no&hellip; <\/p>\n","protected":false},"author":2,"featured_media":47721,"comment_status":"closed","ping_status":"closed","sticky":false,"template":"","format":"standard","meta":{"sfsi_plus_gutenberg_text_before_share":"","sfsi_plus_gutenberg_show_text_before_share":"","sfsi_plus_gutenberg_icon_type":"","sfsi_plus_gutenberg_icon_alignemt":"","sfsi_plus_gutenburg_max_per_row":"","footnotes":""},"categories":[11],"tags":[],"class_list":["post-47720","post","type-post","status-publish","format-standard","has-post-thumbnail","hentry","category-politica"],"_links":{"self":[{"href":"https:\/\/www.caririemacao.com\/1\/wp-json\/wp\/v2\/posts\/47720","targetHints":{"allow":["GET"]}}],"collection":[{"href":"https:\/\/www.caririemacao.com\/1\/wp-json\/wp\/v2\/posts"}],"about":[{"href":"https:\/\/www.caririemacao.com\/1\/wp-json\/wp\/v2\/types\/post"}],"author":[{"embeddable":true,"href":"https:\/\/www.caririemacao.com\/1\/wp-json\/wp\/v2\/users\/2"}],"replies":[{"embeddable":true,"href":"https:\/\/www.caririemacao.com\/1\/wp-json\/wp\/v2\/comments?post=47720"}],"version-history":[{"count":0,"href":"https:\/\/www.caririemacao.com\/1\/wp-json\/wp\/v2\/posts\/47720\/revisions"}],"wp:featuredmedia":[{"embeddable":true,"href":"https:\/\/www.caririemacao.com\/1\/wp-json\/wp\/v2\/media\/47721"}],"wp:attachment":[{"href":"https:\/\/www.caririemacao.com\/1\/wp-json\/wp\/v2\/media?parent=47720"}],"wp:term":[{"taxonomy":"category","embeddable":true,"href":"https:\/\/www.caririemacao.com\/1\/wp-json\/wp\/v2\/categories?post=47720"},{"taxonomy":"post_tag","embeddable":true,"href":"https:\/\/www.caririemacao.com\/1\/wp-json\/wp\/v2\/tags?post=47720"}],"curies":[{"name":"wp","href":"https:\/\/api.w.org\/{rel}","templated":true}]}}