{"id":47732,"date":"2018-04-14T21:45:56","date_gmt":"2018-04-15T00:45:56","guid":{"rendered":"http:\/\/caririemacao.com\/1\/?p=47732"},"modified":"2018-04-14T21:45:56","modified_gmt":"2018-04-15T00:45:56","slug":"pelo-menos-35-presos-fogem-de-presidio-recem-inaugurado","status":"publish","type":"post","link":"https:\/\/www.caririemacao.com\/1\/2018\/04\/14\/pelo-menos-35-presos-fogem-de-presidio-recem-inaugurado\/","title":{"rendered":"Pelo menos 35 presos fogem de pres\u00eddio rec\u00e9m-inaugurado"},"content":{"rendered":"<div>Pelo menos 35 presos fugiram do pres\u00eddio Professor Jos\u00e9 Sobreira de Amorim, o mais novo do Cear\u00e1, localizado em Itaitinga.\u00a0Os fugitivos serraram grades de uma cela e deixaram o local na madrugada desta \u00faltima sexta-feira (13).<\/div>\n<div><\/div>\n<div>Segundo a Secretaria da Justi\u00e7a do Cear\u00e1 (Sejus), respons\u00e1vel pelo sistema prisional no Estado, a contagem dos presos estava sendo feita nesta sexta-feira, e, por enquanto, o n\u00famero \u00e9 de 35 fugas.<\/div>\n<div><\/div>\n<div>No entanto, de acordo com Cl\u00e1udio Justa, o presidente do Conselho Penitenci\u00e1rio do Estado do Cear\u00e1 (Copen), o n\u00famero de fugitivos \u00e9 maior.<\/div>\n<div><\/div>\n<div>\u201cAinda est\u00e1 no procedimento de contagem, mas a estimativa \u00e9 que 50 presos fugiram do pres\u00eddio na magrugada desta sexta-feira. Tivemos um problema na contagem porque o sistema que tem o cadastro de cada preso ficou fora do ar. Essa fuga foi muito bem planejada, porque foi tudo muito silencioso. Nem os agentes penitenci\u00e1rios perceberam\u201d, declarou.<\/div>\n<div><\/div>\n<div>Agentes penitenci\u00e1rios perceberam a fuga na manh\u00e3 desta sexta-feira. No local, foram encontradas serras usadas para destruir as grades.<\/div>\n<div>\n<p><strong>CARIRI EM A\u00c7\u00c3O<\/strong><\/p>\n<p><em>Com Para\u00edba\u00a0Debate\/Foto: Reprodu\u00e7\u00e3o Internet<\/em><\/p>\n<p><strong>Leia mais not\u00edcias em\u00a0<\/strong><a href=\"http:\/\/www.caririemacao.com\/\"><strong>caririemacao.com<\/strong><\/a><strong>, siga nossa p\u00e1gina no\u00a0<\/strong><a href=\"https:\/\/www.facebook.com\/CaririEmAcao\/?ref=aymt_homepage_panel\"><strong>Facebook<\/strong><\/a>,<strong>\u00a0<\/strong><a href=\"https:\/\/www.instagram.com\/cariri_em_acao\/?hl=pt-br\"><strong>Instagram<\/strong><\/a><strong>\u00a0e <\/strong><a href=\"https:\/\/www.youtube.com\/channel\/UCAptA0jQuYQy8vMhLt2m4qg\"><strong>Youtube<\/strong><\/a><strong>\u00a0e veja nossas mat\u00e9rias, v\u00eddeos e fotos. Voc\u00ea tamb\u00e9m pode enviar informa\u00e7\u00f5es \u00e0 Reda\u00e7\u00e3o do Portal Cariri em A\u00e7\u00e3o pelo WhatsApp (83) 9 9634.5791, (83) 9 9601-1162.<\/strong><\/p>\n<\/div>\n","protected":false},"excerpt":{"rendered":"<p>Pelo menos 35 presos fugiram do pres\u00eddio Professor Jos\u00e9 Sobreira de Amorim, o mais novo do Cear\u00e1, localizado em Itaitinga.\u00a0Os fugitivos serraram grades de uma&hellip; <\/p>\n","protected":false},"author":2,"featured_media":47733,"comment_status":"closed","ping_status":"closed","sticky":false,"template":"","format":"standard","meta":{"sfsi_plus_gutenberg_text_before_share":"","sfsi_plus_gutenberg_show_text_before_share":"","sfsi_plus_gutenberg_icon_type":"","sfsi_plus_gutenberg_icon_alignemt":"","sfsi_plus_gutenburg_max_per_row":"","footnotes":""},"categories":[12],"tags":[],"class_list":["post-47732","post","type-post","status-publish","format-standard","has-post-thumbnail","hentry","category-policia"],"_links":{"self":[{"href":"https:\/\/www.caririemacao.com\/1\/wp-json\/wp\/v2\/posts\/47732","targetHints":{"allow":["GET"]}}],"collection":[{"href":"https:\/\/www.caririemacao.com\/1\/wp-json\/wp\/v2\/posts"}],"about":[{"href":"https:\/\/www.caririemacao.com\/1\/wp-json\/wp\/v2\/types\/post"}],"author":[{"embeddable":true,"href":"https:\/\/www.caririemacao.com\/1\/wp-json\/wp\/v2\/users\/2"}],"replies":[{"embeddable":true,"href":"https:\/\/www.caririemacao.com\/1\/wp-json\/wp\/v2\/comments?post=47732"}],"version-history":[{"count":0,"href":"https:\/\/www.caririemacao.com\/1\/wp-json\/wp\/v2\/posts\/47732\/revisions"}],"wp:featuredmedia":[{"embeddable":true,"href":"https:\/\/www.caririemacao.com\/1\/wp-json\/wp\/v2\/media\/47733"}],"wp:attachment":[{"href":"https:\/\/www.caririemacao.com\/1\/wp-json\/wp\/v2\/media?parent=47732"}],"wp:term":[{"taxonomy":"category","embeddable":true,"href":"https:\/\/www.caririemacao.com\/1\/wp-json\/wp\/v2\/categories?post=47732"},{"taxonomy":"post_tag","embeddable":true,"href":"https:\/\/www.caririemacao.com\/1\/wp-json\/wp\/v2\/tags?post=47732"}],"curies":[{"name":"wp","href":"https:\/\/api.w.org\/{rel}","templated":true}]}}