{"id":47740,"date":"2018-04-14T22:03:22","date_gmt":"2018-04-15T01:03:22","guid":{"rendered":"http:\/\/caririemacao.com\/1\/?p=47740"},"modified":"2018-04-14T22:03:22","modified_gmt":"2018-04-15T01:03:22","slug":"secretaria-de-obras-publicas-realiza-manutencao-da-rede-de-esgoto-em-caraubas","status":"publish","type":"post","link":"https:\/\/www.caririemacao.com\/1\/2018\/04\/14\/secretaria-de-obras-publicas-realiza-manutencao-da-rede-de-esgoto-em-caraubas\/","title":{"rendered":"Secretaria de Obras P\u00fablicas realiza manuten\u00e7\u00e3o da rede de esgoto, em Cara\u00fabas"},"content":{"rendered":"<div>\n<p>A Secretaria de Obras P\u00fablicas e Servi\u00e7os Urbanos da Prefeitura Municipal de Cara\u00fabas vem realizando a manuten\u00e7\u00e3o peri\u00f3dica dos esgotos existentes na cidade de Cara\u00fabas e que tem causado transtornos \u00e0 popula\u00e7\u00e3o e ao munic\u00edpio. De acordo com o secret\u00e1rio Jos\u00e9 Marcelo Neves os problemas de infraestrutura existentes impedem de uma a\u00e7\u00e3o mais eficiente dos agentes da SOPSUR.<\/p>\n<p>Ao assumirmos a secretaria tivemos a preocupa\u00e7\u00e3o de tentar localizar os documentos existentes e nos deparamos com uma situa\u00e7\u00e3o triste. A secretaria de Obras P\u00fablicas e Servi\u00e7os Urbanos nem pr\u00e9dio para seu funcionamento existia. A inexist\u00eancia de qualquer bem p\u00fablico muito menos. Por determina\u00e7\u00e3o do prefeito Silvano Dudu, nos instalamos provisoriamente num dos pr\u00e9dios abandonados pelas gest\u00f5es que nos antecederam.<\/p>\n<p>Passado esse primeiro ano de gest\u00e3o, verificou-se a necessidade de instala\u00e7\u00e3o da secretaria e seus departamentos em local adequado e infraestrutura necess\u00e1ria. O prefeito atendeu nosso pedido e hoje funcionamos em um im\u00f3vel alugado com computadores instalados e de f\u00e1cil localiza\u00e7\u00e3o, disse Marcelo.<\/p>\n<p>H\u00e1 muito tempo que a popula\u00e7\u00e3o reclamava de determinados esgotos estourados e correndo a c\u00e9u aberto em ruas e becos. Depois de ter concertado dezenas deles, realizamos o concerto do esgoto que fica ao lado do cemit\u00e9rio p\u00fablico. Uma obra importante como esta que vai trazer sa\u00fade e qualidade de vida para nossa popula\u00e7\u00e3o, afirmou o secret\u00e1rio.<\/p>\n<p>Segundo Marcelo, o problema em definitivo do esgotamento da cidade ser\u00e1 resolvido quando da conclus\u00e3o das obras de constru\u00e7\u00e3o da Esta\u00e7\u00e3o de Tratamento do Esgotamento Sanit\u00e1rio do munic\u00edpio fato este j\u00e1 em andamento pelo Governo do Estado da Para\u00edba. Na edi\u00e7\u00e3o do \u00faltimo dia 28 de Mar\u00e7o de 2018 o Di\u00e1rio Oficial publicou o Decreto n\u00ba. 38.190, de 27\/03\/2018, que desapropria o im\u00f3vel para constru\u00e7\u00e3o da mencionada esta\u00e7\u00e3o de tratamento.<\/p>\n<\/div>\n<div><strong>CARIRI EM A\u00c7\u00c3O<\/strong><\/div>\n<div>\n<p><em>Com Seplacom \/Foto: Divulga\u00e7\u00e3o \u00a0<\/em><\/p>\n<p><strong>Leia mais not\u00edcias em\u00a0<\/strong><a href=\"http:\/\/www.caririemacao.com\/\"><strong>caririemacao.com<\/strong><\/a><strong>, siga nossa p\u00e1gina no\u00a0<\/strong><a href=\"https:\/\/www.facebook.com\/CaririEmAcao\/?ref=aymt_homepage_panel\"><strong>Facebook<\/strong><\/a>,<strong>\u00a0<\/strong><a href=\"https:\/\/www.instagram.com\/cariri_em_acao\/?hl=pt-br\"><strong>Instagram<\/strong><\/a><strong>\u00a0e <\/strong><a href=\"https:\/\/www.youtube.com\/channel\/UCAptA0jQuYQy8vMhLt2m4qg\"><strong>Youtube<\/strong><\/a><strong>\u00a0e veja nossas mat\u00e9rias, v\u00eddeos e fotos. Voc\u00ea tamb\u00e9m pode enviar informa\u00e7\u00f5es \u00e0 Reda\u00e7\u00e3o do Portal Cariri em A\u00e7\u00e3o pelo WhatsApp (83) 9 9634.5791, (83) 9 9601-1162.<\/strong><\/p>\n<\/div>\n","protected":false},"excerpt":{"rendered":"<p>A Secretaria de Obras P\u00fablicas e Servi\u00e7os Urbanos da Prefeitura Municipal de Cara\u00fabas vem realizando a manuten\u00e7\u00e3o peri\u00f3dica dos esgotos existentes na cidade de Cara\u00fabas&hellip; <\/p>\n","protected":false},"author":2,"featured_media":47741,"comment_status":"closed","ping_status":"closed","sticky":false,"template":"","format":"standard","meta":{"sfsi_plus_gutenberg_text_before_share":"","sfsi_plus_gutenberg_show_text_before_share":"","sfsi_plus_gutenberg_icon_type":"","sfsi_plus_gutenberg_icon_alignemt":"","sfsi_plus_gutenburg_max_per_row":"","footnotes":""},"categories":[6],"tags":[],"class_list":["post-47740","post","type-post","status-publish","format-standard","has-post-thumbnail","hentry","category-cidades"],"_links":{"self":[{"href":"https:\/\/www.caririemacao.com\/1\/wp-json\/wp\/v2\/posts\/47740","targetHints":{"allow":["GET"]}}],"collection":[{"href":"https:\/\/www.caririemacao.com\/1\/wp-json\/wp\/v2\/posts"}],"about":[{"href":"https:\/\/www.caririemacao.com\/1\/wp-json\/wp\/v2\/types\/post"}],"author":[{"embeddable":true,"href":"https:\/\/www.caririemacao.com\/1\/wp-json\/wp\/v2\/users\/2"}],"replies":[{"embeddable":true,"href":"https:\/\/www.caririemacao.com\/1\/wp-json\/wp\/v2\/comments?post=47740"}],"version-history":[{"count":0,"href":"https:\/\/www.caririemacao.com\/1\/wp-json\/wp\/v2\/posts\/47740\/revisions"}],"wp:featuredmedia":[{"embeddable":true,"href":"https:\/\/www.caririemacao.com\/1\/wp-json\/wp\/v2\/media\/47741"}],"wp:attachment":[{"href":"https:\/\/www.caririemacao.com\/1\/wp-json\/wp\/v2\/media?parent=47740"}],"wp:term":[{"taxonomy":"category","embeddable":true,"href":"https:\/\/www.caririemacao.com\/1\/wp-json\/wp\/v2\/categories?post=47740"},{"taxonomy":"post_tag","embeddable":true,"href":"https:\/\/www.caririemacao.com\/1\/wp-json\/wp\/v2\/tags?post=47740"}],"curies":[{"name":"wp","href":"https:\/\/api.w.org\/{rel}","templated":true}]}}